{"id":214216,"date":"2025-06-29T21:42:08","date_gmt":"2025-06-29T21:42:08","guid":{"rendered":"https:\/\/www.europesays.com\/fr\/214216\/"},"modified":"2025-06-29T21:42:08","modified_gmt":"2025-06-29T21:42:08","slug":"le-salon-du-livre-doccasion-fait-son-retour-apres-cinq-ans-de-hiatus","status":"publish","type":"post","link":"https:\/\/www.europesays.com\/fr\/214216\/","title":{"rendered":"le Salon du Livre d\u2019occasion fait son retour apr\u00e8s cinq ans de hiatus"},"content":{"rendered":"<p>\t\t\t\t\t La canicule s\u00e9vissant \u00e0 Casablanca et ailleurs au Royaume samedi dernier a rendu le Boulevard Modibo Keita (Al Fida) presque vide de passants. Certains se r\u00e9fugient \u00e0 l\u2019abri des caf\u00e9s tandis que d\u2019autres se tiennent \u00e0 l\u2019ombre dans l\u2019attente d\u2019un bus mis\u00e9ricordieusement climatis\u00e9. <\/p>\n<p>Ceci n\u2019a pas emp\u00each\u00e9 les bouquinistes de la plus grande ville du pays d\u2019installer leurs stands au long du coll\u00e8ge Ghazali, emplacement choisi pour cette 13\u00e8me \u00e9dition du Festival du Livre d\u2019occasion, un rendez-vous livresque d\u2019envergure dont le retour a consol\u00e9 les Casaouis apr\u00e8s le d\u00e9m\u00e9nagement du Salon International de l\u2019Edition et du Livre \u00e0 Rabat. <\/p>\n<p>Les visiteurs annuels de longue date, semper fideles, sauraient que le coll\u00e8ge Ghazali n\u2019a pas toujours \u00e9t\u00e9 l\u2019emplacement du Salon. Depuis la cr\u00e9ation du Salon en 2008 et jusqu\u2019en 2017, c\u2019\u00e9tait \u00e0 la Place Sraghna (Mers Sultan) que ce rendez-vous culturel avait lieu. En 2018, le Salon a d\u00e9m\u00e9nag\u00e9 vers Garage Allal puis vers Bouchentouf en 2019. <\/p>\n<p>Puis l\u2019\u00e9pisode COVID est survenu. Pour la premi\u00e8re fois depuis sa cr\u00e9ation, le Salon a \u00e9t\u00e9 interrompu \u00e0 cause de l\u2019\u00e9tat d\u2019urgence sanitaire. Les bouquinistes de Casablanca ont d\u00fb interrompre le Salon pendant cinq ans, soit de 2020 \u00e0 2024. <\/p>\n<p>Cependant, les restrictions dues \u00e0 l\u2019\u00e9tat d\u2019urgence sanitaire n\u2019expliquent pas \u00e0 elle seule un hiatus aussi prolong\u00e9. En effet, les citoyens ont repris le train de la vie normale d\u00e8s d\u00e9but 2022. Pour expliquer cela, Youssef Bourra, pr\u00e9sident de l\u2019Association des Bouquinistes de Casablanca, a aimablement accept\u00e9 de r\u00e9pondre aux questions de la r\u00e9daction. <\/p>\n<p>Selon le pr\u00e9sident de longue date, le confinement \u2013 et ce qui s\u2019en est ensuit comme distanciation physique \u2013 a caus\u00e9 le d\u00e9nouement des liens unissant les bouquinistes membres de l\u2019association. La dislocation de l\u2019association a \u00e9t\u00e9 aggrav\u00e9 par le d\u00e9c\u00e8s de huit membres cl\u00e9s de l\u2019association lors des cinq derni\u00e8res ann\u00e9es, dont notamment les tr\u00e9soriers Abdelhadi Rafiqi (m. 2021) et Mustapha Araba (m. 2025) ainsi que le vice-pr\u00e9sident Abdellah Anhari (m. 2023). Des \u00e9lections sont encore en cours pour remplacer ces membres \u00e0 leurs postes. <\/p>\n<p>Ce n\u2019est donc que cette ann\u00e9e que l\u2019association a pu reprendre l\u2019organisation du Festival qu\u2019elle a pein\u00e9 \u00e0 mettre en place. Un des bouquinistes qui n\u2019a pas souhait\u00e9 rendre son nom public a indiqu\u00e9 que les d\u00e9marches administratives ad hoc ont occup\u00e9 le pr\u00e9sident depuis f\u00e9vrier dernier, et le contraignaient maintes fois \u00e0 fermer sa boutique pendant ses heures r\u00e9guli\u00e8res de travail pour s\u2019en charger. <\/p>\n<p>Jaouad, un autre bouquiniste, d\u00e9plore le peu d\u2019int\u00e9r\u00eat que les autorit\u00e9s accordent \u00e0 leur profession et aux manifestations culturelles organis\u00e9es par son corps de m\u00e9tier. Selon lui, les autorit\u00e9s municipales et \u00e9tatiques penseraient que ce Festival n\u2019est rien d\u2019autre qu\u2019une banale foire marchande, alors que son m\u00e9tier est vital pour l\u2019acc\u00e8s au livre et \u00e0 la culture \u00e0 petit prix, et permet de faire circuler de vieux ouvrages autrement introuvables. <\/p>\n<p>Il a en outre affirm\u00e9 avec la plus grande confiance que, si les autorit\u00e9s mettaient \u00e0 disposition les ressources dont il avait besoin, il pourrait g\u00e9rer non pas un mais dix stands, d\u00e9montrant sa volont\u00e9 de promouvoir le livre d\u2019occasion et de participer \u00e0 la d\u00e9mocratisation de la culture litt\u00e9raire. <\/p>\n<p>La 13\u00e8me \u00e9dition du Salon du Livre d\u2019Occasion se poursuivra jusqu\u2019au 10 juillet prochain: une occasion pour les Casaouis et les gens de passage de fouiller les tas d&rsquo;ouvrages expos\u00e9s pour se procurer un livre de chevet ou un tome plus volumineux.\n\t\t\t\t <\/p>\n","protected":false},"excerpt":{"rendered":"La canicule s\u00e9vissant \u00e0 Casablanca et ailleurs au Royaume samedi dernier a rendu le Boulevard Modibo Keita (Al&hellip;\n","protected":false},"author":2,"featured_media":214217,"comment_status":"","ping_status":"","sticky":false,"template":"","format":"standard","meta":{"footnotes":""},"categories":[1357],"tags":[11,5024,5025,5026,258,5028,1659,1379,5029,5027,251,58,33,2518,59,1283,1011,27,1757,1380,1393,985,316,104,517,5030],"class_list":{"0":"post-214216","1":"post","2":"type-post","3":"status-publish","4":"format-standard","5":"has-post-thumbnail","7":"category-livres","8":"tag-actualites","9":"tag-actualites-et-infos-au-maroc","10":"tag-actualites-et-infos-mondiale","11":"tag-actualites-marocaines-du-jour","12":"tag-alimentation","13":"tag-analyses","14":"tag-art-de-vivre","15":"tag-books","16":"tag-chronique","17":"tag-consommation-et-bien-etre","18":"tag-culture","19":"tag-divertissement","20":"tag-economie","21":"tag-edito","22":"tag-entertainment","23":"tag-etudes","24":"tag-fr","25":"tag-france","26":"tag-insolite","27":"tag-livres","28":"tag-loisirs","29":"tag-mode","30":"tag-politique","31":"tag-societe","32":"tag-sport","33":"tag-tribune"},"share_on_mastodon":{"url":"https:\/\/pubeurope.com\/@fr\/114768834994697288","error":""},"_links":{"self":[{"href":"https:\/\/www.europesays.com\/fr\/wp-json\/wp\/v2\/posts\/214216","targetHints":{"allow":["GET"]}}],"collection":[{"href":"https:\/\/www.europesays.com\/fr\/wp-json\/wp\/v2\/posts"}],"about":[{"href":"https:\/\/www.europesays.com\/fr\/wp-json\/wp\/v2\/types\/post"}],"author":[{"embeddable":true,"href":"https:\/\/www.europesays.com\/fr\/wp-json\/wp\/v2\/users\/2"}],"replies":[{"embeddable":true,"href":"https:\/\/www.europesays.com\/fr\/wp-json\/wp\/v2\/comments?post=214216"}],"version-history":[{"count":0,"href":"https:\/\/www.europesays.com\/fr\/wp-json\/wp\/v2\/posts\/214216\/revisions"}],"wp:featuredmedia":[{"embeddable":true,"href":"https:\/\/www.europesays.com\/fr\/wp-json\/wp\/v2\/media\/214217"}],"wp:attachment":[{"href":"https:\/\/www.europesays.com\/fr\/wp-json\/wp\/v2\/media?parent=214216"}],"wp:term":[{"taxonomy":"category","embeddable":true,"href":"https:\/\/www.europesays.com\/fr\/wp-json\/wp\/v2\/categories?post=214216"},{"taxonomy":"post_tag","embeddable":true,"href":"https:\/\/www.europesays.com\/fr\/wp-json\/wp\/v2\/tags?post=214216"}],"curies":[{"name":"wp","href":"https:\/\/api.w.org\/{rel}","templated":true}]}}