{"id":21422,"date":"2025-04-13T05:10:11","date_gmt":"2025-04-13T05:10:11","guid":{"rendered":"https:\/\/www.europesays.com\/fr\/21422\/"},"modified":"2025-04-13T05:10:11","modified_gmt":"2025-04-13T05:10:11","slug":"lue-ouvre-une-enquete-contre-le-reseau-social-x","status":"publish","type":"post","link":"https:\/\/www.europesays.com\/fr\/21422\/","title":{"rendered":"L\u2019UE ouvre une enqu\u00eate contre le r\u00e9seau social X"},"content":{"rendered":"<p><strong>JUSTICE &#8211; La plateforme d\u2019Elon Musk aurait continu\u00e9 \u00e0 utiliser des donn\u00e9es personnelles pour entra\u00eener ses mod\u00e8les d\u2019intelligence artificielle, notamment Grok<\/strong><\/p>\n<p><a href=\"https:\/\/x.com\/DPCIreland\" rel=\"nofollow noopener\" target=\"_blank\" data-ylk=\"slk:L\u2019autorit\u00e9 irlandaise de protection des donn\u00e9es;elm:context_link;itc:0;sec:content-canvas\" class=\"link \">L\u2019autorit\u00e9 irlandaise de protection des donn\u00e9es<\/a> (DPC), qui agit au nom de l\u2019Union europ\u00e9enne, a ouvert ce vendredi une enqu\u00eate sur l\u2019utilisation de donn\u00e9es personnelles <a href=\"https:\/\/www.20minutes.fr\/high-tech\/twitter\/\" rel=\"nofollow noopener\" target=\"_blank\" data-ylk=\"slk:par le r\u00e9seau social X;elm:context_link;itc:0;sec:content-canvas\" class=\"link \">par le r\u00e9seau social X<\/a> pour entra\u00eener ses mod\u00e8les d\u2019Intelligence artificielle (IA), en particulier <a href=\"https:\/\/www.20minutes.fr\/high-tech\/4139030-20250216-quoi-grok-3-ia-developpee-elon-musk\" rel=\"nofollow noopener\" target=\"_blank\" data-ylk=\"slk:Grok;elm:context_link;itc:0;sec:content-canvas\" class=\"link \">Grok<\/a>.<\/p>\n<p>L\u2019enqu\u00eate porte sur les \u00ab <a href=\"https:\/\/www.20minutes.fr\/dossier\/donnees_personnelles\" rel=\"nofollow noopener\" target=\"_blank\" data-ylk=\"slk:donn\u00e9es personnelles;elm:context_link;itc:0;sec:content-canvas\" class=\"link \">donn\u00e9es personnelles<\/a> incluses dans les publications accessibles au public mises en ligne sur la plateforme de r\u00e9seaux sociaux X par les utilisateurs \u00bb de l\u2019Union Europ\u00e9enne et de l\u2019Espace \u00e9conomique europ\u00e9en, a pr\u00e9cis\u00e9 la DPC dans un communiqu\u00e9.<\/p>\n<p>X a continu\u00e9 \u00e0 exploiter certaines donn\u00e9es personnelles<\/p>\n<p>La plateforme X s\u2019\u00e9tait engag\u00e9e en septembre \u00e0 ne plus exploiter certaines donn\u00e9es personnelles de ses utilisateurs europ\u00e9ens pour entra\u00eener <a href=\"https:\/\/www.20minutes.fr\/dossier\/intelligence_artificielle\" rel=\"nofollow noopener\" target=\"_blank\" data-ylk=\"slk:son programme d\u2019intelligence artificielle (IA);elm:context_link;itc:0;sec:content-canvas\" class=\"link \">son programme d\u2019intelligence artificielle (IA)<\/a>. La DPC avait alors annonc\u00e9 qu\u2019une proc\u00e9dure en justice qu\u2019elle avait engag\u00e9e devant la Haute Cour irlandaise dans cette affaire avait \u00e9t\u00e9 retir\u00e9e.<\/p>\n<p>L\u2019annonce de septembre portait sur des donn\u00e9es personnelles exploit\u00e9es entre le 7 mai et le 1er ao\u00fbt de l\u2019an dernier. Mais l\u2019entreprise a continu\u00e9 apr\u00e8s cette date \u00e0 d\u00e9velopper ses mod\u00e8les d\u2019intelligence artificielle.<\/p>\n<p>Examiner la conformit\u00e9 \u00ab avec une s\u00e9rie de dispositions cl\u00e9s du RGPD \u00bb<\/p>\n<p>L\u2019autorit\u00e9 irlandaise examinera donc la conformit\u00e9 de ce d\u00e9veloppement \u00ab avec une s\u00e9rie de dispositions cl\u00e9s du RGPD \u00bb, le r\u00e8glement europ\u00e9en de protection des donn\u00e9es, \u00ab notamment en ce qui concerne la l\u00e9galit\u00e9 et la transparence du traitement \u00bb des informations, ajoute(&#8230;)<\/p>\n<p><a href=\"https:\/\/www.20minutes.fr\/high-tech\/by-the-web\/4148335-20250412-donnees-personnelles-ue-ouvre-enquete-contre-reseau-social-x\" rel=\"nofollow noopener\" target=\"_blank\" data-ylk=\"slk:Lire la suite sur 20minutes;elm:context_link;itc:0;sec:content-canvas\" class=\"link \">Lire la suite sur 20minutes<\/a><\/p>\n<p>\u00c0 lire aussi :<br \/><a href=\"https:\/\/www.20minutes.fr\/high-tech\/by-the-web\/4105536-20240812-reseau-social-x-vise-huit-plaintes-europe-utilisation-illegale-donnees-personnelles\" rel=\"nofollow noopener\" target=\"_blank\" data-ylk=\"slk:Le r\u00e9seau social X vis\u00e9 par huit plaintes en Europe pour utilisation \u00ab ill\u00e9gale \u00bb des donn\u00e9es personnelles;elm:context_link;itc:0;sec:content-canvas\" class=\"link \">Le r\u00e9seau social X vis\u00e9 par huit plaintes en Europe pour utilisation \u00ab ill\u00e9gale \u00bb des donn\u00e9es personnelles<\/a><br \/><a href=\"https:\/\/www.20minutes.fr\/high-tech\/4139307-20250218-etats-unis-elon-musk-presente-grok-3-logiciel-ia-rivaliser-chatgpt-deepseek\" rel=\"nofollow noopener\" target=\"_blank\" data-ylk=\"slk:Etats-Unis : Elon Musk pr\u00e9sente son logiciel d\u2019IA \u00ab Grok 3 \u00bb pour rivaliser avec ChatGPT et DeepSeek;elm:context_link;itc:0;sec:content-canvas\" class=\"link \">Etats-Unis : Elon Musk pr\u00e9sente son logiciel d\u2019IA \u00ab Grok 3 \u00bb pour rivaliser avec ChatGPT et DeepSeek<\/a><\/p>\n","protected":false},"excerpt":{"rendered":"JUSTICE &#8211; La plateforme d\u2019Elon Musk aurait continu\u00e9 \u00e0 utiliser des donn\u00e9es personnelles pour entra\u00eener ses mod\u00e8les d\u2019intelligence&hellip;\n","protected":false},"author":2,"featured_media":21423,"comment_status":"","ping_status":"","sticky":false,"template":"","format":"standard","meta":{"footnotes":""},"categories":[1586],"tags":[11,654,1777,674,1779,1011,27,8016,8017,3997,12,8015,25,1778,364,8018],"class_list":{"0":"post-21422","1":"post","2":"type-post","3":"status-publish","4":"format-standard","5":"has-post-thumbnail","7":"category-europe","8":"tag-actualites","9":"tag-donnees-personnelles","10":"tag-eu","11":"tag-europe","12":"tag-european-union","13":"tag-fr","14":"tag-france","15":"tag-lespace-economique-europeen","16":"tag-la-plateforme","17":"tag-musk","18":"tag-news","19":"tag-protection-des-donnees","20":"tag-republique-francaise","21":"tag-ue","22":"tag-union-europeenne","23":"tag-x-internet-unlimited-company"},"share_on_mastodon":{"url":"https:\/\/pubeurope.com\/@fr\/114328936405312512","error":""},"_links":{"self":[{"href":"https:\/\/www.europesays.com\/fr\/wp-json\/wp\/v2\/posts\/21422","targetHints":{"allow":["GET"]}}],"collection":[{"href":"https:\/\/www.europesays.com\/fr\/wp-json\/wp\/v2\/posts"}],"about":[{"href":"https:\/\/www.europesays.com\/fr\/wp-json\/wp\/v2\/types\/post"}],"author":[{"embeddable":true,"href":"https:\/\/www.europesays.com\/fr\/wp-json\/wp\/v2\/users\/2"}],"replies":[{"embeddable":true,"href":"https:\/\/www.europesays.com\/fr\/wp-json\/wp\/v2\/comments?post=21422"}],"version-history":[{"count":0,"href":"https:\/\/www.europesays.com\/fr\/wp-json\/wp\/v2\/posts\/21422\/revisions"}],"wp:featuredmedia":[{"embeddable":true,"href":"https:\/\/www.europesays.com\/fr\/wp-json\/wp\/v2\/media\/21423"}],"wp:attachment":[{"href":"https:\/\/www.europesays.com\/fr\/wp-json\/wp\/v2\/media?parent=21422"}],"wp:term":[{"taxonomy":"category","embeddable":true,"href":"https:\/\/www.europesays.com\/fr\/wp-json\/wp\/v2\/categories?post=21422"},{"taxonomy":"post_tag","embeddable":true,"href":"https:\/\/www.europesays.com\/fr\/wp-json\/wp\/v2\/tags?post=21422"}],"curies":[{"name":"wp","href":"https:\/\/api.w.org\/{rel}","templated":true}]}}