{"id":214223,"date":"2025-06-29T21:46:12","date_gmt":"2025-06-29T21:46:12","guid":{"rendered":"https:\/\/www.europesays.com\/fr\/214223\/"},"modified":"2025-06-29T21:46:12","modified_gmt":"2025-06-29T21:46:12","slug":"le-tep-scan-une-voiture-sans-moteur-ou-presque","status":"publish","type":"post","link":"https:\/\/www.europesays.com\/fr\/214223\/","title":{"rendered":"Le Tep-scan, \u00ab une voiture sans moteur \u00bb ou presque"},"content":{"rendered":"<p><img decoding=\"async\" loading=\"lazy\" class=\"alignnone size-full wp-image-465907\" src=\"https:\/\/www.europesays.com\/fr\/wp-content\/uploads\/2025\/06\/Tep-Scan-1.jpg\" alt=\"\" width=\"800\" height=\"512\"  \/><\/p>\n<p><strong>Inaugur\u00e9 ce vendredi au CHPF, le Tep-scan porte les espoirs de diagnostic pr\u00e9coce et de traitement au fenua des malades du cancer, et aussi les espoirs d\u2019\u00e9conomies sur les d\u00e9penses de sant\u00e9. Mais il ne peut \u00eatre appliqu\u00e9 qu\u2019au seul cancer de la prostate tant que le cyclotron n\u2019est pas install\u00e9. Pas avant 2026, si tout se d\u00e9roule comme pr\u00e9vu et que le service de m\u00e9decine isotopique est install\u00e9 dans ses nouveaux locaux.<\/strong><\/p>\n<p>Le Tep-scan du CHPF, attendu depuis 2017, a \u00e9t\u00e9 inaugur\u00e9 ce vendredi. C\u2019est un premier pas dans la mise \u00e0 niveau de la lutte contre le cancer au fenua : cet appareil ultra-moderne d\u2019imagerie m\u00e9dicale nucl\u00e9aire permet de d\u00e9tecter les cancers de mani\u00e8re extr\u00eamement pr\u00e9cise. \u00a0On utilise aussi l\u2019expressioln \u00ab\u00a0imagerie mol\u00e9culaire\u00a0\u00bb pour d\u00e9crire le ciblage que fait un Tep-scan, explique le Dr Olivier Couturier, responsable du service de m\u00e9decine isotopique au CHPF : \u00ab\u00a0S\u2019il y a une seule r\u00e9volution de la m\u00e9decine au XXIe si\u00e8cle \u00e0 retenir, c\u2019est la biologie mol\u00e9culaire. \u00c7a a d\u00e9j\u00e0 tout chang\u00e9, \u00e7a change les traitements, et \u00e7a change aussi la fa\u00e7on de faire les diagnostics. On est dans l\u2019infiniment petit, et donc on peut voir des images de fa\u00e7on tr\u00e8s performante et sensible parce que la lumi\u00e8re qu\u2019on va \u00e9mettre est suffisamment forte pour qu\u2019elle puisse se voir m\u00eame si la l\u00e9sion est toute petite.\u00a0\u00bb<\/p>\n<p><a href=\"https:\/\/www.radio1.pf\/cms\/wp-content\/uploads\/2025\/06\/TEP-SCAN-OLIVIER-COUTURIER-01-NEW.wav\" rel=\"nofollow noopener\" target=\"_blank\">https:\/\/www.radio1.pf\/cms\/wp-content\/uploads\/2025\/06\/TEP-SCAN-OLIVIER-COUTURIER-01-NEW.wav<\/a><\/p>\n<p>Mais, pour l\u2019instant, cette machine de 250 millions de Fcfp ne peut pas tourner \u00e0 pleine puissance. Car le CHPF ne dispose actuellement que d\u2019un seul isotope, le gallium \u2013 le marqueur radioactif qui fait ressortir les cancers de la prostate. Les isotopes ont une faible dur\u00e9e de vie, trop courte pour les importer. Si bien que sans le cyclotron, cet acc\u00e9l\u00e9rateur de particules qui peut produire les marqueurs d\u2019autres cancers, le Tep-scan est un peu comme \u00ab\u00a0une voiture sans moteur, dit le m\u00e9decin. Je ne le dis pas pour faire pol\u00e9mique, mais on est limit\u00e9. Je le dis pour que les patients n\u2019attendent pas de nous qu\u2019on puisse r\u00e9pondre tout de suite \u00e0 la prise en charge du cancer du sein, de l\u2019endom\u00e8tre, du poumon\u2026\u00a0\u00bb<\/p>\n<p><img decoding=\"async\" loading=\"lazy\" class=\"alignnone size-full wp-image-465908\" src=\"https:\/\/www.europesays.com\/fr\/wp-content\/uploads\/2025\/06\/Tep-Scan-2.jpg\" alt=\"\" width=\"800\" height=\"512\"  \/><\/p>\n<p><strong>Pas avant fin 2026 pour donner toute sa mesure<\/strong><\/p>\n<p>Ce cyclotron, dit le ministre de la Sant\u00e9 C\u00e9dric Mercadal, sera command\u00e9 l\u2019ann\u00e9e prochaine, mais il ne s\u2019aventure pas \u00e0 donner de date de livraison ou d\u2019installation dans les nouveaux locaux. Entre le Covid, les assurances donn\u00e9es par Emmanuel Macron lors de sa visite en 2021, les p\u00e9rip\u00e9ties strat\u00e9giques et financi\u00e8res du plan cancer et de la convention sant\u00e9 \u00c9tat-Pays, les difficult\u00e9s techniques et juridiques autour du <a href=\"https:\/\/www.radio1.pf\/les-travaux-de-la-rotonde-de-lhopital-demarrent-enfin\/\" rel=\"nofollow noopener\" target=\"_blank\">b\u00e2timent en travaux et livrable, para\u00eet-il, fin 2026<\/a>, Hippocrate a de quoi se retourner dans sa tombe. Sans compter que le mat\u00e9riel ne fait pas tout. Un tel service hospitalier, ce sont \u00a0\u00bb des m\u00e9decins nucl\u00e9aires, une denr\u00e9e rare dans le monde de la m\u00e9decine, dit le ministre, des ing\u00e9nieurs nucl\u00e9aires, des pharmaciens nucl\u00e9aires, des manipulateurs radio form\u00e9s\u2026\u00a0\u00bb et si la cr\u00e9ation d\u2019une fonction publique hospitali\u00e8re avance au m\u00eame rythme, quand les trouvera-t-on ?<\/p>\n<p>Le Dr Couturier, lui, est press\u00e9 : il est urgent de sortir le service de m\u00e9decine isotopique de locaux \u00ab\u00a0aussi \u00e9triqu\u00e9s, parce que l\u00e0 on n\u2019a que 400 patients pr\u00e9vus par ann\u00e9e. Le jour o\u00f9 il y aura un cyclotron, c\u2019est 4 000 patients. Ce service n\u2019a jamais \u00e9t\u00e9 con\u00e7u pour accueillir le TEP, c\u2019est une solution d\u2019attente qui permet de d\u00e9marrer.\u00a0\u00bb<\/p>\n<p>\u00ab\u00a0On a quand m\u00eame de quoi bosser, dit le Dr Couturier qui rappelle que le cancer de la prostate est le deuxi\u00e8me cancer le plus fr\u00e9quent en Polyn\u00e9sie apr\u00e8s le cancer du sein. En 15 jours, on a fait autant d\u2019examens que la Polyn\u00e9sie n\u2019en demandait en une ann\u00e9e, soit 40 patients. Et donc on a d\u00e9tect\u00e9 d\u2019embl\u00e9e des r\u00e9cidives chez des patients qui avaient eu scanner, IRM, scintillographie osseuse, \u00e0 de multiples reprises. Et donc l\u2019impact sur la prise en charge des patients est \u00e9norme.\u00a0\u00bb <\/p>\n<p><a href=\"https:\/\/www.radio1.pf\/cms\/wp-content\/uploads\/2025\/06\/TEPSCAN-COUTURIER-02-NEW.wav\" rel=\"nofollow noopener\" target=\"_blank\">https:\/\/www.radio1.pf\/cms\/wp-content\/uploads\/2025\/06\/TEPSCAN-COUTURIER-02-NEW.wav<\/a><\/p>\n<p>Vincent Dupont, le directeur adjoint de la CPS, estime que pour les seuls examens de la prostate, ce sont 90 \u00e9vasans annuelles vers la Nouvelle-Z\u00e9lande qui peuvent \u00eatre \u00e9vit\u00e9es. La Polyn\u00e9sie est \u00e0 pr\u00e9sent le seul territoire fran\u00e7ais du Pacifique \u00e0 disposer d\u2019un tel appareil.<\/p>\n<tr>\n<td style=\"width: 100%;\"><strong>Une formation \u00e0 la \u00ab\u00a0radioth\u00e9rapie interne vectoris\u00e9e\u00a0\u00bb pour le Dr Reichart<\/strong><\/p>\n<p><img decoding=\"async\" loading=\"lazy\" class=\"alignnone size-full wp-image-465909\" src=\"https:\/\/www.europesays.com\/fr\/wp-content\/uploads\/2025\/06\/Dr-Reichart-Dr-Couturier.jpg\" alt=\"\" width=\"800\" height=\"512\"  \/><\/p>\n<p>Le Tep-Scan n\u2019est pas seulement un outil de diagnostic, c\u2019est aussi un outil de th\u00e9rapie. De la m\u00eame fa\u00e7on qu\u2019un marqueur peut \u00eatre cibl\u00e9 sur une zone canc\u00e9reuse, on peut y envoyer un traitement, comme la radioth\u00e9rapie interne vectoris\u00e9e. Le Dr Julien Reichart, lui, va donc partir en Australie se former \u00ab\u00a0pour apporter cette innovation dans le pays.\u00a0\u00bb Il part \u00ab\u00a0dans la meilleure boutique du monde, dit le Dr Couturier, le Peter MacCallum Cancer Center \u00e0 Melbourne, avec le Professeur Michael Hoffmann.\u00a0\u00bb Dans les cancers diffus, \u00ab\u00a0on ne peut pas irradier un patient de la t\u00eate aux pieds, parce qu\u2019on va le tuer. Or avec la th\u00e9rapie vectoris\u00e9e, on n\u2019irradie que les cellules canc\u00e9reuses.\u00a0\u00bb<\/p>\n<p>\u00ab\u00a0L\u00e0, c\u2019est \u00e0 l\u2019\u00e9chelle cellulaire, reprend le Dr Reichart, et les rayons ne vont pas forc\u00e9ment traverser les cellules saines, les tissus sains, et le lut\u00e9tium, l\u2019atome radioactif dont on a augment\u00e9 la puissance, \u00e7a va permettre d\u2019irradier directement les cellules canc\u00e9reuses qu\u2019on doit d\u00e9truire. Et du coup limiter les effets secondaires, et sauver des patients tr\u00e8s avanc\u00e9s.\u00a0\u00bb<\/p>\n<p><a href=\"https:\/\/www.radio1.pf\/cms\/wp-content\/uploads\/2025\/06\/TEPSCAN-03-JULIEN-REICHART-NEW.wav\" rel=\"nofollow noopener\" target=\"_blank\">https:\/\/www.radio1.pf\/cms\/wp-content\/uploads\/2025\/06\/TEPSCAN-03-JULIEN-REICHART-NEW.wav<\/a><\/p>\n<\/td>\n<\/tr>\n<p>\u00a0<\/p>\n<p>\u00a0<\/p>\n","protected":false},"excerpt":{"rendered":"Inaugur\u00e9 ce vendredi au CHPF, le Tep-scan porte les espoirs de diagnostic pr\u00e9coce et de traitement au fenua&hellip;\n","protected":false},"author":2,"featured_media":214224,"comment_status":"","ping_status":"","sticky":false,"template":"","format":"standard","meta":{"footnotes":""},"categories":[10],"tags":[1011,27,72,71],"class_list":{"0":"post-214223","1":"post","2":"type-post","3":"status-publish","4":"format-standard","5":"has-post-thumbnail","7":"category-sante","8":"tag-fr","9":"tag-france","10":"tag-health","11":"tag-sante"},"share_on_mastodon":{"url":"https:\/\/pubeurope.com\/@fr\/114768850913028541","error":""},"_links":{"self":[{"href":"https:\/\/www.europesays.com\/fr\/wp-json\/wp\/v2\/posts\/214223","targetHints":{"allow":["GET"]}}],"collection":[{"href":"https:\/\/www.europesays.com\/fr\/wp-json\/wp\/v2\/posts"}],"about":[{"href":"https:\/\/www.europesays.com\/fr\/wp-json\/wp\/v2\/types\/post"}],"author":[{"embeddable":true,"href":"https:\/\/www.europesays.com\/fr\/wp-json\/wp\/v2\/users\/2"}],"replies":[{"embeddable":true,"href":"https:\/\/www.europesays.com\/fr\/wp-json\/wp\/v2\/comments?post=214223"}],"version-history":[{"count":0,"href":"https:\/\/www.europesays.com\/fr\/wp-json\/wp\/v2\/posts\/214223\/revisions"}],"wp:featuredmedia":[{"embeddable":true,"href":"https:\/\/www.europesays.com\/fr\/wp-json\/wp\/v2\/media\/214224"}],"wp:attachment":[{"href":"https:\/\/www.europesays.com\/fr\/wp-json\/wp\/v2\/media?parent=214223"}],"wp:term":[{"taxonomy":"category","embeddable":true,"href":"https:\/\/www.europesays.com\/fr\/wp-json\/wp\/v2\/categories?post=214223"},{"taxonomy":"post_tag","embeddable":true,"href":"https:\/\/www.europesays.com\/fr\/wp-json\/wp\/v2\/tags?post=214223"}],"curies":[{"name":"wp","href":"https:\/\/api.w.org\/{rel}","templated":true}]}}