{"id":214225,"date":"2025-06-29T21:47:14","date_gmt":"2025-06-29T21:47:14","guid":{"rendered":"https:\/\/www.europesays.com\/fr\/214225\/"},"modified":"2025-06-29T21:47:14","modified_gmt":"2025-06-29T21:47:14","slug":"mccourt-om-regrette-la-situation-de-lol","status":"publish","type":"post","link":"https:\/\/www.europesays.com\/fr\/214225\/","title":{"rendered":"McCourt (OM) regrette \u00ab\u00a0la situation de l\u2019OL\u00a0\u00bb"},"content":{"rendered":"<p>                            <img width=\"770\" height=\"433\" src=\"https:\/\/www.europesays.com\/fr\/wp-content\/uploads\/2025\/06\/3db211a_3706-1rf0yee.ytcg_-770x433.jpg\" class=\"attachment-article size-article wp-post-image\" alt=\"Frank McCourt, propri\u00e9taire de l'OM\" decoding=\"async\" fetchpriority=\"high\"  \/><\/p>\n<p>Frank McCourt, propri\u00e9taire de l\u2019OM (AFP)<\/p>\n<p>Propri\u00e9taire de l\u2019OM depuis neuf ans, Frank McCourt a r\u00e9ussi \u00e0 s\u2019entourer d\u2019une \u00e9quipe \u00e0 Marseille, mais n\u2019h\u00e9site pas \u00e0 remettre au pot. Un investissement bien diff\u00e9rent de John Textor \u00e0 l\u2019OL. L\u2019Am\u00e9ricain regrette la rel\u00e9gation du club lyonnais pour l\u2019attractivit\u00e9 de la Ligue 1.<\/p>\n<p>Tout n\u2019est pas encore perdu, mais mardi, la DNCG a malgr\u00e9 tout cr\u00e9\u00e9 une onde de choc sur la Ligue 1. Quand tout le monde voyait l\u2019OL repartir de son rendez-vous avec un encadrement de la masse salariale et des mutations de transferts, le gendarme financier a confirm\u00e9 la sanction prise en novembre 2024 : une rel\u00e9gation administrative en Ligue 2 pour la saison 2025-2025. <a href=\"https:\/\/www.olympique-et-lyonnais.com\/lol-va-faire-appel-de-la-decision-de-la-dncg,297583.html\" rel=\"nofollow noopener\" target=\"_blank\">L\u2019appel<\/a> que va lancer la direction lyonnaise peut permettre de revenir \u00e0 une place en Ligue 1, mais \u00e0 l\u2019instant T, l\u2019<strong>OL<\/strong> \u00e9voluera bien \u00e0 l\u2019\u00e9chelon inf\u00e9rieur d\u00e9but ao\u00fbt. Une situation \u00ab\u00a0incompr\u00e9hensible\u00a0\u00bb pour le club lyonnais et qui en a choqu\u00e9 plus d\u2019un. \u00ab\u00a0Je regrette cette situation. Nous savons tous que c\u2019est un grand rival de l\u2019OM et un club majeur du football fran\u00e7ais\u00a0\u00bb, a d\u00e9clar\u00e9 Frank <strong>McCourt<\/strong> dans le JDD ce dimanche.<\/p>\n<p>\u00ab\u00a0La DNCG est l\u00e0 pour discipliner et p\u00e9renniser la Ligue 1\u00a0\u00bb<\/p>\n<p>Am\u00e9ricain comme John <a href=\"https:\/\/www.olympique-et-lyonnais.com\/ol-2000-a-3000-supporters-rassembles-pour-demander-le-depart-de-textor,368172.html\" rel=\"nofollow noopener\" target=\"_blank\">Textor<\/a>, le propri\u00e9taire de l\u2019<strong>OM<\/strong> a une politique bien diff\u00e9rente que son compatriote. \u00c0 la t\u00eate du club marseillais depuis 2016, McCourt a mis plus d\u2019une fois la main \u00e0 la poche pour combler le d\u00e9ficit de son club et ainsi passer la DNCG sans encombre. Frank McCourt estime d\u2019ailleurs que l\u2019organisme doit permettre au football fran\u00e7ais de se relever plus vite et fort. \u00ab\u00a0Je respecte le travail tr\u00e8s difficile de la DNCG pour discipliner et p\u00e9renniser le championnat. Jean-Marc Mickeler a toujours \u00e9t\u00e9 tr\u00e8s franc sur la n\u00e9cessit\u00e9 de r\u00e9formes. Gr\u00e2ce \u00e0 elles, il y aurait moins de probl\u00e8mes et plus d\u2019avantages \u00e9conomiques pour les clubs.\u00a0\u00bb \u00c0 condition de respecter les r\u00e8gles, chose que John <strong>Textor<\/strong> n\u2019aurait certainement pas faite avec son syst\u00e8me de multipropri\u00e9t\u00e9.<\/p>\n<p>\t\t\t\t\t<a href=\"https:\/\/www.olympique-et-lyonnais.com\/mercato-etonde-prolonge-a-l-ol,368218.html\" title=\"Mercato : Etonde prolonge \u00e0 l\u2019OL\" rel=\"nofollow noopener\" target=\"_blank\"><img loading=\"lazy\" width=\"580\" height=\"326\" src=\"https:\/\/www.europesays.com\/fr\/wp-content\/uploads\/2025\/06\/OLacad\u00e9mie-580x326.jpg\" class=\"attachment-actularge size-actularge wp-post-image\" alt=\"OL Acad\u00e9mie\" decoding=\"async\"  \/>\t\t\t\t\t<\/a><\/p>\n","protected":false},"excerpt":{"rendered":"Frank McCourt, propri\u00e9taire de l\u2019OM (AFP) Propri\u00e9taire de l\u2019OM depuis neuf ans, Frank McCourt a r\u00e9ussi \u00e0 s\u2019entourer&hellip;\n","protected":false},"author":2,"featured_media":214226,"comment_status":"","ping_status":"","sticky":false,"template":"","format":"standard","meta":{"footnotes":""},"categories":[9],"tags":[1011,27,66,241,978,60],"class_list":{"0":"post-214225","1":"post","2":"type-post","3":"status-publish","4":"format-standard","5":"has-post-thumbnail","7":"category-sports","8":"tag-fr","9":"tag-france","10":"tag-ligue-1","11":"tag-ol","12":"tag-olympique-lyonnais","13":"tag-sports"},"share_on_mastodon":{"url":"https:\/\/pubeurope.com\/@fr\/114768854895885873","error":""},"_links":{"self":[{"href":"https:\/\/www.europesays.com\/fr\/wp-json\/wp\/v2\/posts\/214225","targetHints":{"allow":["GET"]}}],"collection":[{"href":"https:\/\/www.europesays.com\/fr\/wp-json\/wp\/v2\/posts"}],"about":[{"href":"https:\/\/www.europesays.com\/fr\/wp-json\/wp\/v2\/types\/post"}],"author":[{"embeddable":true,"href":"https:\/\/www.europesays.com\/fr\/wp-json\/wp\/v2\/users\/2"}],"replies":[{"embeddable":true,"href":"https:\/\/www.europesays.com\/fr\/wp-json\/wp\/v2\/comments?post=214225"}],"version-history":[{"count":0,"href":"https:\/\/www.europesays.com\/fr\/wp-json\/wp\/v2\/posts\/214225\/revisions"}],"wp:featuredmedia":[{"embeddable":true,"href":"https:\/\/www.europesays.com\/fr\/wp-json\/wp\/v2\/media\/214226"}],"wp:attachment":[{"href":"https:\/\/www.europesays.com\/fr\/wp-json\/wp\/v2\/media?parent=214225"}],"wp:term":[{"taxonomy":"category","embeddable":true,"href":"https:\/\/www.europesays.com\/fr\/wp-json\/wp\/v2\/categories?post=214225"},{"taxonomy":"post_tag","embeddable":true,"href":"https:\/\/www.europesays.com\/fr\/wp-json\/wp\/v2\/tags?post=214225"}],"curies":[{"name":"wp","href":"https:\/\/api.w.org\/{rel}","templated":true}]}}