{"id":214227,"date":"2025-06-29T21:48:08","date_gmt":"2025-06-29T21:48:08","guid":{"rendered":"https:\/\/www.europesays.com\/fr\/214227\/"},"modified":"2025-06-29T21:48:08","modified_gmt":"2025-06-29T21:48:08","slug":"jean-jacques-goldman-etait-ce-week-end-a-saint-vaast-la-hougue","status":"publish","type":"post","link":"https:\/\/www.europesays.com\/fr\/214227\/","title":{"rendered":"Jean-Jacques Goldman \u00e9tait ce week-end \u00e0 Saint-Vaast-la-Hougue\u00a0!"},"content":{"rendered":"<p>            Par<br \/>\n        <strong><br \/>\n            <a href=\"https:\/\/actu.fr\/auteur\/b-hue\" title=\"Consulter tous les articles de Baptiste Hue\" rel=\"nofollow noopener\" target=\"_blank\">Baptiste Hue<\/a><br \/>\n        <\/strong><\/p>\n<p>        Publi\u00e9 le<\/p>\n<p>            29 juin 2025 \u00e0 20h55        <\/p>\n<p>Les 2\u2009000 personnes qui ont couru <b>samedi 28 juin 2025<\/b> le <a href=\"https:\/\/actu.fr\/normandie\/saint-vaast-la-hougue_50562\/video-et-photos-un-monde-fou-a-larrivee-du-semi-marathon-des-vikings-a-saint-vaast-la-hougue_62840718.html\" rel=\"nofollow noopener\" target=\"_blank\">semi-marathon des Vikings<\/a> ne le savent peut-\u00eatre pas, mais elles ont \u00e9t\u00e9 <b>encourag\u00e9es par un spectateur peu ordinaire<\/b>\u2009: <b>Jean-Jacques Goldman<\/b>\u2009!<\/p>\n<p class=\" wall-content\">La <b>personnalit\u00e9 pr\u00e9f\u00e9r\u00e9e des Fran\u00e7ais<\/b> \u00e9tait en effet pr\u00e9sente \u00e0 <a href=\"https:\/\/actu.fr\/normandie\/saint-vaast-la-hougue_50562\" rel=\"nofollow noopener\" target=\"_blank\">Saint-Vaast-la-Hougue<\/a> (Manche)\u2026 <b>en toute discr\u00e9tion<\/b>.<\/p>\n<p class=\" wall-content\">L\u2019histoire commence vers midi quand un coureur, cherchant son nom sur la liste de d\u00e9part, dit \u00e0 haute voix \u00e0 sa compagne\u2009: \u00ab\u2009Les <b>filles Goldman<\/b> sont bien <b>inscrites<\/b>, je les vois sur la liste.\u2009\u00bb<\/p>\n<p class=\" wall-content\">Un organisateur de l\u2019AS Tourlaville post\u00e9 \u00e0 cet endroit par hasard tend l\u2019oreille et lui demande en rigolant si ce sont les filles du <b>c\u00e9l\u00e8bre chanteur<\/b>. \u00c0 sa surprise, son interlocuteur r\u00e9pond par l\u2019affirmative en affirmant que Jean-Jacques Goldman a \u00e9t\u00e9 <b>vu la veille au soir <\/b>\u00e0 la gare de <a href=\"https:\/\/actu.fr\/normandie\/valognes_50615\" rel=\"nofollow noopener\" target=\"_blank\">Valognes<\/a>.<\/p>\n<p class=\" wall-content\">Kimi et Maya Goldman, filles du c\u00e9l\u00e8bre musicien, \u00e9taient bien au d\u00e9part du semi, en compagnie de Nathalie Lagier\u2026 la <b>femme <\/b>de l\u2019artiste\u2009! Les deux s\u0153urs et leur maman finiront d\u2019ailleurs la course dans la m\u00eame foul\u00e9e en 2 h 08, autour de la 780e position.<\/p>\n<p class=\" wall-content\"><b>Pas de trace du papa en revanche aux abords de la ligne d\u2019arriv\u00e9e<\/b>, noire de monde\u2026 C\u2019est finalement une signaleuse post\u00e9e au <a href=\"https:\/\/actu.fr\/normandie\/saint-vaast-la-hougue_50562\/vos-commerces-en-cotentin-de-nouveaux-patrons-a-la-marina-de-saint-vaast-la-hougue_43703222.html\" rel=\"nofollow noopener\" target=\"_blank\">restaurant la Marina<\/a> qui dira le soir m\u00eame lors du pot offert aux b\u00e9n\u00e9voles avoir reconnu \u00e0 c\u00f4t\u00e9 d\u2019elle le c\u00e9l\u00e8bre chanteur, pr\u00e9sent dans le Cotentin en compagnie de son fr\u00e8re.<\/p>\n<p>Il a dormi deux soirs aux Fuschias<\/p>\n<p class=\" wall-content\">Renseignements pris, Jean-Jacques Goldman a dormi deux soirs, vendredi et samedi, aux <b>Fuchsias<\/b>, l\u2019<b>embl\u00e9matique h\u00f4tel-restaurant saint-vaastais<\/b>, o\u00f9 sa <b>pr\u00e9sence <\/b>est<b> pass\u00e9e totalement inaper\u00e7ue <\/b>chez les propri\u00e9taires.<\/p>\n<p class=\" wall-content\">\u00ab\u2009Je ne l\u2019ai m\u00eame pas reconnu\u2009! Pour moi, c\u2019\u00e9tait un client normal, habill\u00e9 tout en blanc, avec une casquette blanche. Il est venu payer, il a dit au revoir, je lui ai r\u00e9pondu au revoir\u2026 Mais rien de plus\u2009! Il avait<b> r\u00e9serv\u00e9 \u00e0 un autre nom que Goldman<\/b>, sinon \u00e7a m\u2019aurait mis la puce \u00e0 l\u2019oreille. J\u2019ai \u00e9t\u00e9 <b>en contact en revanche avec ses filles<\/b> car elles s\u2019\u00e9taient enferm\u00e9es dehors apr\u00e8s avoir oubli\u00e9 les cl\u00e9s dans leur chambre. J\u2019ai d\u00fb venir leur ouvrir dans la nuit de vendredi et leur maman s\u2019en est excus\u00e9e\u2009\u00bb, raconte Pierre-Fran\u00e7ois Brix, le directeur, \u00ab\u2009un peu d\u00e9go\u00fbt\u00e9\u2009\u00bb de ne pas avoir fait signer le<b> livre d\u2019or <\/b>de l\u2019\u00e9tablissement \u00e0 Jean-Jacques Goldman, aux c\u00f4t\u00e9s du roi de Belgique, d\u2019Olivier de Kersauzon ou encore de Bourvil, venu \u00e0 l\u2019occasion du tournage du film le Mur de l\u2019Atlantique.<\/p>\n<p class=\" wall-content\">\u00ab\u2009C\u2019est quand m\u00eame une<b> personnalit\u00e9 prestigieuse<\/b>\u2026 Mais bon, je ne suis pas tr\u00e8s people. Je ne reconnais pas forc\u00e9ment les vedettes. Quand ils viennent ici, ils ne sont pas endimanch\u00e9s, ils ressemblent \u00e0 monsieur-tout-le-monde. C\u2019est peut-\u00eatre pour \u00e7a qu\u2019ils viennent chez nous, car on leur fout la paix\u2009!\u2009\u00bb<\/p>\n<p class=\" wall-content\">Seule M\u00e9lissa, une femme de chambre, fan de l\u2019artiste, s\u2019est autoris\u00e9e \u00e0 lui demander un petit selfie. Une demande \u00e0 laquelle il s\u2019est pli\u00e9 volontiers. En plus d\u2019\u00eatre discret, il est sympa \u00ab\u2009notre\u2009\u00bb Jean-Jacques national\u2026<\/p>\n<p class=\" wall-content\">Suivez toute l\u2019actualit\u00e9 de vos villes et m\u00e9dias favoris en vous inscrivant \u00e0 <a href=\"https:\/\/moncompte.actu.fr\" title=\"D\u00e9couvez Mon Actu\" rel=\"nofollow noopener\" data-trk=\"{&quot;cta&quot;:{&quot;action&quot;:&quot;https:\\\/\\\/moncompte.actu.fr&quot;,&quot;category&quot;:&quot;mon compte&quot;,&quot;from&quot;:&quot;article footer&quot;,&quot;name&quot;:&quot;Mon actu&quot;,&quot;type&quot;:&quot;cta&quot;}}\" target=\"_blank\">Mon Actu<\/a>.<\/p>\n","protected":false},"excerpt":{"rendered":"Par Baptiste Hue Publi\u00e9 le 29 juin 2025 \u00e0 20h55 Les 2\u2009000 personnes qui ont couru samedi 28&hellip;\n","protected":false},"author":2,"featured_media":214228,"comment_status":"","ping_status":"","sticky":false,"template":"","format":"standard","meta":{"footnotes":""},"categories":[8],"tags":[3168,58,59,1011,27,1757,104],"class_list":{"0":"post-214227","1":"post","2":"type-post","3":"status-publish","4":"format-standard","5":"has-post-thumbnail","7":"category-divertissement","8":"tag-cotentin","9":"tag-divertissement","10":"tag-entertainment","11":"tag-fr","12":"tag-france","13":"tag-insolite","14":"tag-societe"},"share_on_mastodon":{"url":"https:\/\/pubeurope.com\/@fr\/114768858619967060","error":""},"_links":{"self":[{"href":"https:\/\/www.europesays.com\/fr\/wp-json\/wp\/v2\/posts\/214227","targetHints":{"allow":["GET"]}}],"collection":[{"href":"https:\/\/www.europesays.com\/fr\/wp-json\/wp\/v2\/posts"}],"about":[{"href":"https:\/\/www.europesays.com\/fr\/wp-json\/wp\/v2\/types\/post"}],"author":[{"embeddable":true,"href":"https:\/\/www.europesays.com\/fr\/wp-json\/wp\/v2\/users\/2"}],"replies":[{"embeddable":true,"href":"https:\/\/www.europesays.com\/fr\/wp-json\/wp\/v2\/comments?post=214227"}],"version-history":[{"count":0,"href":"https:\/\/www.europesays.com\/fr\/wp-json\/wp\/v2\/posts\/214227\/revisions"}],"wp:featuredmedia":[{"embeddable":true,"href":"https:\/\/www.europesays.com\/fr\/wp-json\/wp\/v2\/media\/214228"}],"wp:attachment":[{"href":"https:\/\/www.europesays.com\/fr\/wp-json\/wp\/v2\/media?parent=214227"}],"wp:term":[{"taxonomy":"category","embeddable":true,"href":"https:\/\/www.europesays.com\/fr\/wp-json\/wp\/v2\/categories?post=214227"},{"taxonomy":"post_tag","embeddable":true,"href":"https:\/\/www.europesays.com\/fr\/wp-json\/wp\/v2\/tags?post=214227"}],"curies":[{"name":"wp","href":"https:\/\/api.w.org\/{rel}","templated":true}]}}