{"id":214229,"date":"2025-06-29T21:49:08","date_gmt":"2025-06-29T21:49:08","guid":{"rendered":"https:\/\/www.europesays.com\/fr\/214229\/"},"modified":"2025-06-29T21:49:08","modified_gmt":"2025-06-29T21:49:08","slug":"selon-des-scientifiques-la-terre-ne-sera-plus-habitable-a-cette-date","status":"publish","type":"post","link":"https:\/\/www.europesays.com\/fr\/214229\/","title":{"rendered":"Selon des scientifiques, la Terre ne sera plus habitable \u00e0 cette date"},"content":{"rendered":"<p itemprop=\"description\">Des chercheurs ont men\u00e9 une \u00e9tude qui leur a permis de d\u00e9terminer la date \u00e0 laquelle la Terre deviendra inhabitable. Un futur choquant qui interroge la survie des g\u00e9n\u00e9rations futures.<\/p>\n<p>Des scientifiques, apr\u00e8s d\u2019intenses recherches, annoncent <strong>une date pr\u00e9cise<\/strong> o\u00f9 la Terre deviendra inhospitali\u00e8re pour l\u2019humanit\u00e9. Cette r\u00e9alit\u00e9, digne des <strong>r\u00e9cits de science-fiction<\/strong>, choque et soul\u00e8ve de nombreuses interrogations sur<strong> l\u2019avenir de notre esp\u00e8ce<\/strong>. D\u00e9couvrez le r\u00e9sultat de cette \u00e9tude.<\/p>\n<p>   Une hypoth\u00e8se scientifique absolument troublante <\/p>\n<p>Des chercheurs, dirig\u00e9s par le professeur Kazumi Ozaki, ont \u00e9tudi\u00e9 <strong>l\u2019avenir de notre atmosph\u00e8re<\/strong>. Ils ont mod\u00e9lis\u00e9 les interactions entre <a href=\"https:\/\/monjardinmamaison.maison-travaux.fr\/mon-jardin-ma-maison\/plantes-par-type\/arbres-et-arbustes\/arbres-arbustes\/arbre-resiste-pires-conditions-climatiques-479946.html\" target=\"_blank\" rel=\"noopener\">le climat<\/a>, la biologie et la g\u00e9ologie \u00e0 travers <strong>400\u2009000\u00a0simulations<\/strong>. Leur \u00e9tude projette une Terre o\u00f9 l\u2019oxyg\u00e8ne<strong> pourrait dispara\u00eetre<\/strong>.<\/p>\n<p>Cette hypoth\u00e8se repose sur <strong>divers facteurs<\/strong>, comme l\u2019\u00e9volution de <a href=\"https:\/\/monjardinmamaison.maison-travaux.fr\/diaporama-accueil\/quelle-luminosite-pour-bien-reussir-compost-421640.html\" target=\"_blank\" rel=\"noopener\">la luminosit\u00e9<\/a> solaire ou les variations du dioxyde de carbone. Le site Meteored rapporte que les recherches pr\u00e9voient une Terre riche en m\u00e9thane, o\u00f9 l\u2019oxyg\u00e8ne<strong> finirait par s\u2019\u00e9puiser<\/strong>. Bien que ce sc\u00e9nario soit lointain, <strong>voici la date<\/strong> o\u00f9 cette triste fatalit\u00e9 entrera en vigueur.<\/p>\n<p> Terre inhabitable\u00a0: d\u00e9couvrez la date qui pourrait tout changer selon les scientifiques <\/p>\n<p>En effet, d\u2019apr\u00e8s les propos cit\u00e9s par le site du Huffington Post, <a href=\"https:\/\/monjardinmamaison.maison-travaux.fr\/mon-jardin-ma-maison\/plantes-par-type\/chercheurs-identifient-plante-capable-produire-or-503878.html\" target=\"_blank\" rel=\"noopener\">des chercheurs<\/a> ont donc utilis\u00e9 un mod\u00e8le complexe pour pr\u00e9dire l\u2019\u00e9volution de l\u2019atmosph\u00e8re terrestre. Gr\u00e2ce \u00e0 pr\u00e8s de <strong>400\u202f000\u00a0simulations<\/strong>, ils ont explor\u00e9 divers sc\u00e9narios possibles. Selon eux, l\u2019oxyg\u00e8ne, qui constitue aujourd\u2019hui <strong>21\u00a0% de l\u2019air<\/strong>, pourrait dispara\u00eetre dans environ <strong>un milliard d\u2019ann\u00e9es<\/strong>.<\/p>\n<p>Ce ph\u00e9nom\u00e8ne serait li\u00e9 <strong>au vieillissement<\/strong> <a href=\"https:\/\/monjardinmamaison.maison-travaux.fr\/mon-jardin-ma-maison\/actualites-jardin\/tamiser-lumiere-soleil-pas-science-fiction-500644.html\" target=\"_blank\" rel=\"noopener\">du Soleil<\/a>, qui \u00e9mettra progressivement plus d\u2019\u00e9nergie. Ainsi, cette chaleur suppl\u00e9mentaire entra\u00eenera <strong>la d\u00e9composition<\/strong> du dioxyde de carbone, privant les plantes de leur source de photosynth\u00e8se. En cons\u00e9quence, l\u2019oxyg\u00e8ne ne sera <strong>plus renouvel\u00e9<\/strong>. Irr\u00e9vocablement, rien n\u2019est \u00e9ternel sur la Terre\u2009!<\/p>\n<p>  Un monde sans CO\u2082\u00a0: quel avenir pour la Terre\u2009? <\/p>\n<p>Par ailleurs, sans dioxyde de carbone, <a href=\"https:\/\/monjardinmamaison.maison-travaux.fr\/mon-jardin-ma-maison\/plantes-par-type\/plantes-musique-ideale-accelerer-pousse-480171.html\" target=\"_blank\" rel=\"noopener\">les plantes<\/a> cesseront de <strong>produire de l\u2019oxyg\u00e8ne<\/strong>. Cette absence rendra la vie impossible sur Terre pour les organismes complexes, \u00eatres humains inclus. Seules des formes <strong>de vie adapt\u00e9es<\/strong> \u00e0 un environnement satur\u00e9 en m\u00e9thane pourraient subsister, comme certains <strong>microbes extr\u00e9mophiles<\/strong>.<\/p>\n<p><a href=\"https:\/\/monjardinmamaison.maison-travaux.fr\/mon-jardin-ma-maison\/plantes-par-type\/terre-change-couleur-signal-inquietant-pousse-scientifiques-redoubler-alerte-493484.html\" target=\"_blank\" rel=\"noopener\">La Terre<\/a> deviendrait alors un <strong>lieu hostile<\/strong>, incapable de soutenir les \u00e9cosyst\u00e8mes actuels ou la biodiversit\u00e9 telle que nous la connaissons. Ces projections extr\u00eames nous<strong> invitent \u00e0 r\u00e9fl\u00e9chir<\/strong> \u00e0 notre impact sur la plan\u00e8te et \u00e0 adopter des mesures concr\u00e8tes. Comprendre et pr\u00e9server les \u00e9quilibres naturels reste essentiel pour<strong> \u00e9viter de tels bouleversements<\/strong>. Agir aujourd\u2019hui, c\u2019est donner une chance aux g\u00e9n\u00e9rations futures.<\/p>\n","protected":false},"excerpt":{"rendered":"Des chercheurs ont men\u00e9 une \u00e9tude qui leur a permis de d\u00e9terminer la date \u00e0 laquelle la Terre&hellip;\n","protected":false},"author":2,"featured_media":214230,"comment_status":"","ping_status":"","sticky":false,"template":"","format":"standard","meta":{"footnotes":""},"categories":[7],"tags":[1011,27,43,40,41,39,42,44,729],"class_list":{"0":"post-214229","1":"post","2":"type-post","3":"status-publish","4":"format-standard","5":"has-post-thumbnail","7":"category-sciences-et-technologies","8":"tag-fr","9":"tag-france","10":"tag-science","11":"tag-science-and-technology","12":"tag-sciences","13":"tag-sciences-et-technologies","14":"tag-technologies","15":"tag-technology","16":"tag-yout_video"},"share_on_mastodon":{"url":"https:\/\/pubeurope.com\/@fr\/114768862520776523","error":""},"_links":{"self":[{"href":"https:\/\/www.europesays.com\/fr\/wp-json\/wp\/v2\/posts\/214229","targetHints":{"allow":["GET"]}}],"collection":[{"href":"https:\/\/www.europesays.com\/fr\/wp-json\/wp\/v2\/posts"}],"about":[{"href":"https:\/\/www.europesays.com\/fr\/wp-json\/wp\/v2\/types\/post"}],"author":[{"embeddable":true,"href":"https:\/\/www.europesays.com\/fr\/wp-json\/wp\/v2\/users\/2"}],"replies":[{"embeddable":true,"href":"https:\/\/www.europesays.com\/fr\/wp-json\/wp\/v2\/comments?post=214229"}],"version-history":[{"count":0,"href":"https:\/\/www.europesays.com\/fr\/wp-json\/wp\/v2\/posts\/214229\/revisions"}],"wp:featuredmedia":[{"embeddable":true,"href":"https:\/\/www.europesays.com\/fr\/wp-json\/wp\/v2\/media\/214230"}],"wp:attachment":[{"href":"https:\/\/www.europesays.com\/fr\/wp-json\/wp\/v2\/media?parent=214229"}],"wp:term":[{"taxonomy":"category","embeddable":true,"href":"https:\/\/www.europesays.com\/fr\/wp-json\/wp\/v2\/categories?post=214229"},{"taxonomy":"post_tag","embeddable":true,"href":"https:\/\/www.europesays.com\/fr\/wp-json\/wp\/v2\/tags?post=214229"}],"curies":[{"name":"wp","href":"https:\/\/api.w.org\/{rel}","templated":true}]}}