{"id":214231,"date":"2025-06-29T21:50:10","date_gmt":"2025-06-29T21:50:10","guid":{"rendered":"https:\/\/www.europesays.com\/fr\/214231\/"},"modified":"2025-06-29T21:50:10","modified_gmt":"2025-06-29T21:50:10","slug":"un-vrai-piege-a-rats-honteux-des-bouchons-monstres-de-4h-ce-dimanche-soir-a-cap-3-000-provoquent-la-colere-des-clients","status":"publish","type":"post","link":"https:\/\/www.europesays.com\/fr\/214231\/","title":{"rendered":"\u00ab\u00a0Un vrai pi\u00e8ge \u00e0 rats, honteux\u00a0\u00bb: des bouchons monstres de 4h ce dimanche soir \u00e0 Cap 3.000 provoquent la col\u00e8re des clients"},"content":{"rendered":"<p>Fin de l\u2019Ironman de Nice. D\u00e9but des soldes d\u2019\u00e9t\u00e9. Effet canicule qui a pouss\u00e9 les Azur\u00e9ens \u00e0 la clim\u2019 du centre commercial laurentin. Heure d\u2019affluence pour le retour \u00e0 la maison. Et cerise sur le g\u00e2teau\u2005: un accident au m\u00eame moment sur l\u2019\u00e9changeur Nice-Ouest en direction de l\u2019Italie un peu avant la sortie Nice A\u00e9roport. Hier en fin de journ\u00e9e, les facteurs se sont conjugu\u00e9s pour cr\u00e9er une immense pagaille dans le parking \u00e0 \u00e9tages du centre commercial Cap 3\u2005000, \u00e0 Saint-Laurent-du-Var.<\/p>\n<p>Et cela a mis \u00e0 bout plusieurs automobilistes qui, selon leurs commentaires amers laiss\u00e9s sur les r\u00e9seaux sociaux, sont rest\u00e9s coinc\u00e9s durant plusieurs heures dans les entrailles du parking. Le temps n\u00e9cessaire \u00e0 la police municipale de Saint-Laurent-du-Var pour intervenir et fluidifier, avec difficult\u00e9, le trafic \u00e0 l\u2019ext\u00e9rieur.<\/p>\n<p><strong>Bloqu\u00e9s jusqu\u2019\u00e0 4\u2005heures selon certains commentaires<\/strong><\/p>\n<p>Sur le compte Facebook du centre commercial, qui appelait justement ce week-end les Azur\u00e9ens \u00e0 profiter de \u00ab\u2005ces balades en fin de journ\u00e9e \u00e0 Cap 3\u2005000\u2005\u00bb et \u00e0 partager sa \u00ab\u2005plus belle photo de sunset\u2005\u00bb, plusieurs dizaines de commentaires (1) de personnes ont \u00e9t\u00e9 prises au pi\u00e8ge en cette fin de journ\u00e9e.<\/p>\n<p>\u00ab\u00a0Vous auriez pu annoncer le bordel concernant votre parking et la route coup\u00e9e\u2005!!! On ne serait pas venu. On est coinc\u00e9 dans notre voiture dans votre parking avec des enfants et sans eau\u2005!!!! Une honte cette organisation de merde\u00a0\u00bb, \u00e9ructe une internaute.<\/p>\n<p>\u00ab\u00a0Vous auriez d\u00fb fermer le centre aujourd\u2019hui, bloqu\u00e9 depuis 1\u2005h\u200530 sans eau m\u00eame pas on vient nous voir avec plus de 40 degr\u00e9s\u2005!!!!!!\u00a0\u00bb, fulmine une autre.<\/p>\n<p><strong>Pas de communication du centre selon les internautes<\/strong><\/p>\n<p>Dans la plupart des commentaires est mise en avant l\u2019absence de communication du centre. Avant et pendant la crise. Comme celui-ci\u2005: \u00ab\u00a0Pas une annonce faites sur la saturation compl\u00e8te du parking due \u00e0 une comp\u00e9tition sportive. Deux heures d\u2019attente pour atteindre la sortie. Pas un membre du personnel capable de vous renseigner Un accueil t\u00e9l\u00e9phonique injoignable\u00a0\u00bb, se plaint un visiteur.<\/p>\n<p>\u00ab\u00a0Il y a des femmes enceintes, des b\u00e9b\u00e9s, des personnes \u00e2g\u00e9es qui sont en pleine chaleur. Cap 3\u2005000 a pr\u00e9f\u00e9r\u00e9 rester ouvert et nous pi\u00e9ger aujourd\u2019hui alors qu\u2019apparemment ce n\u2019est pas la premi\u00e8re fois que \u00e7a arrive. Et bien s\u00fbr ils ne r\u00e9pondent pas au t\u00e9l\u00e9phone. Honteux\u2005!\u00a0\u00bb, s\u2019emporte un autre.<\/p>\n<\/p>\n<p>                                <strong>Exc\u00e9d\u00e9s, ils appellent au boycott de Cap 3\u2005000<\/strong><\/p>\n<p>Et sur la page Facebook du centre commercial, beaucoup d\u2019internautes appellent au boycott de Cap 3000 : \u00ab\u00a0Ma compagne est coinc\u00e9e dans le parking (payant) depuis 4h. Elle n a pas avanc\u00e9 de 10 m\u00e8tres. Les v\u00e9hicules et les esprits s\u2019\u00e9chauffent, les risques sanitaires sont \u00e0 leur maximum et ce sans que le moindre personnel n\u2019intervienne, d\u00e9nonce un commentaire. Cela rel\u00e8ve de la mise en danger de la vie d\u2019autrui par n\u00e9gligence\u2005! C\u2019est simplement inadmissible que rien ne soit mis en \u0153uvre pour am\u00e9liorer la situation\u2005! M\u00eame si un \u00e9v\u00e8nement sportif est invoqu\u00e9 par cap 3\u2005000 comme \u00e9tant l\u2019origine de la situation, rien n a \u00e9t\u00e9 fait en amont de cet \u00e9v\u00e9nement pour \u00e9viter cela et rien n\u2019 est fait pour y rem\u00e9dier. (&#8230;) Un v\u00e9ritable pi\u00e8ge\u2005! \u00c0 boycotter absolument\u2005!\u00a0\u00bb \u00ab\u00a0Un pi\u00e8ge \u00e0 rats\u00a0\u00bb, persifle une autre personne qui pr\u00e9tend avoir \u00e9t\u00e9 bloqu\u00e9e 5\u2005heures \u00e0 l\u2019int\u00e9rieur.<\/p>\n<p>\u00c0 21\u2005heures, selon la mairie de Saint-Laurent-du-Var, tout \u00e9tait rentr\u00e9 dans l\u2019ordre.<\/p>\n","protected":false},"excerpt":{"rendered":"Fin de l\u2019Ironman de Nice. D\u00e9but des soldes d\u2019\u00e9t\u00e9. Effet canicule qui a pouss\u00e9 les Azur\u00e9ens \u00e0 la&hellip;\n","protected":false},"author":2,"featured_media":214232,"comment_status":"","ping_status":"","sticky":false,"template":"","format":"standard","meta":{"footnotes":""},"categories":[6],"tags":[35,33,34,1011,27,803,800],"class_list":{"0":"post-214231","1":"post","2":"type-post","3":"status-publish","4":"format-standard","5":"has-post-thumbnail","7":"category-economie","8":"tag-business","9":"tag-economie","10":"tag-economy","11":"tag-fr","12":"tag-france","13":"tag-info-trafic","14":"tag-transports"},"share_on_mastodon":{"url":"https:\/\/pubeurope.com\/@fr\/114768866483538468","error":""},"_links":{"self":[{"href":"https:\/\/www.europesays.com\/fr\/wp-json\/wp\/v2\/posts\/214231","targetHints":{"allow":["GET"]}}],"collection":[{"href":"https:\/\/www.europesays.com\/fr\/wp-json\/wp\/v2\/posts"}],"about":[{"href":"https:\/\/www.europesays.com\/fr\/wp-json\/wp\/v2\/types\/post"}],"author":[{"embeddable":true,"href":"https:\/\/www.europesays.com\/fr\/wp-json\/wp\/v2\/users\/2"}],"replies":[{"embeddable":true,"href":"https:\/\/www.europesays.com\/fr\/wp-json\/wp\/v2\/comments?post=214231"}],"version-history":[{"count":0,"href":"https:\/\/www.europesays.com\/fr\/wp-json\/wp\/v2\/posts\/214231\/revisions"}],"wp:featuredmedia":[{"embeddable":true,"href":"https:\/\/www.europesays.com\/fr\/wp-json\/wp\/v2\/media\/214232"}],"wp:attachment":[{"href":"https:\/\/www.europesays.com\/fr\/wp-json\/wp\/v2\/media?parent=214231"}],"wp:term":[{"taxonomy":"category","embeddable":true,"href":"https:\/\/www.europesays.com\/fr\/wp-json\/wp\/v2\/categories?post=214231"},{"taxonomy":"post_tag","embeddable":true,"href":"https:\/\/www.europesays.com\/fr\/wp-json\/wp\/v2\/tags?post=214231"}],"curies":[{"name":"wp","href":"https:\/\/api.w.org\/{rel}","templated":true}]}}