{"id":214233,"date":"2025-06-29T21:51:13","date_gmt":"2025-06-29T21:51:13","guid":{"rendered":"https:\/\/www.europesays.com\/fr\/214233\/"},"modified":"2025-06-29T21:51:13","modified_gmt":"2025-06-29T21:51:13","slug":"le-journaliste-christophe-gleizes-de-so-foot-condamne-a-sept-ans-de-prison-ferme-en-algerie","status":"publish","type":"post","link":"https:\/\/www.europesays.com\/fr\/214233\/","title":{"rendered":"Le journaliste Christophe Gleizes de \u00ab\u00a0So Foot\u00a0\u00bb condamn\u00e9 \u00e0 sept ans de prison ferme en Alg\u00e9rie"},"content":{"rendered":"<p>        <img decoding=\"async\" loading=\"lazy\" src=\"https:\/\/www.europesays.com\/fr\/wp-content\/uploads\/2025\/06\/77f17c9_upload-1-aa3t5quxyygh-capture-da-a-cran-2025-06-29-220357.png\"  width=\"728\" height=\"394\" alt=\"Le journaliste fran\u00e7ais sp\u00e9cialiste de football, Christophe Gleizes, a \u00e9t\u00e9 condamn\u00e9 \u00e0 sept ans de prison ferme en Alg\u00e9rie, a d\u00e9nonc\u00e9 ce dimanche 29\u00a0juin Reporter sans fronti\u00e8res.\"\/>  <\/p>\n<p>RSF<\/p>\n<p>Le journaliste fran\u00e7ais sp\u00e9cialiste de football, Christophe Gleizes, a \u00e9t\u00e9 condamn\u00e9 \u00e0 sept ans de prison ferme en Alg\u00e9rie, a d\u00e9nonc\u00e9 ce dimanche 29\u00a0juin Reporter sans fronti\u00e8res.<\/p>\n<p class=\"asset asset-text\">LIBERT\u00c9 DE LA PRESSE &#8211; Une sanction \u00ab\u00a0injuste\u00a0\u00bb. Un journaliste fran\u00e7ais sp\u00e9cialiste de football, Christophe Gleizes, a \u00e9t\u00e9 condamn\u00e9 \u00e0 sept ans de prison ferme en <a href=\"https:\/\/www.huffingtonpost.fr\/faits-divers\/article\/l-influenceur-doualemn-est-de-nouveau-libre-en-l-absence-d-accord-avec-l-algerie_251490.html\" target=\"_blank\" rel=\"noopener\" title=\"Nouvelle fen\u00eatre\">Alg\u00e9rie<\/a>, notamment pour \u00ab\u00a0apologie du terrorisme\u00a0\u00bb, ont indiqu\u00e9 ce dimanche 29\u00a0juin <a href=\"https:\/\/www.huffingtonpost.fr\/medias\/article\/le-retour-de-donald-trump-a-encore-fait-baisser-les-etats-unis-de-ce-classement-sur-la-presse_249518.html\" target=\"_blank\" rel=\"noopener\" title=\"Nouvelle fen\u00eatre\">Reporters sans fronti\u00e8res<\/a> (RSF) et son employeur, <a href=\"https:\/\/www.sofoot.com\/articles\/enferme-pour-avoir-fait-son-travail-notre-journaliste-christophe-gleizes-condamne-a-7-annees-de-prison-ferme-en-algerie\" target=\"_blank\" rel=\"noopener\" title=\"Nouvelle fen\u00eatre\">le groupe So Press<\/a>.<\/p>\n<p class=\"asset asset-text\">\u00ab\u00a0Un appel sera interjet\u00e9 d\u00e8s demain, lundi 30\u00a0juin\u00a0\u00bb, a ajout\u00e9 <a href=\"https:\/\/rsf.org\/fr\/alg%C3%A9rie-le-journaliste-sportif-fran%C3%A7ais-christophe-gleizes-condamn%C3%A9-%C3%A0-7-ann%C3%A9es-de-prison-ferme-au\" target=\"_blank\" rel=\"noopener\" title=\"Nouvelle fen\u00eatre\">RSF<\/a>, selon qui cette condamnation est intervenue \u00ab\u00a0au terme d\u2019un contr\u00f4le judiciaire de 13 mois\u00a0\u00bb.<\/p>\n<p class=\"asset asset-text\">Journaliste ind\u00e9pendant de 36\u00a0ans, collaborateur des magazines So Foot\u00a0et Society, Christophe Gleizes s\u2019est rendu en Alg\u00e9rie en mai\u00a02024, notamment pour un sujet sur le club de la Jeunesse Sportive de Kabylie.<\/p>\n<p class=\"asset asset-text\">Selon RSF, il a \u00e9t\u00e9 arr\u00eat\u00e9 le 28\u00a0mai\u00a02024 \u00e0 Tizi Ouzou et plac\u00e9 sous contr\u00f4le judiciaire, pour \u00ab\u00a0\u00eatre entr\u00e9 dans le pays avec un visa touristique, pour\u00a0\u201capologie du terrorisme\u201d\u00a0et\u00a0\u201cpossession de publications dans un but de propagande nuisant \u00e0 l\u2019int\u00e9r\u00eat national\u201d\u00a0\u00bb.<\/p>\n<p>                     RSF appelle les autorit\u00e9s fran\u00e7aises \u00e0 trouver \u00ab\u00a0une solution diplomatique\u00a0\u00bb    <\/p>\n<p class=\"asset asset-text\">\u00ab\u00a0Ces derni\u00e8res accusations, sans fondement et totalement r\u00e9fut\u00e9es, sont dues au fait que le journaliste avait eu des contacts, en 2015 et 2017, avec le responsable du club de football de Tizi Ouzou, par ailleurs responsable du Mouvement pour l\u2019autod\u00e9termination de la Kabylie (MAK), class\u00e9 organisation terroriste par les autorit\u00e9s alg\u00e9riennes en 2021\u00a0\u00bb, a indiqu\u00e9 l\u2019ONG de d\u00e9fense de la presse.<\/p>\n<p class=\"asset asset-text\">Les deux premiers \u00e9changes entre les deux hommes \u00ab\u00a0ont eu lieu bien avant cette cat\u00e9gorisation par les autorit\u00e9s alg\u00e9riennes\u00a0\u00bb, souligne RSF. \u00ab\u00a0Le seul \u00e9change survenu en 2024 visait \u00e0 la pr\u00e9paration de son reportage sur le club de football, la JSK, ce dont\u00a0Christophe\u00a0Gleizes\u00a0ne s\u2019est jamais cach\u00e9\u00a0\u00bb, poursuit l\u2019ONG.<\/p>\n<p class=\"asset asset-text\">\u00ab\u00a0Sa condamnation \u00e0 7\u00a0ans de prison n\u2019a aucun sens et ne d\u00e9montre qu\u2019un fait\u00a0: rien n\u2019\u00e9chappe \u00e0 la politique aujourd\u2019hui et la justice alg\u00e9rienne a manqu\u00e9 une importante occasion de sortir par le haut dans cette affaire\u00a0\u00bb, s\u2019est indign\u00e9 le directeur g\u00e9n\u00e9ral de RSF, Thibaut Bruttin. Et d\u2019ajouter\u00a0: \u00ab\u00a0Nous appelons les plus hautes autorit\u00e9s alg\u00e9riennes \u00e0 la lib\u00e9ration imm\u00e9diate et inconditionnelle de Christophe Gleizes et les autorit\u00e9s fran\u00e7aises \u00e0 rechercher dans les meilleurs d\u00e9lais une solution diplomatique et consulaire.\u00a0\u00bb<\/p>\n<p>                     Crise a\u00efgue    <\/p>\n<p class=\"asset asset-text\">\u00ab\u00a0Il est important que tout soit mis en \u0153uvre, y compris politiquement et diplomatiquement, pour que la justice l\u2019emporte et que\u00a0Christophe\u00a0puisse retrouver ses proches et sa r\u00e9daction\u00a0\u00bb, a pour sa part plaid\u00e9 le fondateur de So Press, Franck Annese, cit\u00e9 dans le communiqu\u00e9.<\/p>\n<p> La lecture de ce contenu est susceptible d\u2019entra\u00eener un d\u00e9p\u00f4t de cookies de la part de l\u2019op\u00e9rateur tiers qui l\u2019h\u00e9berge. Compte-tenu des choix que vous avez exprim\u00e9s en mati\u00e8re de d\u00e9p\u00f4t de cookies, nous avons bloqu\u00e9 l\u2019affichage de ce contenu. Si vous souhaitez y acc\u00e9der, vous devez accepter la cat\u00e9gorie de cookies \u201cContenus tiers\u201d en cliquant sur le bouton ci-dessous. <\/p>\n<p> Lire la Vid\u00e9o        <\/p>\n<p class=\"asset asset-text\">Plusieurs journalistes ont apport\u00e9 leur soutien \u00e0 Christophe Gleizes, \u00e0 l\u2019instar du cofondateur de Mediapart Edwy Plenel, qui rappelle sur son compte X que \u00ab\u00a0le journalisme n\u2019est pas un crime et l\u2019information est un droit fondamental.\u00a0\u00bb Le journaliste Guillaume V\u00e9n\u00e9titay lance de son c\u00f4t\u00e9 un appel\u00a0: \u00ab\u00a0Mobilisons-nous, relayez en masse. Force \u00e0 sa famille et aux amis de So Foot\u00a0\u00bb.<\/p>\n<p> La lecture de ce contenu est susceptible d\u2019entra\u00eener un d\u00e9p\u00f4t de cookies de la part de l\u2019op\u00e9rateur tiers qui l\u2019h\u00e9berge. Compte-tenu des choix que vous avez exprim\u00e9s en mati\u00e8re de d\u00e9p\u00f4t de cookies, nous avons bloqu\u00e9 l\u2019affichage de ce contenu. Si vous souhaitez y acc\u00e9der, vous devez accepter la cat\u00e9gorie de cookies \u201cContenus tiers\u201d en cliquant sur le bouton ci-dessous. <\/p>\n<p> Lire la Vid\u00e9o        <\/p>\n<p class=\"asset asset-text\">La condamnation du journaliste intervient dans un contexte de crise aigu\u00eb entre l\u2019Alg\u00e9rie et la France, l\u2019ex-puissance colonisatrice (1830-1962), marqu\u00e9e par des expulsions de diplomates de part et d\u2019autre et un gel de toutes les coop\u00e9rations.<\/p>\n<p class=\"asset asset-text\">La brouille a \u00e9clat\u00e9 l\u2019\u00e9t\u00e9 dernier apr\u00e8s la reconnaissance par le pr\u00e9sident fran\u00e7ais Emmanuel Macron d\u2019un plan d\u2019autonomie \u00ab\u00a0sous souverainet\u00e9 marocaine\u00a0\u00bb pour le Sahara occidental, territoire que se disputent depuis 50\u00a0ans le Maroc et les ind\u00e9pendantistes du Polisario, soutenus par Alger.<\/p>\n<p class=\"asset asset-text\">La situation s\u2019est envenim\u00e9e avec l\u2019arrestation \u00e0 la mi-novembre de l\u2019\u00e9crivain franco-alg\u00e9rien Boualem Sansal, accus\u00e9 d\u2019avoir port\u00e9 atteinte \u00ab\u00a0\u00e0 l\u2019unit\u00e9 nationale\u00a0\u00bb dans des d\u00e9clarations en France, o\u00f9 il estimait que l\u2019Alg\u00e9rie avait h\u00e9rit\u00e9 sous la colonisation fran\u00e7aise de territoires appartenant jusque-l\u00e0 au Maroc. Apr\u00e8s une condamnation \u00e0 cinq ans de prison en premi\u00e8re instance, le verdict en appel doit \u00eatre annonc\u00e9 mardi prochain.<\/p>\n","protected":false},"excerpt":{"rendered":"RSF Le journaliste fran\u00e7ais sp\u00e9cialiste de football, Christophe Gleizes, a \u00e9t\u00e9 condamn\u00e9 \u00e0 sept ans de prison ferme&hellip;\n","protected":false},"author":2,"featured_media":214234,"comment_status":"","ping_status":"","sticky":false,"template":"","format":"standard","meta":{"footnotes":""},"categories":[5],"tags":[11,15,1011,27,14,10402,500,12,28],"class_list":{"0":"post-214233","1":"post","2":"type-post","3":"status-publish","4":"format-standard","5":"has-post-thumbnail","7":"category-international","8":"tag-actualites","9":"tag-algerie","10":"tag-fr","11":"tag-france","12":"tag-international","13":"tag-liberte-de-la-presse","14":"tag-medias","15":"tag-news","16":"tag-world"},"share_on_mastodon":{"url":"https:\/\/pubeurope.com\/@fr\/114768870223228621","error":""},"_links":{"self":[{"href":"https:\/\/www.europesays.com\/fr\/wp-json\/wp\/v2\/posts\/214233","targetHints":{"allow":["GET"]}}],"collection":[{"href":"https:\/\/www.europesays.com\/fr\/wp-json\/wp\/v2\/posts"}],"about":[{"href":"https:\/\/www.europesays.com\/fr\/wp-json\/wp\/v2\/types\/post"}],"author":[{"embeddable":true,"href":"https:\/\/www.europesays.com\/fr\/wp-json\/wp\/v2\/users\/2"}],"replies":[{"embeddable":true,"href":"https:\/\/www.europesays.com\/fr\/wp-json\/wp\/v2\/comments?post=214233"}],"version-history":[{"count":0,"href":"https:\/\/www.europesays.com\/fr\/wp-json\/wp\/v2\/posts\/214233\/revisions"}],"wp:featuredmedia":[{"embeddable":true,"href":"https:\/\/www.europesays.com\/fr\/wp-json\/wp\/v2\/media\/214234"}],"wp:attachment":[{"href":"https:\/\/www.europesays.com\/fr\/wp-json\/wp\/v2\/media?parent=214233"}],"wp:term":[{"taxonomy":"category","embeddable":true,"href":"https:\/\/www.europesays.com\/fr\/wp-json\/wp\/v2\/categories?post=214233"},{"taxonomy":"post_tag","embeddable":true,"href":"https:\/\/www.europesays.com\/fr\/wp-json\/wp\/v2\/tags?post=214233"}],"curies":[{"name":"wp","href":"https:\/\/api.w.org\/{rel}","templated":true}]}}