{"id":214235,"date":"2025-06-29T21:54:10","date_gmt":"2025-06-29T21:54:10","guid":{"rendered":"https:\/\/www.europesays.com\/fr\/214235\/"},"modified":"2025-06-29T21:54:10","modified_gmt":"2025-06-29T21:54:10","slug":"un-nouveau-cas-chez-un-enfant","status":"publish","type":"post","link":"https:\/\/www.europesays.com\/fr\/214235\/","title":{"rendered":"un nouveau cas chez un enfant"},"content":{"rendered":"<p>Depuis le 12 juin, dans l\u2019agglom\u00e9ration de Saint-Quentin, 29 cas ont \u00e9t\u00e9 enregistr\u00e9s, 10 d\u2019entre eux ont d\u00e9velopp\u00e9 un syndrome h\u00e9molytique et ur\u00e9mique (SHU), grave complication affectant les reins. Une enfant de 11 ans est d\u00e9c\u00e9d\u00e9e le 16 juin.<\/p>\n<p class=\"fig-paragraph\">Un enfant de plus a \u00e9t\u00e9 touch\u00e9 par des\u00a0<a href=\"http:\/\/sante.lefigaro.fr\/mieux-etre\/nutrition-aliments\/intoxications-alimentaires-dans-l-aisne-une-enquete-judiciaire-ouverte-20250623\" target=\"_blank\" data-fig-type=\"Article\" rel=\"noopener nofollow\" data-gtm-custom-categorie=\"navigation\" data-gtm-custom-action=\"crossclick\" data-gtm-custom-label=\"Contextuel\" data-gtm-event=\"customEventSPE\" data-fig-domain=\"SANTE\">sympt\u00f4mes digestifs s\u00e9v\u00e8res dans l&rsquo;Aisne<\/a>, portant \u00e0 28 enfants et une personne \u00e2g\u00e9e le nombre de cas recens\u00e9s depuis le 12 juin, a annonc\u00e9 dimanche 29 juin la pr\u00e9fecture, notant qu&rsquo;il s&rsquo;agirait d&rsquo;une contamination \u00absecondaire\u00bb.<\/p>\n<p class=\"fig-paragraph\">Depuis le 12 juin, dans l&rsquo;agglom\u00e9ration de Saint-Quentin, \u00ab29 cas ont \u00e9t\u00e9 enregistr\u00e9s (28 enfants et 1 personne \u00e2g\u00e9e), 10 d&rsquo;entre eux ont d\u00e9velopp\u00e9 un syndrome h\u00e9molytique et ur\u00e9mique (SHU)\u00bb, grave complication affectant les reins, \u00e9crivent la pr\u00e9fecture de l&rsquo;Aisne et l&rsquo;Agence r\u00e9gionale de Sant\u00e9 (ARS) dans un communiqu\u00e9. Une enfant de 11 ans est d\u00e9c\u00e9d\u00e9e le 16 juin.<\/p>\n<p>Sept malades toujours hospitalis\u00e9s<\/p>\n<p class=\"fig-paragraph\">Depuis le dernier point de situation, diffus\u00e9 samedi soir, \u00abun nouveau cas d&rsquo;enfant a \u00e9t\u00e9 enregistr\u00e9\u00bb mais comme les deux pr\u00e9c\u00e9dents, \u00abil n&rsquo;a pas d\u00e9clar\u00e9 le syndrome\u00bb et a pu regagner son domicile. \u00abAu 29 juin, sept malades restent hospitalis\u00e9s\u00bb, poursuit le communiqu\u00e9.<\/p>\n<p class=\"fig-paragraph\">\u00abD&rsquo;apr\u00e8s les investigations, les deux derniers cas r\u00e9sulteraient d&rsquo;une contamination entre personnes au sein du cercle familial\u00bb, une contamination \u00absecondaire\u00bb li\u00e9e \u00e0 \u00abla transmission par les mains des bact\u00e9ries pr\u00e9sentes dans les selles de personnes malades\u00bb.<\/p>\n<p class=\"fig-paragraph\">La pr\u00e9fecture et l&rsquo;ARS rappellent l&rsquo;importance du lavage des mains, qui \u00abdoit \u00eatre syst\u00e9matique avant la pr\u00e9paration des repas ou apr\u00e8s un passage aux toilettes\u00bb.<\/p>\n<p class=\"fig-paragraph\">Vendredi, elles avaient annonc\u00e9 que les analyses men\u00e9es dans des boucheries suspect\u00e9es d&rsquo;\u00eatre \u00e0 l&rsquo;origine de cette s\u00e9rie d&rsquo;intoxications avaient confirm\u00e9 des traces de contamination par la bact\u00e9rie E.Coli.<\/p>\n<p>Enqu\u00eate pr\u00e9liminaire ouverte<\/p>\n<p class=\"fig-paragraph\">L&rsquo;activit\u00e9 de cinq des six \u00e9tablissements qui avaient \u00e9t\u00e9 ferm\u00e9s pr\u00e9ventivement par les autorit\u00e9s restait \u00absuspendue\u00bb, tandis que le rayon boucherie d&rsquo;un supermarch\u00e9 pouvait reprendre son activit\u00e9.<\/p>\n<p class=\"fig-paragraph\">Le 21 juin, le parquet de Saint-Quentin a ouvert une enqu\u00eate pr\u00e9liminaire des chefs d&rsquo;homicide involontaire, blessures involontaires, mise en danger et tromperie aggrav\u00e9e par la mise en danger de la sant\u00e9 humaine.<\/p>\n<p class=\"fig-paragraph\">Le p\u00f4le de sant\u00e9 publique du parquet de Paris s&rsquo;est ensuite saisi de l&rsquo;enqu\u00eate sur ces intoxications.<\/p>\n","protected":false},"excerpt":{"rendered":"Depuis le 12 juin, dans l\u2019agglom\u00e9ration de Saint-Quentin, 29 cas ont \u00e9t\u00e9 enregistr\u00e9s, 10 d\u2019entre eux ont d\u00e9velopp\u00e9&hellip;\n","protected":false},"author":2,"featured_media":214236,"comment_status":"","ping_status":"","sticky":false,"template":"","format":"standard","meta":{"footnotes":""},"categories":[4],"tags":[47,1058,1054,1059,1060,1055,11,26788,1057,118,1011,27,1061,5447,303,12,1062,25,656,104,1056,809],"class_list":{"0":"post-214235","1":"post","2":"type-post","3":"status-publish","4":"format-standard","5":"has-post-thumbnail","7":"category-france","8":"tag-actualite","9":"tag-actualite-education","10":"tag-actualite-france","11":"tag-actualite-justice","12":"tag-actualite-securite","13":"tag-actualite-societe","14":"tag-actualites","15":"tag-aisne","16":"tag-education","17":"tag-faits-divers","18":"tag-fr","19":"tag-france","20":"tag-immigration","21":"tag-intoxication","22":"tag-justice","23":"tag-news","24":"tag-polemique","25":"tag-republique-francaise","26":"tag-securite","27":"tag-societe","28":"tag-societe-francaise","29":"tag-violence"},"share_on_mastodon":{"url":"https:\/\/pubeurope.com\/@fr\/114768882208535317","error":""},"_links":{"self":[{"href":"https:\/\/www.europesays.com\/fr\/wp-json\/wp\/v2\/posts\/214235","targetHints":{"allow":["GET"]}}],"collection":[{"href":"https:\/\/www.europesays.com\/fr\/wp-json\/wp\/v2\/posts"}],"about":[{"href":"https:\/\/www.europesays.com\/fr\/wp-json\/wp\/v2\/types\/post"}],"author":[{"embeddable":true,"href":"https:\/\/www.europesays.com\/fr\/wp-json\/wp\/v2\/users\/2"}],"replies":[{"embeddable":true,"href":"https:\/\/www.europesays.com\/fr\/wp-json\/wp\/v2\/comments?post=214235"}],"version-history":[{"count":0,"href":"https:\/\/www.europesays.com\/fr\/wp-json\/wp\/v2\/posts\/214235\/revisions"}],"wp:featuredmedia":[{"embeddable":true,"href":"https:\/\/www.europesays.com\/fr\/wp-json\/wp\/v2\/media\/214236"}],"wp:attachment":[{"href":"https:\/\/www.europesays.com\/fr\/wp-json\/wp\/v2\/media?parent=214235"}],"wp:term":[{"taxonomy":"category","embeddable":true,"href":"https:\/\/www.europesays.com\/fr\/wp-json\/wp\/v2\/categories?post=214235"},{"taxonomy":"post_tag","embeddable":true,"href":"https:\/\/www.europesays.com\/fr\/wp-json\/wp\/v2\/tags?post=214235"}],"curies":[{"name":"wp","href":"https:\/\/api.w.org\/{rel}","templated":true}]}}