{"id":214237,"date":"2025-06-29T21:55:12","date_gmt":"2025-06-29T21:55:12","guid":{"rendered":"https:\/\/www.europesays.com\/fr\/214237\/"},"modified":"2025-06-29T21:55:12","modified_gmt":"2025-06-29T21:55:12","slug":"les-mesures-de-leducation-nationale-face-a-la-canicule","status":"publish","type":"post","link":"https:\/\/www.europesays.com\/fr\/214237\/","title":{"rendered":"les mesures de l&rsquo;\u00c9ducation nationale face \u00e0 la canicule"},"content":{"rendered":"<p>Les \u00e9tablissements scolaires doivent \u00ab adapter leur organisation et l&rsquo;utilisation des lieux en fonction de l&rsquo;exposition au soleil, afin d&rsquo;accueillir les \u00e9l\u00e8ves dans des espaces pr\u00e9serv\u00e9s de la chaleur \u00bb, a indiqu\u00e9 le minist\u00e8re dans un communiqu\u00e9, ce dimanche, avant <a href=\"https:\/\/www.ledauphine.com\/environnement\/2025\/06\/29\/la-france-suffoque-73-departements-places-en-vigilance-orange-canicule\" target=\"_blank\" rel=\"nofollow noopener\">la canicule pr\u00e9vue<\/a> pour la derni\u00e8re semaine de l&rsquo;ann\u00e9e scolaire, qui sera aussi marqu\u00e9e par les oraux du bac.<\/p>\n<p>Il rappelle par ailleurs que \u00ab notamment en cas de passage en vigilance rouge, les autorit\u00e9s pr\u00e9fectorales pourront d\u00e9cider, si n\u00e9cessaire, de la fermeture temporaire de certains \u00e9tablissements scolaires afin de garantir la s\u00e9curit\u00e9 des \u00e9l\u00e8ves et des personnels \u00bb.<\/p>\n<p>Eau \u00e0 disposition<\/p>\n<p>Par ailleurs, \u00ab des am\u00e9nagements sp\u00e9cifiques du fonctionnement des \u00e9coles et \u00e9tablissements scolaires pourront \u00eatre mis en place en concertation avec les collectivit\u00e9s locales \u00bb, a-t-il pr\u00e9cis\u00e9. \u00ab Dans ce cadre, lorsque cela est possible, les parents pourront garder leurs enfants \u00e0 domicile s\u2019ils le souhaitent \u00bb, a-t-il ajout\u00e9.<\/p>\n<p>Alors que les \u00e9l\u00e8ves de premi\u00e8re passent leurs oraux de fran\u00e7ais, et les \u00e9l\u00e8ves de terminale leur grand oral, le minist\u00e8re de l\u2019\u00c9ducation demande \u00ab d&rsquo;utiliser, dans la mesure du possible, des salles \u00e0 l&rsquo;ombre pour les \u00e9preuves \u00bb. Les \u00e9tablissements doivent \u00e9galement s&rsquo;assurer que \u00ab les candidats disposent d&rsquo;eau potable et\/ou leur permettre de sortir de la salle pour se d\u00e9salt\u00e9rer \u00bb.<\/p>\n<p>Des \u00e9coles ferm\u00e9es<\/p>\n<p>La f\u00e9d\u00e9ration de parents d&rsquo;\u00e9l\u00e8ves FCPE avait demand\u00e9 vendredi \u00e0 la ministre de l\u2019\u00c9ducation <a href=\"https:\/\/www.ledauphine.com\/p\/elisabeth-borne\" target=\"_blank\" rel=\"nofollow noopener\">\u00c9lisabeth Borne<\/a> de donner \u00ab d&rsquo;urgence \u00bb des \u00ab consignes claires \u00bb aux personnels pour adapter l&rsquo;accueil des \u00e9l\u00e8ves. Une grand partie du b\u00e2ti scolaire \u00ab est inadapt\u00e9e \u00bb aux fortes chaleurs, avait-elle soulign\u00e9. Des fermetures d&rsquo;\u00e9coles ont d\u00e9j\u00e0 \u00e9t\u00e9 d\u00e9cid\u00e9es sur le territoire pour faire face \u00e0 la chaleur \u00e9crasante. Selon la ministre de l&rsquo;Education nationale, \u00ab 200 \u00e9coles feront l&rsquo;objet d&rsquo;une fermeture partielle ou totale lundi ou mardi sur 45 000 \u00e9coles\u00a0\u00bb.<\/p>\n<p>\u00c0 Tours, o\u00f9 des maximales comprises entre 36\u00b0C et 38\u00b0C sont attendues jusqu&rsquo;en milieu de semaine, toutes les \u00e9coles fermeront lundi et mardi apr\u00e8s-midi pour \u00ab prot\u00e9ger les enfants et les personnels \u00bb et la municipalit\u00e9 \u00ab recommande fortement aux parents de garder leurs enfants \u00e0 la maison \u00bb lors des deux prochains jours. La quasi-totalit\u00e9 du pays est plong\u00e9e dans une chaleur \u00e9touffante, au moins jusqu&rsquo;en milieu de semaine prochaine selon les pr\u00e9visions de M\u00e9teo France.<\/p>\n","protected":false},"excerpt":{"rendered":"Les \u00e9tablissements scolaires doivent \u00ab adapter leur organisation et l&rsquo;utilisation des lieux en fonction de l&rsquo;exposition au soleil,&hellip;\n","protected":false},"author":2,"featured_media":214238,"comment_status":"","ping_status":"","sticky":false,"template":"","format":"standard","meta":{"footnotes":""},"categories":[2],"tags":[11,6698,1057,107,1011,27,329,8423,12,5140],"class_list":{"0":"post-214237","1":"post","2":"type-post","3":"status-publish","4":"format-standard","5":"has-post-thumbnail","7":"category-actualites","8":"tag-actualites","9":"tag-canicule","10":"tag-education","11":"tag-fil-info","12":"tag-fr","13":"tag-france","14":"tag-france-monde","15":"tag-meteorologie-climat","16":"tag-news","17":"tag-rechauffement-climatique"},"share_on_mastodon":{"url":"https:\/\/pubeurope.com\/@fr\/114768886334987944","error":""},"_links":{"self":[{"href":"https:\/\/www.europesays.com\/fr\/wp-json\/wp\/v2\/posts\/214237","targetHints":{"allow":["GET"]}}],"collection":[{"href":"https:\/\/www.europesays.com\/fr\/wp-json\/wp\/v2\/posts"}],"about":[{"href":"https:\/\/www.europesays.com\/fr\/wp-json\/wp\/v2\/types\/post"}],"author":[{"embeddable":true,"href":"https:\/\/www.europesays.com\/fr\/wp-json\/wp\/v2\/users\/2"}],"replies":[{"embeddable":true,"href":"https:\/\/www.europesays.com\/fr\/wp-json\/wp\/v2\/comments?post=214237"}],"version-history":[{"count":0,"href":"https:\/\/www.europesays.com\/fr\/wp-json\/wp\/v2\/posts\/214237\/revisions"}],"wp:featuredmedia":[{"embeddable":true,"href":"https:\/\/www.europesays.com\/fr\/wp-json\/wp\/v2\/media\/214238"}],"wp:attachment":[{"href":"https:\/\/www.europesays.com\/fr\/wp-json\/wp\/v2\/media?parent=214237"}],"wp:term":[{"taxonomy":"category","embeddable":true,"href":"https:\/\/www.europesays.com\/fr\/wp-json\/wp\/v2\/categories?post=214237"},{"taxonomy":"post_tag","embeddable":true,"href":"https:\/\/www.europesays.com\/fr\/wp-json\/wp\/v2\/tags?post=214237"}],"curies":[{"name":"wp","href":"https:\/\/api.w.org\/{rel}","templated":true}]}}