{"id":214253,"date":"2025-06-29T22:07:39","date_gmt":"2025-06-29T22:07:39","guid":{"rendered":"https:\/\/www.europesays.com\/fr\/214253\/"},"modified":"2025-06-29T22:07:39","modified_gmt":"2025-06-29T22:07:39","slug":"metropole-de-grenoble-un-enfant-de-quatre-ans-renverse-par-une-voiture-a-echirolles","status":"publish","type":"post","link":"https:\/\/www.europesays.com\/fr\/214253\/","title":{"rendered":"M\u00e9tropole de Grenoble. Un enfant de quatre ans renvers\u00e9 par une voiture \u00e0 \u00c9chirolles"},"content":{"rendered":"<p>Un petit gar\u00e7on de 4 ans a \u00e9t\u00e9 renvers\u00e9 par un automobiliste, dans des circonstances que les policiers vont tenter d\u2019\u00e9tablir, ce vendredi 27\u00a0juin peu apr\u00e8s 16\u00a0h\u00a030 sur l\u2019avenue Danielle-Casanova dans le quartier de La Luire \u00e0 \u00c9chirolles, \u00e0 la hauteur de l\u2019\u00e9cole maternelle du m\u00eame nom.<\/p>\n<p>Ce contenu est bloqu\u00e9 car vous n&rsquo;avez pas accept\u00e9 les cookies et autres traceurs.<\/p>\n<p>En cliquant sur \u00ab J\u2019accepte \u00bb, les cookies et autres traceurs seront d\u00e9pos\u00e9s et vous pourrez visualiser les contenus  (<a href=\"\" class=\"consentModule_policy\" target=\"_blank\" title=\"Consulter la politique de protection des donn\u00e9es du fournisseur\">plus d&rsquo;informations<\/a>).<\/p>\n<p>En cliquant sur \u00ab J\u2019accepte tous les cookies \u00bb, vous autorisez des d\u00e9p\u00f4ts de cookies et autres traceurs pour le stockage de vos donn\u00e9es sur nos sites et applications \u00e0 des fins de personnalisation et de ciblage publicitaire.<\/p>\n<p class=\"consentModule_secondaryText\">Vous gardez la possibilit\u00e9 de retirer votre consentement \u00e0 tout moment en consultant notre <a href=\"https:\/\/www.ledauphine.com\/protection-des-donnees\" target=\"_blank\" title=\"Consulter notre politique de protection des donn\u00e9es\" rel=\"noopener\">politique de protection des donn\u00e9es<\/a>. <br \/>&#13;<br \/>\n            <a href=\"https:\/\/www.ledauphine.com\/faits-divers-justice\/2025\/06\/27\/javascript:Didomi.notice.show()\" class=\"consentModule_cmp\" target=\"_blank\" rel=\"noopener\">G\u00e9rer mes choix<\/a>&#13;\n        <\/p>\n<p>&#13;<br \/>\n                        J&rsquo;accepte&#13;<br \/>\n            J&rsquo;accepte tous les cookies&#13;\n        <\/p>\n<p>Selon nos informations, le conducteur \u2013 un homme de 66 ans \u2014 roulait \u00e0 faible allure mais l\u2019enfant s\u2019est tout de m\u00eame retrouv\u00e9 sous la voiture.<\/p>\n<p>Gravement bless\u00e9, il en a \u00e9t\u00e9 d\u00e9gag\u00e9 avant d\u2019\u00eatre secouru par les sapeurs-pompiers et m\u00e9dicalis\u00e9 par une \u00e9quipe du Samu 38 qui l\u2019a transport\u00e9 au CHU Grenoble-Alpes o\u00f9 il a \u00e9t\u00e9 admis au service de d\u00e9chocage.<\/p>\n<p>L\u2019automobiliste, choqu\u00e9, a \u00e9galement \u00e9t\u00e9 pris en charge par les secouristes et conduit \u00e0 l\u2019h\u00f4pital.<\/p>\n","protected":false},"excerpt":{"rendered":"Un petit gar\u00e7on de 4 ans a \u00e9t\u00e9 renvers\u00e9 par un automobiliste, dans des circonstances que les policiers&hellip;\n","protected":false},"author":2,"featured_media":214254,"comment_status":"","ping_status":"","sticky":false,"template":"","format":"standard","meta":{"footnotes":""},"categories":[9566],"tags":[119,1111,11,2430,9852,9853,112,1777,674,274,107,1011,27,2731,108,12,25],"class_list":{"0":"post-214253","1":"post","2":"type-post","3":"status-publish","4":"format-standard","5":"has-post-thumbnail","7":"category-grenoble","8":"tag-accident","9":"tag-actu","10":"tag-actualites","11":"tag-auvergne-rhone-alpes","12":"tag-echirolles","13":"tag-echirolles-bassin","14":"tag-edition-grenoble-agglomeration","15":"tag-eu","16":"tag-europe","17":"tag-faits-divers-justice","18":"tag-fil-info","19":"tag-fr","20":"tag-france","21":"tag-grenoble","22":"tag-isere","23":"tag-news","24":"tag-republique-francaise"},"share_on_mastodon":{"url":"https:\/\/pubeurope.com\/@fr\/114768933306044904","error":""},"_links":{"self":[{"href":"https:\/\/www.europesays.com\/fr\/wp-json\/wp\/v2\/posts\/214253","targetHints":{"allow":["GET"]}}],"collection":[{"href":"https:\/\/www.europesays.com\/fr\/wp-json\/wp\/v2\/posts"}],"about":[{"href":"https:\/\/www.europesays.com\/fr\/wp-json\/wp\/v2\/types\/post"}],"author":[{"embeddable":true,"href":"https:\/\/www.europesays.com\/fr\/wp-json\/wp\/v2\/users\/2"}],"replies":[{"embeddable":true,"href":"https:\/\/www.europesays.com\/fr\/wp-json\/wp\/v2\/comments?post=214253"}],"version-history":[{"count":0,"href":"https:\/\/www.europesays.com\/fr\/wp-json\/wp\/v2\/posts\/214253\/revisions"}],"wp:featuredmedia":[{"embeddable":true,"href":"https:\/\/www.europesays.com\/fr\/wp-json\/wp\/v2\/media\/214254"}],"wp:attachment":[{"href":"https:\/\/www.europesays.com\/fr\/wp-json\/wp\/v2\/media?parent=214253"}],"wp:term":[{"taxonomy":"category","embeddable":true,"href":"https:\/\/www.europesays.com\/fr\/wp-json\/wp\/v2\/categories?post=214253"},{"taxonomy":"post_tag","embeddable":true,"href":"https:\/\/www.europesays.com\/fr\/wp-json\/wp\/v2\/tags?post=214253"}],"curies":[{"name":"wp","href":"https:\/\/api.w.org\/{rel}","templated":true}]}}