{"id":214255,"date":"2025-06-29T22:08:12","date_gmt":"2025-06-29T22:08:12","guid":{"rendered":"https:\/\/www.europesays.com\/fr\/214255\/"},"modified":"2025-06-29T22:08:12","modified_gmt":"2025-06-29T22:08:12","slug":"faut-il-arreter-tout-sport-pendant-une-vague-de-chaleur-les-reponses-dun-medecin-2","status":"publish","type":"post","link":"https:\/\/www.europesays.com\/fr\/214255\/","title":{"rendered":"Faut-il arr\u00eater tout sport pendant une vague de chaleur\u00a0? Les r\u00e9ponses d\u2019un m\u00e9decin"},"content":{"rendered":"<tr wp_automatic_readability=\"5.8909090909091\">\n<td valign=\"middle\" align=\"center\" class=\"col-logo\" wp_automatic_readability=\"5\">\n    <img decoding=\"async\" src=\"https:\/\/maville.com\/design\/images\/logo-of-monetise.svg?version=20130627\" alt=\"logo Ouest-France\" height=\"66\"\/><\/p>\n<p>Contenu r\u00e9serv\u00e9 aux abonn\u00e9s<\/p>\n<\/td>\n<td class=\"col-titre\">\n\t\t\tDimanche 29 juin 2025 21:33<br \/>\n\t\t\t<a class=\"icon-bulle sizeL count\" href=\"#ancreAvis\"><br \/>\n\t&#8230;<br \/>\n<\/a><\/td>\n<\/tr>\n<p>\t\t<a class=\"mavillebox2 elmt-photo\" href=\"https:\/\/maville.com\/photosmvi\/2025\/06\/29\/P35322367D6877242G.jpg\" title=\" Pour le Dr Fran\u00e7ois Carr\u00e9, il faut continuer \u00e0 \u00ab\u00a0bouger\u00a0\u00bb m\u00eame pendant les fortes chaleurs. La cl\u00e9 est d\u2019adapter son activit\u00e9.  \u00a9  OUEST-FRANCE  &lt;!--TAG-BLC credit--&gt;\" rel=\"galerie_actu noopener\" target=\"_blank\"><br \/>\n\t<img decoding=\"async\" src=\"https:\/\/www.europesays.com\/fr\/wp-content\/uploads\/2025\/06\/P35322367D6877242G_crop_640-330_.jpg\" alt=\"photo  pour le dr fran\u00e7ois carr\u00e9, il faut continuer \u00e0 \u00ab\u00a0bouger\u00a0\u00bb m\u00eame pendant les fortes chaleurs. la cl\u00e9 est d\u2019adapter son activit\u00e9.  \u00a9  ouest-france \"\/><br \/>\n\t1<br \/>\n<\/a><\/p>\n<p class=\"elmt-legende\"> Pour le Dr Fran\u00e7ois Carr\u00e9, il faut continuer \u00e0 \u00ab\u00a0bouger\u00a0\u00bb m\u00eame pendant les fortes chaleurs. La cl\u00e9 est d\u2019adapter son activit\u00e9.  \u00a9  OUEST-FRANCE  <\/p>\n<p>\t\tL\u2019Ille-et-Vilaine est confront\u00e9 \u00e0 une nouvelle vague de chaleur. La temp\u00e9rature devrait atteindre 38 \u00b0C \u00e0 Rennes lundi 30\u00a0juin 2025. Faut-il arr\u00eater toute pratique sportive\u00a0? Cardiologue et m\u00e9decin du sport au CHU de Pontchaillou, le professeur Fran\u00e7ois Carr\u00e9 recommande d\u2019adapter son activit\u00e9, sans pour autant s\u2019arr\u00eater.<\/p>\n<p><b>Cet article est r\u00e9serv\u00e9 aux abonn\u00e9s<\/b><\/p>\n<p>Pour un acc\u00e8s imm\u00e9diat, abonnez-vous<\/p>\n<p><b>1\u00e8re semaine offerte<\/b><\/p>\n<p>\t\t Recueilli par Romain LECOMPTE. \u00a0\u00a0<br \/>\n\t\tOuest-France<\/p>\n<p>Retrouvez d&rsquo;autres actus sur la commune de :<\/p>\n<p>\t\t&#13;<\/p>\n","protected":false},"excerpt":{"rendered":"Contenu r\u00e9serv\u00e9 aux abonn\u00e9s Dimanche 29 juin 2025 21:33 &#8230; 1 Pour le Dr Fran\u00e7ois Carr\u00e9, il faut&hellip;\n","protected":false},"author":2,"featured_media":214145,"comment_status":"","ping_status":"","sticky":false,"template":"","format":"standard","meta":{"footnotes":""},"categories":[2821],"tags":[1111,11,3809,1465,829,1777,674,63,1011,27,1792,1922,12,584,25,479,517,1470],"class_list":{"0":"post-214255","1":"post","2":"type-post","3":"status-publish","4":"format-standard","5":"has-post-thumbnail","7":"category-rennes","8":"tag-actu","9":"tag-actualites","10":"tag-ball","11":"tag-basket","12":"tag-bretagne","13":"tag-eu","14":"tag-europe","15":"tag-football","16":"tag-fr","17":"tag-france","18":"tag-handball","19":"tag-info","20":"tag-news","21":"tag-rennes","22":"tag-republique-francaise","23":"tag-rugby","24":"tag-sport","25":"tag-volley"},"share_on_mastodon":{"url":"https:\/\/pubeurope.com\/@fr\/114768937324498782","error":""},"_links":{"self":[{"href":"https:\/\/www.europesays.com\/fr\/wp-json\/wp\/v2\/posts\/214255","targetHints":{"allow":["GET"]}}],"collection":[{"href":"https:\/\/www.europesays.com\/fr\/wp-json\/wp\/v2\/posts"}],"about":[{"href":"https:\/\/www.europesays.com\/fr\/wp-json\/wp\/v2\/types\/post"}],"author":[{"embeddable":true,"href":"https:\/\/www.europesays.com\/fr\/wp-json\/wp\/v2\/users\/2"}],"replies":[{"embeddable":true,"href":"https:\/\/www.europesays.com\/fr\/wp-json\/wp\/v2\/comments?post=214255"}],"version-history":[{"count":0,"href":"https:\/\/www.europesays.com\/fr\/wp-json\/wp\/v2\/posts\/214255\/revisions"}],"wp:featuredmedia":[{"embeddable":true,"href":"https:\/\/www.europesays.com\/fr\/wp-json\/wp\/v2\/media\/214145"}],"wp:attachment":[{"href":"https:\/\/www.europesays.com\/fr\/wp-json\/wp\/v2\/media?parent=214255"}],"wp:term":[{"taxonomy":"category","embeddable":true,"href":"https:\/\/www.europesays.com\/fr\/wp-json\/wp\/v2\/categories?post=214255"},{"taxonomy":"post_tag","embeddable":true,"href":"https:\/\/www.europesays.com\/fr\/wp-json\/wp\/v2\/tags?post=214255"}],"curies":[{"name":"wp","href":"https:\/\/api.w.org\/{rel}","templated":true}]}}