{"id":21426,"date":"2025-04-13T05:12:14","date_gmt":"2025-04-13T05:12:14","guid":{"rendered":"https:\/\/www.europesays.com\/fr\/21426\/"},"modified":"2025-04-13T05:12:14","modified_gmt":"2025-04-13T05:12:14","slug":"brest-voici-a-quelle-heure-et-sur-quelle-chaine-voir-le-match-des-verts","status":"publish","type":"post","link":"https:\/\/www.europesays.com\/fr\/21426\/","title":{"rendered":"Brest : voici \u00e0 quelle heure et sur quelle cha\u00eene voir le match des Verts"},"content":{"rendered":"<p>            Par<br \/>\n        <strong><br \/>\n            <a href=\"https:\/\/actu.fr\/auteur\/julien-sournies\" title=\"Consulter tous les articles de Julien Sournies\" target=\"_blank\" rel=\"noopener\">Julien Sournies<\/a><br \/>\n        <\/strong><\/p>\n<p>        Publi\u00e9 le<\/p>\n<p>            12 avr. 2025 \u00e0 6h02        <\/p>\n<p>Le sprint final d\u00e9bute v\u00e9ritablement pour l\u2019<a href=\"https:\/\/actu.fr\/saint-etienne\/sports\/football\" target=\"_blank\" rel=\"noopener\">ASSE<\/a>. Ce dimanche 13\u00a0avril 2025, <a href=\"https:\/\/actu.fr\/saint-etienne\/\" target=\"_blank\" rel=\"noopener\">Saint-\u00c9tienne<\/a> accueille le<strong> Stade brestois<\/strong> \u00e0 Geoffroy-Guichard pour le compte de la 29e journ\u00e9e de Ligue\u00a01. Un match \u00f4 combien crucial pour les joueurs d\u2019Eirik Horneland dans leur qu\u00eate au maintien.<\/p>\n<p>L\u2019ASSE en plein doute<\/p>\n<p class=\" wall-content\">Pointant \u00e0 la 17e et avant-derni\u00e8re place du championnat, les Verts naviguent dans le flou ces derniers temps. S\u00e8chement battus \u00e0 la maison par le PSG (1-6), puis d\u00e9faits derni\u00e8rement \u00e0 Lens (1-0), les St\u00e9phanois <strong>n\u2019arrivent plus \u00e0 renouer avec la victoire<\/strong>.<\/p>\n<p class=\" wall-content\">De fait, une r\u00e9action semble plus qu\u2019imp\u00e9rative \u00e0 tout juste six journ\u00e9es de la fin du championnat. Mais la t\u00e2che sera rude pour les Verts. Pour cause, en face, Brest (8e), auteur d\u2019un tr\u00e8s bon parcours en Ligue des champions cette saison, est toujours dans la course aux places europ\u00e9ennes.<\/p>\n<p class=\" wall-content\">De surcro\u00eet, les Bretons, contrairement aux Lig\u00e9riens, entretiennent une dynamique positive, invaincus lors de leurs quatre derni\u00e8res rencontres.<\/p>\n<p>\u00c0 15\u00a0heures sur DAZN<\/p>\n<p class=\" wall-content\">Pour les supporters n\u2019ayant pas l\u2019opportunit\u00e9 de se rendre au stade Geoffroy-Guichard, le coup d\u2019envoi du match sera donn\u00e9 \u00e0<strong> 15\u00a0heures<\/strong> sur la plateforme britannique<strong> DAZN<\/strong>, co-diffuseur de la Ligue avec BeIN Sports.<\/p>\n<p>Vid\u00e9os : en ce moment sur Actu<\/p>\n<p class=\" wall-content\">Pour rappel, le match aller s\u2019\u00e9tait sold\u00e9 sur large victoire bretonne (4-0). De quoi donner du grain \u00e0 moudre \u00e0 l\u2019ASSE.<\/p>\n<p class=\" wall-content\">Suivez toute l\u2019actualit\u00e9 de vos villes et m\u00e9dias favoris en vous inscrivant \u00e0 <a href=\"https:\/\/moncompte.actu.fr\" title=\"D\u00e9couvez Mon Actu\" rel=\"nofollow noopener\" data-trk=\"{&quot;cta&quot;:{&quot;action&quot;:&quot;https:\\\/\\\/moncompte.actu.fr&quot;,&quot;category&quot;:&quot;mon compte&quot;,&quot;from&quot;:&quot;article footer&quot;,&quot;name&quot;:&quot;Mon actu&quot;,&quot;type&quot;:&quot;cta&quot;}}\" target=\"_blank\">Mon Actu<\/a>.<\/p>\n<ul class=\"ac-article-tag wall-content\">\n<li><a href=\"https:\/\/actu.fr\/tag\/association-sportive-saint-etienne-asse\" data-trk=\"{&quot;cta&quot;:{&quot;action&quot;:&quot;Association Sportive Saint Etienne (ASSE)&quot;,&quot;category&quot;:&quot;tag&quot;,&quot;from&quot;:&quot;article footer&quot;,&quot;name&quot;:&quot;Association Sportive Saint Etienne (ASSE)&quot;,&quot;type&quot;:&quot;cta&quot;}}\" target=\"_blank\" rel=\"noopener\">#Association Sportive Saint Etienne (ASSE)<\/a><\/li>\n<li><a href=\"https:\/\/actu.fr\/tag\/stade-brestois-29\" data-trk=\"{&quot;cta&quot;:{&quot;action&quot;:&quot;Stade brestois 29&quot;,&quot;category&quot;:&quot;tag&quot;,&quot;from&quot;:&quot;article footer&quot;,&quot;name&quot;:&quot;Stade brestois 29&quot;,&quot;type&quot;:&quot;cta&quot;}}\" target=\"_blank\" rel=\"noopener\">#Stade brestois 29<\/a><\/li>\n<\/ul>\n","protected":false},"excerpt":{"rendered":"Par Julien Sournies Publi\u00e9 le 12 avr. 2025 \u00e0 6h02 Le sprint final d\u00e9bute v\u00e9ritablement pour l\u2019ASSE. Ce&hellip;\n","protected":false},"author":2,"featured_media":21427,"comment_status":"","ping_status":"","sticky":false,"template":"","format":"standard","meta":{"footnotes":""},"categories":[2],"tags":[11,8019,63,1011,27,12,25,60,8020],"class_list":{"0":"post-21426","1":"post","2":"type-post","3":"status-publish","4":"format-standard","5":"has-post-thumbnail","7":"category-actualites","8":"tag-actualites","9":"tag-association-sportive-saint-etienne-asse","10":"tag-football","11":"tag-fr","12":"tag-france","13":"tag-news","14":"tag-republique-francaise","15":"tag-sports","16":"tag-stade-brestois-29"},"share_on_mastodon":{"url":"https:\/\/pubeurope.com\/@fr\/114328944301516628","error":""},"_links":{"self":[{"href":"https:\/\/www.europesays.com\/fr\/wp-json\/wp\/v2\/posts\/21426","targetHints":{"allow":["GET"]}}],"collection":[{"href":"https:\/\/www.europesays.com\/fr\/wp-json\/wp\/v2\/posts"}],"about":[{"href":"https:\/\/www.europesays.com\/fr\/wp-json\/wp\/v2\/types\/post"}],"author":[{"embeddable":true,"href":"https:\/\/www.europesays.com\/fr\/wp-json\/wp\/v2\/users\/2"}],"replies":[{"embeddable":true,"href":"https:\/\/www.europesays.com\/fr\/wp-json\/wp\/v2\/comments?post=21426"}],"version-history":[{"count":0,"href":"https:\/\/www.europesays.com\/fr\/wp-json\/wp\/v2\/posts\/21426\/revisions"}],"wp:featuredmedia":[{"embeddable":true,"href":"https:\/\/www.europesays.com\/fr\/wp-json\/wp\/v2\/media\/21427"}],"wp:attachment":[{"href":"https:\/\/www.europesays.com\/fr\/wp-json\/wp\/v2\/media?parent=21426"}],"wp:term":[{"taxonomy":"category","embeddable":true,"href":"https:\/\/www.europesays.com\/fr\/wp-json\/wp\/v2\/categories?post=21426"},{"taxonomy":"post_tag","embeddable":true,"href":"https:\/\/www.europesays.com\/fr\/wp-json\/wp\/v2\/tags?post=21426"}],"curies":[{"name":"wp","href":"https:\/\/api.w.org\/{rel}","templated":true}]}}