{"id":214264,"date":"2025-06-29T22:14:14","date_gmt":"2025-06-29T22:14:14","guid":{"rendered":"https:\/\/www.europesays.com\/fr\/214264\/"},"modified":"2025-06-29T22:14:14","modified_gmt":"2025-06-29T22:14:14","slug":"placee-en-vigilance-orange-canicule-la-loire-atlantique-vers-des-records-mensuels-de-chaleur","status":"publish","type":"post","link":"https:\/\/www.europesays.com\/fr\/214264\/","title":{"rendered":"Plac\u00e9e en vigilance orange canicule, la Loire-Atlantique vers des records mensuels de chaleur"},"content":{"rendered":"<p>Prudence pour les jours \u00e0 venir\u00a0: tout comme 73\u00a0d\u00e9partements, la Loire-Atlantique est plac\u00e9e <a href=\"https:\/\/rennes.maville.com\/actu\/actudet_-canicule-jusqu-a-quand-va-durer-la-vague-de-chaleur-qui-gagne-toute-la-france-_54135-6876741_actu.Htm\" target=\"_self\" rel=\"noopener\">en vigilance orange canicule<\/a> par M\u00e9t\u00e9o France, depuis ce dimanche 29\u00a0juin, midi.<\/p>\n<p>Vers des records mensuels de chaleur\u00a0?<\/p>\n<p>32\u00a0\u00b0C lundi matin 30\u00a0juin, 38\u00a0\u00b0C l\u2019apr\u00e8s-midi\u00a0: ces temp\u00e9ratures \u00e9lev\u00e9es sont attendues \u00e0 Ancenis-Saint-G\u00e9r\u00e9on, ville du d\u00e9partement o\u00f9 il fera le plus chaud ce premier jour de la semaine. Ch\u00e2teaubriant, Sion-les-Mines, Saint-Mars-la-Jaille, Nort-sur-Erdre, Vallet suivent de pr\u00e8s avec 37\u00a0\u00b0C annonc\u00e9s lundi apr\u00e8s-midi. \u00c0 Nantes, les temp\u00e9ratures seront tout aussi \u00e9touffantes avec 36\u00a0\u00b0C attendus.\u00a0 <strong>\u00ab\u00a0Ces valeurs correspondent \u00e0 une anomalie de +\u00a010 \u00e0 +\u00a014\u00a0\u00b0C par rapport aux normales saisonni\u00e8res,<\/strong> analyse Steven Tual, m\u00e9t\u00e9orologue, sur sa <a href=\"https:\/\/www.facebook.com\/p\/Temps-Breton-61558051888132\/\" target=\"_blank\" rel=\"noopener\">page Facebook Temps breton.<\/a>\u00a0<strong>Des records mensuels de chaleur sont possibles lundi.\u00a0\u00bb<\/strong><\/p>\n<p>\t<img decoding=\"async\" src=\"https:\/\/www.europesays.com\/fr\/wp-content\/uploads\/2025\/06\/P35321805D6876940G_px_640_.jpg\" alt=\"photo il va faire tr\u00e8s chaud en loire-atlantique ce lundi 30\u00a0juin.  \u00a9  capture d\u2019\u00e9cran m\u00e9t\u00e9o france\" width=\"640\" title=\" Il va faire tr\u00e8s chaud en Loire-Atlantique ce lundi 30\u00a0juin.   Capture d\u2019\u00e9cran M\u00e9t\u00e9o France \"\/><\/p>\n<p class=\"elmt-legende\"> Il va faire tr\u00e8s chaud en Loire-Atlantique ce lundi 30\u00a0juin.   Capture d\u2019\u00e9cran M\u00e9t\u00e9o France <\/p>\n<p>Pour le premier\u00a0jour de juillet, mardi, \u00a0un pic tr\u00e8s violent est attendu avec des maximales qui atteindront jusqu\u2019\u00e0 39\u00a0\u00b0C \u00e0 l\u2019est de la Loire-Atlantique\u00a0, annonce Steven Tual.\u00a0Et la nuit\u00a0? Il fera tr\u00e8s chaud \u00e9galement\u00a0: \u00a0Les temp\u00e9ratures nocturnes seront \u00e9lev\u00e9es avec des valeurs parfois sup\u00e9rieures \u00e0 20\u00a0\u00b0C toute la nuit\u00a0, annonce le professionnel.<\/p>\n<p><strong>Lire aussi\u00a0:<\/strong>\u00a0<a href=\"https:\/\/rennes.maville.com\/actu\/actudet_-canicule-jusqu-a-quand-va-durer-la-vague-de-chaleur-qui-gagne-toute-la-france-_54135-6876741_actu.Htm\" target=\"_self\" rel=\"noopener\">Canicule\u00a0: jusqu\u2019\u00e0 quand va durer la vague de chaleur qui gagne toute la France\u00a0?<\/a><\/p>\n<p>Les recommandations de la pr\u00e9fecture<\/p>\n<p>Le pr\u00e9fet rappelle les principaux conseils et gestes simples \u00e0 adopter pour se prot\u00e9ger des fortes chaleurs, notamment pour les personnes fragiles\u00a0: boire r\u00e9guli\u00e8rement de l\u2019eau sans attendre d\u2019avoir soif\u00a0; se rafra\u00eechir et se mouiller le corps (au moins le visage et les avant-bras) plusieurs fois par jour\u00a0; \u00e9viter de sortir aux heures les plus chaudes\u00a0; maintenir son logement frais en fermant fen\u00eatres et volets la journ\u00e9e\u00a0; si le logement ne peut pas rester frais, passez plusieurs heures par jour dans un lieu frais (salle rafra\u00eechie, parcs, biblioth\u00e8que municipale, mus\u00e9e, supermarch\u00e9\u2026)\u00a0; manger en quantit\u00e9 suffisante des plats l\u00e9gers et riches en eaux (fruits et l\u00e9gumes)\u00a0; prendre r\u00e9guli\u00e8rement des nouvelles de ses proches, surtout les plus fragiles\u00a0; \u00e9vitez de sortir aux heures les plus chaudes (11\u00a0h &#8211;\u00a021\u00a0h),\u00a0etc..<\/p>\n<p>\t<img decoding=\"async\" src=\"https:\/\/www.europesays.com\/fr\/wp-content\/uploads\/2025\/06\/P35321806D6876940G_px_640_.jpg\" alt=\"photo avec les fortes chaleurs, il est recommand\u00e9 de boire beaucoup d\u2019eau.  \u00a9  archives afp\" width=\"640\" title=\" Avec les fortes chaleurs, il est recommand\u00e9 de boire beaucoup d\u2019eau.   Archives AFP \"\/><\/p>\n<p class=\"elmt-legende\"> Avec les fortes chaleurs, il est recommand\u00e9 de boire beaucoup d\u2019eau.   Archives AFP <\/p>\n<p>En cas de coup de chaleur, \u00a0si vous avez des crampes, des maux de t\u00eate, des naus\u00e9es ou une fatigue inhabituelle, mettez-vous dans un lieu frais, buvez, arr\u00eatez toute activit\u00e9 physique, aspergez-vous d\u2019eau et ventilez-vous, si les signes surviennent apr\u00e8s une exposition directe au soleil. Dans tous les cas, appelez un m\u00e9decin si les sympt\u00f4mes s\u2019aggravent ou persistent plus d\u2019une heure\u00a0\u00bb, communique la pr\u00e9fecture de Loire-Atlantique.<\/p>\n<p><strong>Contact.<\/strong> Une plateforme t\u00e9l\u00e9phonique nationale, au 0\u00a0800\u00a006\u00a066\u00a066, est active du lundi au samedi, de 9\u00a0h \u00e0 19\u00a0h (appel gratuit depuis un poste fixe en France).<\/p>\n<p>\u00a0<\/p>\n","protected":false},"excerpt":{"rendered":"Prudence pour les jours \u00e0 venir\u00a0: tout comme 73\u00a0d\u00e9partements, la Loire-Atlantique est plac\u00e9e en vigilance orange canicule par&hellip;\n","protected":false},"author":2,"featured_media":214265,"comment_status":"","ping_status":"","sticky":false,"template":"","format":"standard","meta":{"footnotes":""},"categories":[2818],"tags":[1111,11,6698,13208,1777,674,1011,27,3047,35377,766,12,738,2636,32753,16659,25,15192],"class_list":{"0":"post-214264","1":"post","2":"type-post","3":"status-publish","4":"format-standard","5":"has-post-thumbnail","7":"category-nantes","8":"tag-actu","9":"tag-actualites","10":"tag-canicule","11":"tag-chaleur","12":"tag-eu","13":"tag-europe","14":"tag-fr","15":"tag-france","16":"tag-loire-atlantique","17":"tag-mensuels","18":"tag-nantes","19":"tag-news","20":"tag-orange","21":"tag-pays-de-la-loire","22":"tag-placee","23":"tag-records","24":"tag-republique-francaise","25":"tag-vigilance"},"share_on_mastodon":{"url":"https:\/\/pubeurope.com\/@fr\/114768960856085672","error":""},"_links":{"self":[{"href":"https:\/\/www.europesays.com\/fr\/wp-json\/wp\/v2\/posts\/214264","targetHints":{"allow":["GET"]}}],"collection":[{"href":"https:\/\/www.europesays.com\/fr\/wp-json\/wp\/v2\/posts"}],"about":[{"href":"https:\/\/www.europesays.com\/fr\/wp-json\/wp\/v2\/types\/post"}],"author":[{"embeddable":true,"href":"https:\/\/www.europesays.com\/fr\/wp-json\/wp\/v2\/users\/2"}],"replies":[{"embeddable":true,"href":"https:\/\/www.europesays.com\/fr\/wp-json\/wp\/v2\/comments?post=214264"}],"version-history":[{"count":0,"href":"https:\/\/www.europesays.com\/fr\/wp-json\/wp\/v2\/posts\/214264\/revisions"}],"wp:featuredmedia":[{"embeddable":true,"href":"https:\/\/www.europesays.com\/fr\/wp-json\/wp\/v2\/media\/214265"}],"wp:attachment":[{"href":"https:\/\/www.europesays.com\/fr\/wp-json\/wp\/v2\/media?parent=214264"}],"wp:term":[{"taxonomy":"category","embeddable":true,"href":"https:\/\/www.europesays.com\/fr\/wp-json\/wp\/v2\/categories?post=214264"},{"taxonomy":"post_tag","embeddable":true,"href":"https:\/\/www.europesays.com\/fr\/wp-json\/wp\/v2\/tags?post=214264"}],"curies":[{"name":"wp","href":"https:\/\/api.w.org\/{rel}","templated":true}]}}