{"id":214280,"date":"2025-06-29T22:24:29","date_gmt":"2025-06-29T22:24:29","guid":{"rendered":"https:\/\/www.europesays.com\/fr\/214280\/"},"modified":"2025-06-29T22:24:29","modified_gmt":"2025-06-29T22:24:29","slug":"un-homme-entre-la-vie-et-la-mort-apres-une-chute-sur-les-rails-du-metro-a","status":"publish","type":"post","link":"https:\/\/www.europesays.com\/fr\/214280\/","title":{"rendered":"un homme entre la vie et la mort apr\u00e8s une chute sur les rails du m\u00e9tro A"},"content":{"rendered":"<p itemprop=\"description\"><strong>Un jeune homme a \u00e9t\u00e9 retrouv\u00e9 gri\u00e8vement bless\u00e9 sur les voies du m\u00e9tro lyonnais, dans la nuit de samedi \u00e0 dimanche, en plein centre-ville.<\/strong><\/p>\n<p data-start=\"1578\" data-end=\"1835\">Il \u00e9tait 1h30 du matin ce dimanche 29 juin, lorsque les secours sont intervenus \u00e0 la station H\u00f4tel de Ville, sur la ligne A du m\u00e9tro. Un homme de 25 ans venait d\u2019\u00eatre d\u00e9couvert inconscient sur les rails, dans des circonstances encore inconnues \u00e0 ce stade.<\/p>\n<p data-start=\"1837\" data-end=\"2121\">Alert\u00e9 par un agent TCL, un \u00e9quipage de police s\u2019est rendu rapidement sur place. L\u2019\u00e9lectricit\u00e9 a \u00e9t\u00e9 coup\u00e9e afin de permettre aux secours d\u2019acc\u00e9der \u00e0 la victime.<\/p>\n<p data-start=\"1837\" data-end=\"2121\">Pris en charge par un m\u00e9decin du Smur, le jeune homme a \u00e9t\u00e9 transport\u00e9 en urgence \u00e0 l\u2019h\u00f4pital \u00c9douard-Herriot (Lyon 3e).<\/p>\n<p data-start=\"2123\" data-end=\"2270\">Selon les informations du Progr\u00e8s, son pronostic vital \u00e9tait engag\u00e9 lors de sa prise en charge. Une enqu\u00eate devra d\u00e9terminer les circonstances exactes de la chute.<\/p>\n","protected":false},"excerpt":{"rendered":"Un jeune homme a \u00e9t\u00e9 retrouv\u00e9 gri\u00e8vement bless\u00e9 sur les voies du m\u00e9tro lyonnais, dans la nuit de&hellip;\n","protected":false},"author":2,"featured_media":214281,"comment_status":"","ping_status":"","sticky":false,"template":"","format":"standard","meta":{"footnotes":""},"categories":[1889],"tags":[1111,11,2813,2190,2430,1109,251,1112,2811,1777,674,118,1011,27,1922,1110,1114,2428,2810,12,241,316,25,2812,517,800],"class_list":{"0":"post-214280","1":"post","2":"type-post","3":"status-publish","4":"format-standard","5":"has-post-thumbnail","7":"category-lyon","8":"tag-actu","9":"tag-actualites","10":"tag-article","11":"tag-asvel","12":"tag-auvergne-rhone-alpes","13":"tag-breves","14":"tag-culture","15":"tag-depeches","16":"tag-economique","17":"tag-eu","18":"tag-europe","19":"tag-faits-divers","20":"tag-fr","21":"tag-france","22":"tag-info","23":"tag-informations","24":"tag-infos","25":"tag-lyon","26":"tag-lyonmag","27":"tag-news","28":"tag-ol","29":"tag-politique","30":"tag-republique-francaise","31":"tag-sociale","32":"tag-sport","33":"tag-transports"},"share_on_mastodon":{"url":"https:\/\/pubeurope.com\/@fr\/114769000139243967","error":""},"_links":{"self":[{"href":"https:\/\/www.europesays.com\/fr\/wp-json\/wp\/v2\/posts\/214280","targetHints":{"allow":["GET"]}}],"collection":[{"href":"https:\/\/www.europesays.com\/fr\/wp-json\/wp\/v2\/posts"}],"about":[{"href":"https:\/\/www.europesays.com\/fr\/wp-json\/wp\/v2\/types\/post"}],"author":[{"embeddable":true,"href":"https:\/\/www.europesays.com\/fr\/wp-json\/wp\/v2\/users\/2"}],"replies":[{"embeddable":true,"href":"https:\/\/www.europesays.com\/fr\/wp-json\/wp\/v2\/comments?post=214280"}],"version-history":[{"count":0,"href":"https:\/\/www.europesays.com\/fr\/wp-json\/wp\/v2\/posts\/214280\/revisions"}],"wp:featuredmedia":[{"embeddable":true,"href":"https:\/\/www.europesays.com\/fr\/wp-json\/wp\/v2\/media\/214281"}],"wp:attachment":[{"href":"https:\/\/www.europesays.com\/fr\/wp-json\/wp\/v2\/media?parent=214280"}],"wp:term":[{"taxonomy":"category","embeddable":true,"href":"https:\/\/www.europesays.com\/fr\/wp-json\/wp\/v2\/categories?post=214280"},{"taxonomy":"post_tag","embeddable":true,"href":"https:\/\/www.europesays.com\/fr\/wp-json\/wp\/v2\/tags?post=214280"}],"curies":[{"name":"wp","href":"https:\/\/api.w.org\/{rel}","templated":true}]}}