{"id":214282,"date":"2025-06-29T22:25:11","date_gmt":"2025-06-29T22:25:11","guid":{"rendered":"https:\/\/www.europesays.com\/fr\/214282\/"},"modified":"2025-06-29T22:25:11","modified_gmt":"2025-06-29T22:25:11","slug":"metropole-de-lyon-santa-cultive-sa-difference-a-la-halle-tony-garnier","status":"publish","type":"post","link":"https:\/\/www.europesays.com\/fr\/214282\/","title":{"rendered":"M\u00e9tropole de Lyon. Santa cultive sa diff\u00e9rence \u00e0 la Halle Tony-Garnier"},"content":{"rendered":"<p>Elle a commenc\u00e9 le concert\u00a0suspendue \u00e0 un fil, la t\u00eate \u00e0 l\u2019envers au-dessus de la sc\u00e8ne. Et termin\u00e9 le show au sommet des gradins apr\u00e8s avoir travers\u00e9 la fosse port\u00e9e par la foule. Santa a donn\u00e9 de sa personne ce dimanche soir \u00e0 la Halle Tony-Garnier au cours d\u2019un concert avec un minimum de musiciens (un tandem guitare-batterie) mais un maximum d\u2019\u00e9nergie.<\/p>\n<p>\u00ab\u00a0C\u2019est une tr\u00e8s tr\u00e8s grande salle et j\u2019avais peur d\u2018\u00eatre toute seule, mais j\u2019ai d\u00e9j\u00e0 rencontr\u00e9 quelques sourires\u00a0\u00bb s\u2019est rassur\u00e9e d\u2019embl\u00e9e la chanteuse de 34 ans, devant les 10\u00a0000 personnes qui remplissait la salle lyonnaise. Un public qu\u2019elle remercie de \u00ab\u00a0cultiver la diff\u00e9rence\u00a0\u00bb en arborant les drapeaux arc-en-ciel lanc\u00e9s par la foule sur le bien nomm\u00e9 La diff\u00e9rence.<\/p>\n<p>  Un piano magique<\/p>\n<p>Vient ensuite le \u00ab\u00a0sommet\u00a0\u00bb du concert, quand elle s\u2019\u00e9l\u00e8ve dans les airs et survole la fosse avec son piano \u00e0 queue pour c\u00e9l\u00e9brer le titre qui a propuls\u00e9 sa carri\u00e8re solo\u00a0: Popcorn sal\u00e9. Prouesse vocale et prouesse technique s\u2019unissent pour faire du show un moment spectaculaire mais aussi intime lorsqu\u2019elle invite une tr\u00e8s jeune spectatrice \u00e0 prendre le micro pour chanter son tube avec elle.<\/p>\n<p>Entre une puissante reprise de Johnny ( Vivre pour le meilleur, adopt\u00e9 depuis la c\u00e9r\u00e9monie de cl\u00f4ture des Jeux paralympiques) et un nouveau morceau euphorisant ( Dis-moi oui ) qui devrait figurer sur un prochain album, Santa maintient la cadence jusqu\u2019\u00e0 ce final o\u00f9 elle s\u2019immisce au c\u0153ur du public.\u00a0L\u2019artiste sera de retour dans la r\u00e9gion d\u00e8s vendredi prochain, le 4\u00a0juillet au <a href=\"https:\/\/www.leprogres.fr\/culture-loisirs\/2025\/06\/05\/iam-santa-et-olivia-ruiz-en-cerises-sur-le-gateau-du-eh-cherry-festival\" target=\"_blank\" rel=\"nofollow noopener\">Eh Cherry festival<\/a> \u00e0 Bessenay puis le 5\u00a0mars 2026, \u00e0 la LDLC Arena. \u00ab\u00a0Si vous avez aim\u00e9 le spectacle, ne me laissez pas seule, car c\u2019est encore plus grand qu\u2019ici\u00a0\u00bb\u00a0!<\/p>\n","protected":false},"excerpt":{"rendered":"Elle a commenc\u00e9 le concert\u00a0suspendue \u00e0 un fil, la t\u00eate \u00e0 l\u2019envers au-dessus de la sc\u00e8ne. Et termin\u00e9&hellip;\n","protected":false},"author":2,"featured_media":214283,"comment_status":"","ping_status":"","sticky":false,"template":"","format":"standard","meta":{"footnotes":""},"categories":[1889],"tags":[1111,11,2430,1687,2757,1777,674,107,1011,27,2428,2756,873,12,25,2429],"class_list":{"0":"post-214282","1":"post","2":"type-post","3":"status-publish","4":"format-standard","5":"has-post-thumbnail","7":"category-lyon","8":"tag-actu","9":"tag-actualites","10":"tag-auvergne-rhone-alpes","11":"tag-culture-loisirs","12":"tag-edition-lyon-villeurbanne","13":"tag-eu","14":"tag-europe","15":"tag-fil-info","16":"tag-fr","17":"tag-france","18":"tag-lyon","19":"tag-lyon-bassin","20":"tag-musique","21":"tag-news","22":"tag-republique-francaise","23":"tag-rhone"},"share_on_mastodon":{"url":"https:\/\/pubeurope.com\/@fr\/114769004067200190","error":""},"_links":{"self":[{"href":"https:\/\/www.europesays.com\/fr\/wp-json\/wp\/v2\/posts\/214282","targetHints":{"allow":["GET"]}}],"collection":[{"href":"https:\/\/www.europesays.com\/fr\/wp-json\/wp\/v2\/posts"}],"about":[{"href":"https:\/\/www.europesays.com\/fr\/wp-json\/wp\/v2\/types\/post"}],"author":[{"embeddable":true,"href":"https:\/\/www.europesays.com\/fr\/wp-json\/wp\/v2\/users\/2"}],"replies":[{"embeddable":true,"href":"https:\/\/www.europesays.com\/fr\/wp-json\/wp\/v2\/comments?post=214282"}],"version-history":[{"count":0,"href":"https:\/\/www.europesays.com\/fr\/wp-json\/wp\/v2\/posts\/214282\/revisions"}],"wp:featuredmedia":[{"embeddable":true,"href":"https:\/\/www.europesays.com\/fr\/wp-json\/wp\/v2\/media\/214283"}],"wp:attachment":[{"href":"https:\/\/www.europesays.com\/fr\/wp-json\/wp\/v2\/media?parent=214282"}],"wp:term":[{"taxonomy":"category","embeddable":true,"href":"https:\/\/www.europesays.com\/fr\/wp-json\/wp\/v2\/categories?post=214282"},{"taxonomy":"post_tag","embeddable":true,"href":"https:\/\/www.europesays.com\/fr\/wp-json\/wp\/v2\/tags?post=214282"}],"curies":[{"name":"wp","href":"https:\/\/api.w.org\/{rel}","templated":true}]}}