{"id":214284,"date":"2025-06-29T22:26:11","date_gmt":"2025-06-29T22:26:11","guid":{"rendered":"https:\/\/www.europesays.com\/fr\/214284\/"},"modified":"2025-06-29T22:26:11","modified_gmt":"2025-06-29T22:26:11","slug":"lile-de-france-renforce-son-partenariat-avec-deux-regions-ukrainiennes","status":"publish","type":"post","link":"https:\/\/www.europesays.com\/fr\/214284\/","title":{"rendered":"L&rsquo;\u00cele-de-France renforce son partenariat avec deux r\u00e9gions ukrainiennes"},"content":{"rendered":"<p><img decoding=\"async\" class=\"\" style=\"width:100%\" src=\"https:\/\/www.europesays.com\/fr\/wp-content\/uploads\/2025\/06\/511193955_9965373193548373_7491844638240314873_n1751044418197.jpg\" alt=\"St\u00e9phane Beaudet en Ukraine\"\/><\/p>\n<p>St\u00e9phane Beaudet en Ukraine<\/p>\n<p>Cr\u00e9dit : Droits r\u00e9serv\u00e9s<\/p>\n<p lang=\"fr-FR\" style=\"margin-bottom: 0cm;\">Jeudi 26 juin \u00e0 Kyiv, la R\u00e9gion \u00cele-de-France a franchi un cap dans son soutien \u00e0 l\u2019Ukraine. En d\u00e9placement officiel, St\u00e9phane Beaudet, le vice-pr\u00e9sident charg\u00e9 de l\u2019action internationale, a inaugur\u00e9 un bureau permanent dans la capitale ukrainienne. Cette antenne, une premi\u00e8re pour une collectivit\u00e9 fran\u00e7aise, facilitera les projets de coop\u00e9ration avec l\u2019oblast [la r\u00e9gion, NDLR] de Kyiv. Cela concernera notamment la formation aux fonds europ\u00e9ens. En outre, un programme de formation de 1,2 million d\u2019euros a \u00e9t\u00e9 lanc\u00e9. Il devra pr\u00e9parer les \u00e9lus et fonctionnaires ukrainiens \u00e0 \u00ab\u00a0l\u2019int\u00e9gration europ\u00e9enne et \u00e0 la reconstruction du pays\u00a0\u00bb.<\/p>\n<p lang=\"fr-FR\" style=\"margin-bottom: 0cm;\">\u00a0<\/p>\n<p lang=\"fr-FR\" style=\"margin-bottom: 0cm;\">Nicolas Chacun <\/p>\n<p>!function(f,b,e,v,n,t,s){if(f.fbq)return;n=f.fbq=function(){n.callMethod?<br \/>\nn.callMethod.apply(n,arguments):n.queue.push(arguments)};if(!f._fbq)f._fbq=n;<br \/>\nn.push=n;n.loaded=!0;n.version=&rsquo;2.0&prime;;n.queue=[];t=b.createElement(e);t.async=!0;<br \/>\nt.src=v;s=b.getElementsByTagName(e)[0];s.parentNode.insertBefore(t,s)}(window,<br \/>\ndocument,&rsquo;script&rsquo;,&rsquo;https:\/\/connect.facebook.net\/en_US\/fbevents.js&rsquo;);<br \/>\nfbq(&lsquo;init&rsquo;, &lsquo;278974969201861&rsquo;); \/\/ Insert your pixel ID here.<br \/>\nfbq(&lsquo;track&rsquo;, &lsquo;PageView&rsquo;);<\/p>\n","protected":false},"excerpt":{"rendered":"St\u00e9phane Beaudet en Ukraine Cr\u00e9dit : Droits r\u00e9serv\u00e9s Jeudi 26 juin \u00e0 Kyiv, la R\u00e9gion \u00cele-de-France a franchi&hellip;\n","protected":false},"author":2,"featured_media":214285,"comment_status":"","ping_status":"","sticky":false,"template":"","format":"standard","meta":{"footnotes":""},"categories":[1592],"tags":[1111,11,1933,1936,1777,1939,674,1011,27,662,1934,12,1940,626,1935,25,1937,1941,1938],"class_list":{"0":"post-214284","1":"post","2":"type-post","3":"status-publish","4":"format-standard","5":"has-post-thumbnail","7":"category-ile-de-france","8":"tag-actu","9":"tag-actualites","10":"tag-actualites-locales","11":"tag-essonne","12":"tag-eu","13":"tag-eure-et-loir","14":"tag-europe","15":"tag-fr","16":"tag-france","17":"tag-ile-de-france","18":"tag-infos-locales","19":"tag-news","20":"tag-oise","21":"tag-paris","22":"tag-pres-de-chez-vous","23":"tag-republique-francaise","24":"tag-seine-et-marne","25":"tag-somme","26":"tag-yvelines"},"share_on_mastodon":{"url":"https:\/\/pubeurope.com\/@fr\/114769007993539904","error":""},"_links":{"self":[{"href":"https:\/\/www.europesays.com\/fr\/wp-json\/wp\/v2\/posts\/214284","targetHints":{"allow":["GET"]}}],"collection":[{"href":"https:\/\/www.europesays.com\/fr\/wp-json\/wp\/v2\/posts"}],"about":[{"href":"https:\/\/www.europesays.com\/fr\/wp-json\/wp\/v2\/types\/post"}],"author":[{"embeddable":true,"href":"https:\/\/www.europesays.com\/fr\/wp-json\/wp\/v2\/users\/2"}],"replies":[{"embeddable":true,"href":"https:\/\/www.europesays.com\/fr\/wp-json\/wp\/v2\/comments?post=214284"}],"version-history":[{"count":0,"href":"https:\/\/www.europesays.com\/fr\/wp-json\/wp\/v2\/posts\/214284\/revisions"}],"wp:featuredmedia":[{"embeddable":true,"href":"https:\/\/www.europesays.com\/fr\/wp-json\/wp\/v2\/media\/214285"}],"wp:attachment":[{"href":"https:\/\/www.europesays.com\/fr\/wp-json\/wp\/v2\/media?parent=214284"}],"wp:term":[{"taxonomy":"category","embeddable":true,"href":"https:\/\/www.europesays.com\/fr\/wp-json\/wp\/v2\/categories?post=214284"},{"taxonomy":"post_tag","embeddable":true,"href":"https:\/\/www.europesays.com\/fr\/wp-json\/wp\/v2\/tags?post=214284"}],"curies":[{"name":"wp","href":"https:\/\/api.w.org\/{rel}","templated":true}]}}