{"id":214286,"date":"2025-06-29T22:27:10","date_gmt":"2025-06-29T22:27:10","guid":{"rendered":"https:\/\/www.europesays.com\/fr\/214286\/"},"modified":"2025-06-29T22:27:10","modified_gmt":"2025-06-29T22:27:10","slug":"la-prefecture-de-police-de-paris-prend-des-mesures-de-restriction-de-la-circulation-en-ile-de-france","status":"publish","type":"post","link":"https:\/\/www.europesays.com\/fr\/214286\/","title":{"rendered":"la pr\u00e9fecture de police de Paris prend des mesures de restriction de la circulation en \u00cele-de-France"},"content":{"rendered":"<p>\u00abIl est recommand\u00e9 de limiter, dans la mesure du possible, les d\u00e9placements en voiture, de privil\u00e9gier le t\u00e9l\u00e9travail et, en cas de n\u00e9cessit\u00e9, de pratiquer le covoiturage\u00bb, pr\u00e9cisent les autorit\u00e9s dans un communiqu\u00e9 de presse.<\/p>\n<p class=\"fig-paragraph\">En raison de la tr\u00e8s\u00a0<a href=\"http:\/\/www.lefigaro.fr\/meteo\/canicule-la-vigilance-orange-etendue-a-84-departements-ce-lundi-30-juin-20250629\" target=\"_blank\" data-fig-type=\"NewsFlash\" rel=\"noopener nofollow\" data-gtm-custom-categorie=\"navigation\" data-gtm-custom-action=\"crossclick\" data-gtm-custom-label=\"Contextuel\" data-gtm-event=\"customEventSPE\" data-fig-domain=\"LEFIGARO\">forte vague de chaleur<\/a>\u00a0que conna\u00eet l\u2019\u00cele-de-France, la pr\u00e9fecture de police de Paris a d\u00e9cid\u00e9 de \u00abrenforcer le dispositif d\u2019urgence de lutte contre la pollution \u00e0 l\u2019ozone\u00bb en mettant en place des mesures restrictives \u00e0 partir de lundi 30 juin.<\/p>\n<p class=\"fig-paragraph\">\u00abLes fortes chaleurs et l\u2019ensoleillement annonc\u00e9s jusqu\u2019en milieu de semaine prochaine \u00e9tant propices \u00e0 l\u2019augmentation des concentrations en ozone, le pr\u00e9fet de Police a d\u00e9cid\u00e9 de mettre en \u0153uvre d\u00e8s demain, lundi 30 juin 2025, le dispositif de lutte contre la pollution en \u00cele-de-France. Ces mesures seront appliqu\u00e9es chaque jour entre 5h30 et minuit et ce jusque-l\u00e0 leur lev\u00e9e par arr\u00eat\u00e9 pr\u00e9fectoral\u00bb, d\u00e9taille la pr\u00e9fecture dans un\u00a0<a href=\"https:\/\/www.prefecturedepolice.interieur.gouv.fr\/sites\/default\/files\/Documents\/cp_pollution_o3_30062025_mesures_restrictives.pdf\" target=\"_blank\" rel=\"noopener nofollow\" data-gtm-custom-categorie=\"navigation\" data-gtm-custom-action=\"crossclick\" data-gtm-custom-label=\"Contextuel\" data-gtm-event=\"customEventSPE\">communiqu\u00e9 de presse<\/a>\u00a0publi\u00e9 ce dimanche.<\/p>\n<p>Des r\u00e9ductions de vitesse de 20 km\/h<\/p>\n<p class=\"fig-paragraph\">La vitesse sera ainsi r\u00e9duite \u00e0 l\u2019int\u00e9rieur du p\u00e9rim\u00e8tre d\u00e9limit\u00e9 par l\u2019A86, \u00ab\u00e0 l\u2019exclusion celle-ci\u00bb. Concr\u00e8tement, la vitesse est abaiss\u00e9e \u00e0 110 km\/h sur les portions d\u2019autoroutes normalement limit\u00e9es \u00e0 130 km\/h ; \u00e0 90 km\/h sur les portions d\u2019autoroutes et de voies rapides normalement limit\u00e9es \u00e0 110 km\/h et \u00e0 70 km\/h sur les portions d\u2019autoroutes et de voies rapides normalement limit\u00e9es \u00e0 90 km\/h, ainsi que sur les routes nationales et d\u00e9partementales limit\u00e9es \u00e0 80 km\/h ou \u00e0 90 km\/h.<\/p>\n<p class=\"fig-paragraph\">\u00abIl est recommand\u00e9 de limiter, dans la mesure du possible, les d\u00e9placements en voiture, de privil\u00e9gier le t\u00e9l\u00e9travail et, en cas de n\u00e9cessit\u00e9, de pratiquer le covoiturage\u00bb, ajoute le communiqu\u00e9 de presse.<\/p>\n<p class=\"fig-paragraph\">Les v\u00e9hicules en transit dont le poids total autoris\u00e9 en charge (PTAC) exc\u00e8de 3,5 tonnes seront oblig\u00e9s de contourner la capitale par la rocade francilienne.<\/p>\n<p>Des contr\u00f4les mis en place<\/p>\n<p class=\"fig-paragraph\">De m\u00eame, les op\u00e9rations de br\u00fblage \u00e0 l\u2019air libre des d\u00e9chets verts sont interdites. La \u00abPP\u00bb exige aussi le report des \u00abtravaux d\u2019entretien ou de nettoyage \u00e9metteurs de compos\u00e9s organiques volatils (outils \u00e0 moteur thermique, solvants, vernis, colles, peintures\u2026)\u00bb.<\/p>\n<p class=\"fig-paragraph\">Enfin, pour le secteur industriel, \u00ables installations class\u00e9es pour la protection de l\u2019environnement mettent en \u0153uvre les prescriptions particuli\u00e8res dans leurs arr\u00eat\u00e9s d\u2019autorisation d\u2019exploitation en cas de d\u00e9clenchement de la proc\u00e9dure d\u2019alerte pollution\u00bb, d\u00e9taille la pr\u00e9fecture. Des contr\u00f4les seront mis en place.<\/p>\n<p class=\"fig-paragraph\">Pour Lundi 30 juin 2025, Airparif, association de surveillance de la qualit\u00e9 de l\u2019air en \u00cele-de-France, pr\u00e9voit une concentration en ozone comprise entre 180 et 210 g\/m\u00b3, soit un d\u00e9passement du seuil d\u2019information-recommandation pour ce polluant, fix\u00e9 \u00e0 180 g\/m\u00b3.<\/p>\n","protected":false},"excerpt":{"rendered":"\u00abIl est recommand\u00e9 de limiter, dans la mesure du possible, les d\u00e9placements en voiture, de privil\u00e9gier le t\u00e9l\u00e9travail&hellip;\n","protected":false},"author":2,"featured_media":214287,"comment_status":"","ping_status":"","sticky":false,"template":"","format":"standard","meta":{"footnotes":""},"categories":[1592],"tags":[1111,47,1058,1054,1059,1060,1055,11,1057,1777,674,118,1011,27,662,1061,303,12,626,1062,25,656,104,1056,809],"class_list":{"0":"post-214286","1":"post","2":"type-post","3":"status-publish","4":"format-standard","5":"has-post-thumbnail","7":"category-ile-de-france","8":"tag-actu","9":"tag-actualite","10":"tag-actualite-education","11":"tag-actualite-france","12":"tag-actualite-justice","13":"tag-actualite-securite","14":"tag-actualite-societe","15":"tag-actualites","16":"tag-education","17":"tag-eu","18":"tag-europe","19":"tag-faits-divers","20":"tag-fr","21":"tag-france","22":"tag-ile-de-france","23":"tag-immigration","24":"tag-justice","25":"tag-news","26":"tag-paris","27":"tag-polemique","28":"tag-republique-francaise","29":"tag-securite","30":"tag-societe","31":"tag-societe-francaise","32":"tag-violence"},"share_on_mastodon":{"url":"https:\/\/pubeurope.com\/@fr\/114769011968880461","error":""},"_links":{"self":[{"href":"https:\/\/www.europesays.com\/fr\/wp-json\/wp\/v2\/posts\/214286","targetHints":{"allow":["GET"]}}],"collection":[{"href":"https:\/\/www.europesays.com\/fr\/wp-json\/wp\/v2\/posts"}],"about":[{"href":"https:\/\/www.europesays.com\/fr\/wp-json\/wp\/v2\/types\/post"}],"author":[{"embeddable":true,"href":"https:\/\/www.europesays.com\/fr\/wp-json\/wp\/v2\/users\/2"}],"replies":[{"embeddable":true,"href":"https:\/\/www.europesays.com\/fr\/wp-json\/wp\/v2\/comments?post=214286"}],"version-history":[{"count":0,"href":"https:\/\/www.europesays.com\/fr\/wp-json\/wp\/v2\/posts\/214286\/revisions"}],"wp:featuredmedia":[{"embeddable":true,"href":"https:\/\/www.europesays.com\/fr\/wp-json\/wp\/v2\/media\/214287"}],"wp:attachment":[{"href":"https:\/\/www.europesays.com\/fr\/wp-json\/wp\/v2\/media?parent=214286"}],"wp:term":[{"taxonomy":"category","embeddable":true,"href":"https:\/\/www.europesays.com\/fr\/wp-json\/wp\/v2\/categories?post=214286"},{"taxonomy":"post_tag","embeddable":true,"href":"https:\/\/www.europesays.com\/fr\/wp-json\/wp\/v2\/tags?post=214286"}],"curies":[{"name":"wp","href":"https:\/\/api.w.org\/{rel}","templated":true}]}}