{"id":214288,"date":"2025-06-29T22:28:13","date_gmt":"2025-06-29T22:28:13","guid":{"rendered":"https:\/\/www.europesays.com\/fr\/214288\/"},"modified":"2025-06-29T22:28:13","modified_gmt":"2025-06-29T22:28:13","slug":"eteindre-ma-clope-ici-et-pourquoi-a-la-plage-et-dans-les-parcs-la-vie-sans-cigarette-demarre","status":"publish","type":"post","link":"https:\/\/www.europesays.com\/fr\/214288\/","title":{"rendered":"\u00ab\u00a0\u00c9teindre ma clope ici\u00a0? Et pourquoi\u00a0?\u00a0\u00bb\u00a0: \u00e0 la plage et dans les parcs, la vie sans cigarette d\u00e9marre"},"content":{"rendered":"<p class=\"paragraph text_align_left lp-f-body-02\">\u00ab En g\u00e9n\u00e9ral, on avait toujours un cendrier de plage \u00e0 donner aux gens qui fumaient. Maintenant, c\u2019est fini. \u00bb \u00c0 Bormes-les-Mimosas, la police municipale fait des rondes r\u00e9guli\u00e8rement et les surveillants de plage ont sp\u00e9cialement l\u2019\u0153il sur les plagistes ce dimanche caniculaire, premier jour d\u2019entr\u00e9e en vigueur de <a href=\"https:\/\/www.leparisien.fr\/societe\/sante\/interdiction-de-fumer-dans-les-parcs-et-sur-les-plages-pourquoi-la-cigarette-electronique-echappe-aux-restrictions-28-06-2025-YGTPBRAXXNFFDGCXKUINQCQS4A.php\" target=\"_self\" rel=\"nofollow noopener\">l\u2019interdiction de la cigarette sur les plages en France<\/a>.<\/p>\n<p class=\"paragraph text_align_left lp-f-body-02\">\u00ab J\u2019ai entendu \u00e7a \u00e0 la radio ce matin et je trouve \u00e7a tr\u00e8s bien, se r\u00e9jouit une grand-m\u00e8re. Quand j\u2019emm\u00e8ne mes petits-enfants \u00e0 la plage, c\u2019est pour faire des p\u00e2t\u00e9s de sable, pas de m\u00e9gots ! \u00bb<\/p>\n","protected":false},"excerpt":{"rendered":"\u00ab En g\u00e9n\u00e9ral, on avait toujours un cendrier de plage \u00e0 donner aux gens qui fumaient. Maintenant, c\u2019est&hellip;\n","protected":false},"author":2,"featured_media":214289,"comment_status":"","ping_status":"","sticky":false,"template":"","format":"standard","meta":{"footnotes":""},"categories":[1888],"tags":[1111,1928,11,1927,459,1777,674,1011,27,12,1926,626,1925,25,71,104],"class_list":{"0":"post-214288","1":"post","2":"type-post","3":"status-publish","4":"format-standard","5":"has-post-thumbnail","7":"category-paris","8":"tag-actu","9":"tag-actu-paris","10":"tag-actualites","11":"tag-actualites-paris","12":"tag-departements-horsidfo","13":"tag-eu","14":"tag-europe","15":"tag-fr","16":"tag-france","17":"tag-news","18":"tag-news-paris","19":"tag-paris","20":"tag-paris-news","21":"tag-republique-francaise","22":"tag-sante","23":"tag-societe"},"share_on_mastodon":{"url":"https:\/\/pubeurope.com\/@fr\/114769016036244683","error":""},"_links":{"self":[{"href":"https:\/\/www.europesays.com\/fr\/wp-json\/wp\/v2\/posts\/214288","targetHints":{"allow":["GET"]}}],"collection":[{"href":"https:\/\/www.europesays.com\/fr\/wp-json\/wp\/v2\/posts"}],"about":[{"href":"https:\/\/www.europesays.com\/fr\/wp-json\/wp\/v2\/types\/post"}],"author":[{"embeddable":true,"href":"https:\/\/www.europesays.com\/fr\/wp-json\/wp\/v2\/users\/2"}],"replies":[{"embeddable":true,"href":"https:\/\/www.europesays.com\/fr\/wp-json\/wp\/v2\/comments?post=214288"}],"version-history":[{"count":0,"href":"https:\/\/www.europesays.com\/fr\/wp-json\/wp\/v2\/posts\/214288\/revisions"}],"wp:featuredmedia":[{"embeddable":true,"href":"https:\/\/www.europesays.com\/fr\/wp-json\/wp\/v2\/media\/214289"}],"wp:attachment":[{"href":"https:\/\/www.europesays.com\/fr\/wp-json\/wp\/v2\/media?parent=214288"}],"wp:term":[{"taxonomy":"category","embeddable":true,"href":"https:\/\/www.europesays.com\/fr\/wp-json\/wp\/v2\/categories?post=214288"},{"taxonomy":"post_tag","embeddable":true,"href":"https:\/\/www.europesays.com\/fr\/wp-json\/wp\/v2\/tags?post=214288"}],"curies":[{"name":"wp","href":"https:\/\/api.w.org\/{rel}","templated":true}]}}