{"id":214290,"date":"2025-06-29T22:29:16","date_gmt":"2025-06-29T22:29:16","guid":{"rendered":"https:\/\/www.europesays.com\/fr\/214290\/"},"modified":"2025-06-29T22:29:16","modified_gmt":"2025-06-29T22:29:16","slug":"paris-la-mode-asiatique-ultra-creative-de-doublet-taakk-et-wooyoungmi-3","status":"publish","type":"post","link":"https:\/\/www.europesays.com\/fr\/214290\/","title":{"rendered":"Paris: la mode asiatique ultra cr\u00e9ative de Doublet, Taakk et Wooyoungmi"},"content":{"rendered":"<p class=\"article-content col-md-8 offset-md-1\">\n                                La Fashion Week de Paris s\u2019est achev\u00e9e dimanche en beaut\u00e9 se r\u00e9v\u00e9lant, une fois de plus, la capitale de la mode asiatique. Plusieurs noms provenant de cette r\u00e9gion ont mis en avant au dernier jour de cette Semaine masculine du printemps-\u00e9t\u00e9 2026 de tr\u00e8s int\u00e9ressantes collections surprenant par leur grande recherche textile et dans les mati\u00e8res. A l\u2019instar, notamment, des maisons japonaises <a class=\"fnwAddLinks\" href=\"https:\/\/ma.fashionnetwork.com\/tags-doublet\" title=\"Doublet\" target=\"_blank\" rel=\"noopener\">Doublet<\/a> et Taakk et de la sud-cor\u00e9enne <a class=\"fnwAddLinks\" href=\"https:\/\/ma.fashionnetwork.com\/tags-wooyoungmi\" title=\"Wooyoungmi\" target=\"_blank\" rel=\"noopener\">Wooyoungmi<\/a>.<\/p>\n<p><a class=\"btn btn-dark\" target=\"_blank\" href=\"https:\/\/fr.fashionnetwork.com\/galeries\/photos\/Doublet,72357.html\" rel=\"noopener\">Voir le d\u00e9fil\u00e9<\/a><img decoding=\"async\" class=\"news-image\" style=\"width:100%;max-width:645px;\" src=\"https:\/\/www.europesays.com\/fr\/wp-content\/uploads\/2025\/06\/a911.jpg\" alt=\"Doublet, printemps-\u00e9t\u00e9 2026\" loading=\"lazy\"\/>Doublet, printemps-\u00e9t\u00e9 2026 &#8211; \u00a9Launchmetrics\/spotlight<\/p>\n<p class=\"col-md-8 offset-md-1 article-content--texte\">C\u2019est une vir\u00e9e \u00e0 la campagne que\u00a0propose Doublet, dimanche matin, au fin fond du XXe arrondissement. Le fac\u00e9tieux styliste japonais Masayuki Ino a organis\u00e9 son d\u00e9fil\u00e9 au beau milieu d&rsquo;un potager avec bottes de foin en guise de chaises et, en bande-son, des cloches, des coups de pioche et des vaches qui beuglent. L\u2019id\u00e9e est de c\u00e9l\u00e9brer la bonne nourriture et les paysans qui la cultivent. Bref, le cycle de la vie, en encourageant une d\u00e9marche responsable via l&rsquo;utilisation de mat\u00e9riel r\u00e9cup\u00e9r\u00e9, issu par exemple de filets de p\u00eache upcycl\u00e9s ou des membranes de coquilles d\u2019\u0153uf.<br \/>\u00a0<br \/>A ce titre, l\u2019\u0153uf est en passe de devenir l&rsquo;accessoire le plus chic de l\u2019\u00e9t\u00e9 prochain. Apr\u00e8s l\u2019invitation en c\u00e9ramique de Dior, sous forme d\u2019\u0153ufs pos\u00e9s sur une assiette, Doublet varie sur le th\u00e8me avec un sac \u00e0 main confectionn\u00e9 dans une bo\u00eete en carton pour \u0153ufs, un chapeau \u00e0 larges bords simulant un \u0153uf sur le plat bien croustillant, tandis que des tee-shirts proclament \u00ab\u00a0I love eggs\u00a0\u00bb.<\/p>\n<p class=\"col-md-8 offset-md-1 article-content--texte\">Fruits et l\u00e9gumes ne sont pas en reste. Un poireau se m\u00e9tamorphose en cravate. Des bouquets de persil et des branches de c\u00e9leri tiss\u00e9s en laine verte d\u00e9corent poches et boutonni\u00e8res ou s\u2019incrustent dans des tricots au crochet compos\u00e9s de rondelles de carottes ou de navets. Des salades en soie froiss\u00e9e composent une volumineuse chemises fronc\u00e9e. De beaux l\u00e9gumes dessin\u00e9s au pinceau sortent des quatre poches d\u2019une veste saharienne, tandis que des grappes de tomates s\u2019accrochent \u00e0 la taille d\u2019un bermuda en toile beige.<br \/>\u00a0<br \/>Les costumes sont crott\u00e9s de bouse en leur bord et les jeans salis tout du long par la terre et mang\u00e9s par la mousse. Certains pantalons sont pens\u00e9s pour des bassins d\u00e9mesur\u00e9s. Des peaux de banane se transforment en robes et hauts, zipp\u00e9s jusqu\u2019au-dessus de la t\u00eate. Des pull-overs sont tricot\u00e9s en motif peau de vache. Des poissons rouges s\u2019invitent ici et l\u00e0 en fins foulards. Les filles s\u2019habillent de robes en forme de filets de p\u00eacheur ou dans des ensembles h\u00e9riss\u00e9s de simili brins de paille en laine.<br \/>\u00a0<br \/>Les accessoires amusent, comme souvent chez Doublet. A l\u2019instar de ces bottes en caoutchouc port\u00e9es \u00e0 l\u2019envers, la semelle redress\u00e9e contre le tibia, ou en sac \u00e0 main, et de ces gourdes ketchup, mayonnaise ou bouteille de lait.<\/p>\n<p><a class=\"btn btn-dark\" target=\"_blank\" href=\"https:\/\/fr.fashionnetwork.com\/galeries\/photos\/Taakk,72366.html\" rel=\"noopener\">Voir le d\u00e9fil\u00e9<\/a><img decoding=\"async\" class=\"news-image\" style=\"width:100%;max-width:645px;\" src=\"https:\/\/www.europesays.com\/fr\/wp-content\/uploads\/2025\/06\/4fba.jpg\" alt=\"Taakk, printemps-\u00e9t\u00e9 2026\" loading=\"lazy\"\/>Taakk, printemps-\u00e9t\u00e9 2026 &#8211; \u00a9Launchmetrics\/spotlight<\/p>\n<p class=\"col-md-8 offset-md-1 article-content--texte\">\u00a0<br \/>Chez Taakk, autre marque japonaise, le dressing pour l\u2019\u00e9t\u00e9 prochain est particuli\u00e8rement sophistiqu\u00e9 avec toutes sortes de proc\u00e9d\u00e9s de teinture innovants et de d\u00e9tails ennoblissant la silhouette. Celle-ci prend du volume \u00e0 travers de multiples broderies sculpturales r\u00e9alis\u00e9es \u00e0 partir de rubans tir\u00e9s du m\u00eame tissu que le v\u00eatement. Ailleurs la technique du d\u00e9vor\u00e9 est coupl\u00e9e avec un processus d\u2019impression en mousse cr\u00e9ant une fusion indistincte entre motifs imprim\u00e9s, broderies et effets d\u00e9grad\u00e9s.\u00a0<br \/>\u00a0<br \/>\u00ab\u00a0Ces textiles \u00e0 la surface irr\u00e9guli\u00e8re, avec des ombres subtiles et une pr\u00e9sence tactile, presque\u00a0comme une surface sculpt\u00e9e plut\u00f4t qu\u2019un tissu plat, permettent de cr\u00e9er\u00a0une tension silencieuse entre le familier et l\u2019\u00e9trange, entre la fonction et l\u2019art\u00a0\u00bb, nous explique le designer Takuya Moriyama, qui a travaill\u00e9 chez Issey Miyake avant de lancer sa marque en 2013.\u00a0Les pleins et les vides s&rsquo;alternent avec harmonie avec des textures tant\u00f4t tr\u00e8s travaill\u00e9es, comme us\u00e9es, tant\u00f4t l\u00e9g\u00e8res, \u00e0 l&rsquo;instar de ces manteaux en dentelle et ces tricots ajour\u00e9s.<br \/>\u00a0<br \/>Pas un v\u00eatement n\u2019est banal, que ce soit en termes d\u2019ornements, de traitements textiles ou de coupes, comme ces pantalons dont les proportions changent, d\u00e9gageant une amplitude inattendue dans le mouvement gr\u00e2ce au pan de la jambe gauche \u00e9largi, cousu en drap\u00e9 en diagonale sur la jambe gauche. Dans la m\u00eame id\u00e9e, la maison a d\u00e9velopp\u00e9 un textile qui passe progressivement d\u2019un tissu de chemise \u00e0 un tissu de costume en laine, permettant au v\u00eatement d\u2019\u00e9voluer naturellement d&rsquo;une pi\u00e8ce \u00e0 l&rsquo;autre. Une transformation non seulement visuelle, mais qui modifie aussi la structure et le comportement du v\u00eatement.<br \/>\u00a0<br \/><strong>\u00ab\u00a0<\/strong>Chez Taakk, nous avons toujours explor\u00e9 la fronti\u00e8re entre le v\u00eatement du quotidien et l\u2019art. Avec cette collection, nous sommes all\u00e9s plus loin, en mettant en lumi\u00e8re les distorsions subtiles et les d\u00e9calages pr\u00e9sents dans ce qui nous est familier. En les soulignant, nous avons cherch\u00e9 \u00e0 \u00e9veiller de nouvelles sensations \u00e0 travers le v\u00eatement\u00a0\u00bb, conclut Takuya Moriyama.\u00a0<\/p>\n<p><a class=\"btn btn-dark\" target=\"_blank\" href=\"https:\/\/fr.fashionnetwork.com\/galeries\/photos\/Wooyoungmi,72359.html\" rel=\"noopener\">Voir le d\u00e9fil\u00e9<\/a><img decoding=\"async\" class=\"news-image\" style=\"width:100%;max-width:645px;\" src=\"https:\/\/www.europesays.com\/fr\/wp-content\/uploads\/2025\/06\/4b4c.jpg\" alt=\"Wooyoungmi, printemps-\u00e9t\u00e9 2026\" loading=\"lazy\"\/>Wooyoungmi, printemps-\u00e9t\u00e9 2026 &#8211; \u00a9Launchmetrics\/spotlight<\/p>\n<p class=\"col-md-8 offset-md-1 article-content--texte\">Wooyoungmi manie plus que jamais les contrastes cette saison, entre couture et sportswear, style urbain et nautique, formel et l\u00e9g\u00e8ret\u00e9 d\u00e9contract\u00e9e. Comme beaucoup de couturiers, Madame Woo, soit Woo Young Mi, la fondatrice de la maison sud-cor\u00e9enne, prend en compte la mont\u00e9e des hautes temp\u00e9ratures, surtout dans les grandes m\u00e9tropoles comme S\u00e9oul ou Paris, et construit une garde-robe versatile fournie des pi\u00e8ces les plus l\u00e9g\u00e8res possibles.<br \/>\u00a0<br \/>L\u2019homme est \u00e0 la fois rigoureux et impeccable dans son uniforme de gentleman aristocratique avec ses fixe-chaussettes, ses costumes blancs parfaitement coup\u00e9s, ses \u00e9l\u00e9gants manteaux trois-quarts gris, cintr\u00e9s et taill\u00e9 dans une laine fra\u00eeche. Sans oublier la queue de pie pour les grandes occasions.<br \/>\u00a0<br \/>Mais le r\u00e9chauffement climatique vient bousculer l\u2019ordre \u00e9tabli. Ainsi, notre homme \u00e9quipe ses chemises et tricots de cols amovibles incrust\u00e9s de pierres scintillantes r\u00e9fractant la lumi\u00e8re. Mieux! La queue de pie, embl\u00e8me par excellence de ce vestiaire masculin habill\u00e9 traditionnel, est r\u00e9interpr\u00e9t\u00e9e en mode ultra light, d\u00e9coup\u00e9e dans une viscose de soie a\u00e9rienne. M\u00eame la veste-chemise en denim jaune ou rose d\u00e9teint par le soleil reprend la forme de la jaquette, raccourcie et arrondie sur le devant et allong\u00e9e dans le dos.<br \/>\u00a0<br \/>Cette queue de pie version estivale se porte sur des tenues de plage avec d\u00e9bardeur et micro-short en maille ou avec un body-maillot de bain r\u00e9tro une pi\u00e8ce, \u00e0 fines rayures et encolure plongeante. En qu\u00eate d\u00e9sesp\u00e9r\u00e9e de fra\u00eecheur, certains pantalons s\u2019entrouvrent \u00e0 la taille laissant para\u00eetre un cale\u00e7on ou short, parfois doubl\u00e9 d\u2019un maillot de bain. Les mailles tout aussi l\u00e9g\u00e8res en mohair virent \u00e0 la transparence telle de la gaze.\n                            <\/p>\n<p>\n                                Tous droits de reproduction et de repr\u00e9sentation r\u00e9serv\u00e9s.<br \/>\u00a9 2025 FashionNetwork.com\n                            <\/p>\n","protected":false},"excerpt":{"rendered":"La Fashion Week de Paris s\u2019est achev\u00e9e dimanche en beaut\u00e9 se r\u00e9v\u00e9lant, une fois de plus, la capitale&hellip;\n","protected":false},"author":2,"featured_media":214179,"comment_status":"","ping_status":"","sticky":false,"template":"","format":"standard","meta":{"footnotes":""},"categories":[1888],"tags":[1111,1928,11,1927,2424,537,2423,35372,1777,674,1011,27,2425,985,12,1926,2298,626,1925,2426,2427,25,2421,2422,35371],"class_list":{"0":"post-214290","1":"post","2":"type-post","3":"status-publish","4":"format-standard","5":"has-post-thumbnail","7":"category-paris","8":"tag-actu","9":"tag-actu-paris","10":"tag-actualites","11":"tag-actualites-paris","12":"tag-beaute","13":"tag-contact","14":"tag-cosmetiques","15":"tag-doublet","16":"tag-eu","17":"tag-europe","18":"tag-fr","19":"tag-france","20":"tag-luxe","21":"tag-mode","22":"tag-news","23":"tag-news-paris","24":"tag-parfum","25":"tag-paris","26":"tag-paris-news","27":"tag-professionnel","28":"tag-professionnels","29":"tag-republique-francaise","30":"tag-reseau","31":"tag-textile","32":"tag-wooyoungmi"},"share_on_mastodon":{"url":"https:\/\/pubeurope.com\/@fr\/114769020016061536","error":""},"_links":{"self":[{"href":"https:\/\/www.europesays.com\/fr\/wp-json\/wp\/v2\/posts\/214290","targetHints":{"allow":["GET"]}}],"collection":[{"href":"https:\/\/www.europesays.com\/fr\/wp-json\/wp\/v2\/posts"}],"about":[{"href":"https:\/\/www.europesays.com\/fr\/wp-json\/wp\/v2\/types\/post"}],"author":[{"embeddable":true,"href":"https:\/\/www.europesays.com\/fr\/wp-json\/wp\/v2\/users\/2"}],"replies":[{"embeddable":true,"href":"https:\/\/www.europesays.com\/fr\/wp-json\/wp\/v2\/comments?post=214290"}],"version-history":[{"count":0,"href":"https:\/\/www.europesays.com\/fr\/wp-json\/wp\/v2\/posts\/214290\/revisions"}],"wp:featuredmedia":[{"embeddable":true,"href":"https:\/\/www.europesays.com\/fr\/wp-json\/wp\/v2\/media\/214179"}],"wp:attachment":[{"href":"https:\/\/www.europesays.com\/fr\/wp-json\/wp\/v2\/media?parent=214290"}],"wp:term":[{"taxonomy":"category","embeddable":true,"href":"https:\/\/www.europesays.com\/fr\/wp-json\/wp\/v2\/categories?post=214290"},{"taxonomy":"post_tag","embeddable":true,"href":"https:\/\/www.europesays.com\/fr\/wp-json\/wp\/v2\/tags?post=214290"}],"curies":[{"name":"wp","href":"https:\/\/api.w.org\/{rel}","templated":true}]}}