{"id":214305,"date":"2025-06-29T22:38:12","date_gmt":"2025-06-29T22:38:12","guid":{"rendered":"https:\/\/www.europesays.com\/fr\/214305\/"},"modified":"2025-06-29T22:38:12","modified_gmt":"2025-06-29T22:38:12","slug":"les-viticulteurs-francais-vent-debout-contre-une-subvention-europeenne-pour-la-croissance-inclusive-de-la-filiere-vin-sud-africaine","status":"publish","type":"post","link":"https:\/\/www.europesays.com\/fr\/214305\/","title":{"rendered":"Les viticulteurs fran\u00e7ais vent debout contre une subvention europ\u00e9enne pour la \u00abcroissance inclusive\u00bb de la fili\u00e8re vin sud-africaine"},"content":{"rendered":"<p>L\u2019annonce du d\u00e9blocage d\u2019une aide de l\u2019UE de 15 millions d\u2019euros pour soutenir des projets port\u00e9s par des Noirs, des femmes ou encore des jeunes sud-africains ne passe pas, alors que la fili\u00e8re fran\u00e7aise traverse une grave crise.<\/p>\n<p class=\"fig-paragraph\">Au moment m\u00eame o\u00f9 la fili\u00e8re viticole fran\u00e7aise, confront\u00e9e \u00e0 la\u00a0<a href=\"http:\/\/avis-vin.lefigaro.fr\/economie-du-vin\/les-francais-continuent-de-boire-moins-d-alcool-20241128\" target=\"_blank\" data-fig-type=\"NewsFlash\" rel=\"noopener\" data-gtm-custom-categorie=\"navigation\" data-gtm-custom-action=\"crossclick\" data-gtm-custom-label=\"Contextuel\" data-gtm-event=\"customEventSPE\" data-fig-domain=\"AVIS_VIN\">baisse de la consommation d\u2019alcool<\/a>\u00a0et au\u00a0<a href=\"https:\/\/avis-vin.lefigaro.fr\/actualites-vin\/o157531-dans-le-vin-le-changement-climatique-fera-des-gagnants-et-des-perdants\" target=\"_blank\" data-fig-type=\"Article\" rel=\"noopener\" data-gtm-custom-categorie=\"navigation\" data-gtm-custom-action=\"crossclick\" data-gtm-custom-label=\"Contextuel\" data-gtm-event=\"customEventSPE\" data-fig-domain=\"AVIS_VIN\">changement climatique<\/a>, traverse une crise, voil\u00e0 un financement europ\u00e9en qui ne passe pas. Les viticulteurs fran\u00e7ais viennent d\u2019apprendre qu\u2019une subvention europ\u00e9enne de 15 millions d\u2019euros avait \u00e9t\u00e9 r\u00e9cemment d\u00e9bloqu\u00e9e en faveur de l\u2019industrie viticole sud-africaine.<\/p>\n<p class=\"fig-paragraph\">Plus pr\u00e9cis\u00e9ment, cette enveloppe servira, comme l\u2019explique l\u2019organisme professionnel South Africa Wine, \u00e0 \u00abstimuler une croissance inclusive, \u00e0 ouvrir de nouvelles opportunit\u00e9s commerciales et \u00e0 soutenir le d\u00e9veloppement de marques, d\u2019exploitations agricoles, d\u2019\u00e9tablissements d\u2019enseignement et d\u2019entreprises d\u00e9tenues par des Noirs tout au long de la cha\u00eene de valeur du vin et des spiritueux\u00bb. En clair, il s\u2019agit notamment de soutenir des projets port\u00e9s par des Noirs, par des femmes ou encore par des jeunes, et de \u00abpromouvoir un acc\u00e8s \u00e9quitable \u00e0 la terre ou \u00e0 des infrastructures ad\u00e9quates\u00bb dans ce secteur des vins et spiritueux. Sur ces 15 millions, 10 millions d\u2019euros seront consacr\u00e9s au d\u00e9veloppement des entreprises et 5 millions \u00e0 des initiatives ax\u00e9es sur la commercialisation et la distribution des vins sud-africains.<\/p>\n<p>Un accord datant de 2002<\/p>\n<p class=\"fig-paragraph\">Cette aide europ\u00e9enne d\u00e9coule en r\u00e9alit\u00e9 d\u2019un texte datant&#8230; de plus de vingt ans. Elle figure en effet dans un accord sur les vins et spiritueux entre l\u2019UE et l\u2019Afrique du Sud entr\u00e9 en vigueur en 2002, faisant partie d\u2019un accord commercial plus global sign\u00e9 en 1999. Cet accord pr\u00e9voyait notamment un quota d\u2019importation annuel &#8211; fix\u00e9 \u00e0 119 millions de litres pour 2024 -, permettant l\u2019entr\u00e9e de vins sud-africains en Europe sans droits de douane. Mais aussi, donc, une \u00abaide communautaire \u00e0 la restructuration du secteur sud-africain des vins et spiritueux\u00bb de 15 millions d\u2019euros. Aide qui n\u2019avait jusque-l\u00e0 jamais \u00e9t\u00e9 vers\u00e9e. Jusqu\u2019\u00e0 aujourd\u2019hui. Car en Afrique du Sud aussi, la fili\u00e8re viticole traverse de grosses difficult\u00e9s, li\u00e9es \u00e0 une stagnation des ventes.<\/p>\n<p class=\"fig-paragraph\">Une subvention \u00abindigne\u00bb et \u00abincompr\u00e9hensible\u00bb pour J\u00e9r\u00f4me Despey, premier vice-pr\u00e9sident de la FNSEA, le syndicat majoritaire chez les agriculteurs. \u00abAu moment o\u00f9 nous vivons\u00a0<a href=\"https:\/\/avis-vin.lefigaro.fr\/connaitre-deguster\/les-4-solutions-pour-sortir-le-monde-du-vin-de-la-crise-20250209\" target=\"_blank\" data-fig-type=\"Article\" rel=\"noopener\" data-gtm-custom-categorie=\"navigation\" data-gtm-custom-action=\"crossclick\" data-gtm-custom-label=\"Contextuel\" data-gtm-event=\"customEventSPE\" data-fig-domain=\"AVIS_VIN\">une crise d\u2019ampleur<\/a> , je trouve cette d\u00e9cision inadmissible et une vraie provocation pour la fili\u00e8re viticole europ\u00e9enne\u00bb, d\u00e9plore-t-il sur X, en appelant \u00abla Commission europ\u00e9enne \u00e0 stopper imm\u00e9diatement ces aides au profit de la viticulture d\u2019Afrique du Sud\u00bb. \u00abAu moment o\u00f9 nous demandons des cr\u00e9dits de r\u00e9serve de crise pour accompagner les viticulteurs, cette d\u00e9cision va mettre le feu\u00bb, avertit le viticulteur h\u00e9raultais.<\/p>\n<p class=\"fig-paragraph\">Une aide d\u2019autant plus dure \u00e0 avaler pour la fili\u00e8re fran\u00e7aise que les \u00c9tats europ\u00e9ens viennent d\u2019<a href=\"https:\/\/avis-vin.lefigaro.fr\/economie-du-vin\/viticulture-l-ue-valide-un-plan-ambitieux-pour-venir-en-aide-aux-vignerons-europeens-20250619\" target=\"_blank\" data-fig-type=\"NewsFlash\" rel=\"noopener\" data-gtm-custom-categorie=\"navigation\" data-gtm-custom-action=\"crossclick\" data-gtm-custom-label=\"Contextuel\" data-gtm-event=\"customEventSPE\" data-fig-domain=\"AVIS_VIN\">approuver un plan de Bruxelles<\/a>\u00a0pour soutenir la viticulture, qui pr\u00e9voit notamment d\u2019offrir plus de souplesse aux pays membres dans les\u00a0<a href=\"http:\/\/www.lefigaro.fr\/flash-eco\/crise-viticole-la-france-soumet-a-bruxelles-un-plan-d-arrachage-de-120-millions-d-euros-20240919\" target=\"_blank\" data-fig-type=\"NewsFlash\" rel=\"noopener\" data-gtm-custom-categorie=\"navigation\" data-gtm-custom-action=\"crossclick\" data-gtm-custom-label=\"Contextuel\" data-gtm-event=\"customEventSPE\" data-fig-domain=\"LEFIGARO\">op\u00e9rations d\u2019arrachage<\/a>\u00a0et de replantation, mais sans moyens suppl\u00e9mentaires. \u00abNous ne pouvons pas \u00eatre trait\u00e9s de la sorte avec un \u201cpaquet vin\u201d o\u00f9 la Commission europ\u00e9enne n\u2019annonce aucun financement pour les pays europ\u00e9ens. Elle doit se ressaisir tr\u00e8s vite est annoncer des soutiens massifs pour aider avant tout la viticulture europ\u00e9enne\u00bb, appelle J\u00e9r\u00f4me Despey.<\/p>\n<p class=\"fig-body-link\">\n            \u00c0 lire aussi<br \/>\n        <a class=\"fig-body-link__link\" href=\"http:\/\/www.lefigaro.fr\/conjoncture\/recolte-mondiale-consommation-pour-le-vin-tous-les-signaux-sont-au-rouge-20250415\" target=\"_blank\" data-fig-type=\"Article\" rel=\"noopener\" data-gtm-custom-categorie=\"navigation\" data-gtm-custom-action=\"crossclick\" data-gtm-custom-label=\"Contextuel\" data-gtm-event=\"customEventSPE\" data-fig-domain=\"LEFIGARO\">R\u00e9colte mondiale, consommation&#8230;\u00a0Pour le vin, tous les signaux sont au rouge<br \/>\n    <\/a>\n<\/p>\n<p>\u00c9chos politiques<\/p>\n<p class=\"fig-paragraph\">\u00abNous demandons depuis des mois des aides pour une restructuration de notre vignoble, alors que la demande ne cesse de baisser. Cela co\u00fbte cher et on nous dit qu\u2019il n\u2019y a pas d\u2019argent. Et non seulement on encourage nos concurrents, mais on finance leur d\u00e9veloppement\u00a0? Cela n\u2019a aucun sens\u00bb, s\u2019emporte de son c\u00f4t\u00e9 Jo\u00ebl Boueilh, pr\u00e9sident des Vignerons coop\u00e9rateurs de France, dans L\u2019Opinion.<\/p>\n<p class=\"fig-paragraph\">L\u2019irritation des viticulteurs fran\u00e7ais contre cette subvention europ\u00e9enne commence m\u00eame \u00e0 avoir des \u00e9chos politiques, en particulier \u00e0 droite. \u00abPendant qu\u2019on regarde mourir notre patrimoine, nos terroirs, nos familles, Bruxelles finance des projets \u00e0 l\u2019autre bout du monde. Quelle honte. Quel m\u00e9pris\u00bb, a fustig\u00e9 sur X St\u00e9phanie Galzy, d\u00e9put\u00e9e RN de l\u2019H\u00e9rault. \u00abLa viticulture europ\u00e9enne est en crise et l\u2019Europe subventionne la viticulture sud-africaine \u00e0 coups de millions d\u2019euros au nom de \u201cl\u2019inclusivit\u00e9\u201d. Nous marchons sur la t\u00eate\u00bb, a \u00e9galement d\u00e9nonc\u00e9 Maxime Michelet, d\u00e9put\u00e9 ciottiste de la Marne.<\/p>\n","protected":false},"excerpt":{"rendered":"L\u2019annonce du d\u00e9blocage d\u2019une aide de l\u2019UE de 15 millions d\u2019euros pour soutenir des projets port\u00e9s par des&hellip;\n","protected":false},"author":2,"featured_media":214306,"comment_status":"","ping_status":"","sticky":false,"template":"","format":"standard","meta":{"footnotes":""},"categories":[1586],"tags":[631,627,630,11,5594,340,398,343,634,405,629,636,1777,674,1779,632,638,1011,27,637,399,639,635,12,25,401,628,1778,364,1662,633,407],"class_list":{"0":"post-214305","1":"post","2":"type-post","3":"status-publish","4":"format-standard","5":"has-post-thumbnail","7":"category-europe","8":"tag-action","9":"tag-actions-francaise","10":"tag-actualite-bourse","11":"tag-actualites","12":"tag-afrique-du-sud","13":"tag-bourse","14":"tag-bourse-de-paris","15":"tag-cac-40","16":"tag-cotation","17":"tag-cotations","18":"tag-cours-des-societes-francaises","19":"tag-devises","20":"tag-eu","21":"tag-europe","22":"tag-european-union","23":"tag-fcp","24":"tag-figaro","25":"tag-fr","26":"tag-france","27":"tag-indices","28":"tag-investissement","29":"tag-le-figaro","30":"tag-marches","31":"tag-news","32":"tag-republique-francaise","33":"tag-sicav","34":"tag-societes-etrangeres","35":"tag-ue","36":"tag-union-europeenne","37":"tag-vin","38":"tag-warrant","39":"tag-warrants"},"share_on_mastodon":{"url":"","error":"Validation failed: Text character limit of 500 exceeded"},"_links":{"self":[{"href":"https:\/\/www.europesays.com\/fr\/wp-json\/wp\/v2\/posts\/214305","targetHints":{"allow":["GET"]}}],"collection":[{"href":"https:\/\/www.europesays.com\/fr\/wp-json\/wp\/v2\/posts"}],"about":[{"href":"https:\/\/www.europesays.com\/fr\/wp-json\/wp\/v2\/types\/post"}],"author":[{"embeddable":true,"href":"https:\/\/www.europesays.com\/fr\/wp-json\/wp\/v2\/users\/2"}],"replies":[{"embeddable":true,"href":"https:\/\/www.europesays.com\/fr\/wp-json\/wp\/v2\/comments?post=214305"}],"version-history":[{"count":0,"href":"https:\/\/www.europesays.com\/fr\/wp-json\/wp\/v2\/posts\/214305\/revisions"}],"wp:featuredmedia":[{"embeddable":true,"href":"https:\/\/www.europesays.com\/fr\/wp-json\/wp\/v2\/media\/214306"}],"wp:attachment":[{"href":"https:\/\/www.europesays.com\/fr\/wp-json\/wp\/v2\/media?parent=214305"}],"wp:term":[{"taxonomy":"category","embeddable":true,"href":"https:\/\/www.europesays.com\/fr\/wp-json\/wp\/v2\/categories?post=214305"},{"taxonomy":"post_tag","embeddable":true,"href":"https:\/\/www.europesays.com\/fr\/wp-json\/wp\/v2\/tags?post=214305"}],"curies":[{"name":"wp","href":"https:\/\/api.w.org\/{rel}","templated":true}]}}