{"id":214310,"date":"2025-06-29T22:41:15","date_gmt":"2025-06-29T22:41:15","guid":{"rendered":"https:\/\/www.europesays.com\/fr\/214310\/"},"modified":"2025-06-29T22:41:15","modified_gmt":"2025-06-29T22:41:15","slug":"canicule-84-departements-en-vigilance-orange-du-jamais-vu-en-france","status":"publish","type":"post","link":"https:\/\/www.europesays.com\/fr\/214310\/","title":{"rendered":"Canicule : 84 d\u00e9partements en vigilance orange, \u00ab\u00a0du jamais-vu\u00a0\u00bb en France"},"content":{"rendered":"<ul class=\"jsx-862013697 ArticleChapo__List\">\n<li class=\"jsx-862013697 ArticleChapo__List_Item flex\">Face \u00e0 la vague de chaleur, M\u00e9t\u00e9o France a d\u00e9cid\u00e9 de placer 84 d\u00e9partements en vigilance orange.<\/li>\n<li class=\"jsx-862013697 ArticleChapo__List_Item flex\">Une situation \u00ab\u00a0jamais vue\u00a0\u00bb, a soulign\u00e9 dimanche soir la ministre de la Transition \u00e9cologique, Agn\u00e8s Pannier-Runacher.<\/li>\n<li class=\"jsx-862013697 ArticleChapo__List_Item flex\">Le pr\u00e9c\u00e9dent record remontait effectivement \u00e0 2019, avec des temp\u00e9ratures plus faibles \u00e0 l&rsquo;\u00e9poque.<\/li>\n<\/ul>\n<p><a href=\"https:\/\/www.tf1info.fr\/actualite\/meteo-france-canicule-changement-climatique-la-france-face-a-sa-premiere-canicule-d-ampleur-de-2025-14308\/\" rel=\"noopener\" class=\"jsx-484472199 Link jsx-1428418400 jsx-27126556\" target=\"_blank\"><\/p>\n<p style=\"font-weight:400\" class=\"jsx-1837267516\">Suivez la couverture compl\u00e8te<\/p>\n<p style=\"font-weight:800\" class=\"jsx-1837267516\">Vers un \u00e9t\u00e9 2025 caniculaire en France ?<\/p>\n<p><\/a><\/p>\n<p data-module=\"article-paragraph\" class=\"jsx-3046738180 Paragraph Paragraph__End\">C\u2019est une expression lourde de sens. S\u2019exprimant aupr\u00e8s de l\u2019AFP en amont d\u2019un comit\u00e9 interminist\u00e9riel de crise, la ministre de la Transition \u00e9cologique Agn\u00e8s Pannier-Runacher a d\u00e9clar\u00e9 que la d\u00e9cision de M\u00e9t\u00e9o France de placer 84 \u00a0d\u00e9partements dans toute la France en vigilance orange constituait \u00ab\u00a0du jamais-vu\u00a0\u00bb. Le pr\u00e9c\u00e9dent record datait en effet du 23 juillet 2019, avec 81 d\u00e9partements en vigilance orange, 80 pour la canicule et 1 pour les orages, a-t-elle pr\u00e9cis\u00e9.<\/p>\n<p data-module=\"article-paragraph\" class=\"jsx-3046738180 Paragraph Paragraph__End\">Depuis le 19 juin dernier, la France subit sa 50\u1d49 vague de chaleur nationale depuis 1947, et sa 33\u1d49 au XXIe si\u00e8cle, avec d\u00e9j\u00e0 des temp\u00e9ratures autour de 40 degr\u00e9s dans le Sud ce week-end. Lesquels vont encore s&rsquo;intensifier dans les prochains jours, avec un pic qui devrait \u00eatre atteint entre mardi et mercredi. Combien de temps cette vague de chaleur durera-t-elle ?<\/p>\n<p>D\u00e9j\u00e0 la vague de chaleur la plus intense ?<\/p>\n<p data-module=\"article-paragraph\" class=\"jsx-3046738180 Paragraph Paragraph__End\">\u00ab\u00a0On est d\u00e9j\u00e0 \u00e0 12 jours, on se rapproche \u00e9galement des niveaux in\u00e9dits pour la dur\u00e9e\u00a0\u00bb, a soulign\u00e9 Agn\u00e8s Pannier-Runacher. La vague de chaleur la plus longue observ\u00e9e en juin en France remonte \u00e0 1976. Elle avait dur\u00e9 14 jours entre le 23 juin et le 6 juillet. Mais elle \u00e9tait beaucoup moins intense. La plus longue tous mois confondus avait dur\u00e9 23 jours en juillet 1983.<\/p>\n<blockquote data-testid=\"EmbedTwitter\" id=\"tweet-1939367095638077705-:R4mmij9n79m:\" class=\"jsx-aeff1a1c40f54d7a twitter-tweet flex justify-center items-center\"><p>Seuls deux mois de juillet (1983 et 2006) et deux mois d\u2019ao\u00fbt (2003 et 2022) ont connu un nombre sup\u00e9rieur de jours de forte  #chaleur (= temp\u00e9rature moyenne de 30\u00b0C ou plus). Nous vivons un mois de juin tout simplement exceptionnel\u2026  #canicule pic.twitter.com\/fTOu0DE6dM \u2014 Guillaume Woznica (@GWoznica)  June 29, 2025<\/p><\/blockquote>\n<p data-module=\"article-paragraph\" class=\"jsx-3046738180 Paragraph Paragraph__End\">\u00ab\u00a0On est vraiment sur un ph\u00e9nom\u00e8ne particuli\u00e8rement important et in\u00e9dit, qui est reli\u00e9 au d\u00e9r\u00e8glement climatique avec une multiplication des ph\u00e9nom\u00e8nes extr\u00eames, comme les vagues de chaleur, et une intensit\u00e9 qui augmente\u00a0\u00bb, a pr\u00e9cis\u00e9 la ministre de la Transition \u00e9cologique.<\/p>\n<p><a href=\"https:\/\/www.tf1info.fr\/meteo\/direct-meteo-france-previsions-canicule-14-departements-en-vigilance-orange-pres-de-40-c-attendus-samedi-28-juin-2025-2379671.html\" rel=\"noopener\" class=\"jsx-3308031228 Link flex\" target=\"_blank\"><img decoding=\"async\" src=\"https:\/\/www.europesays.com\/fr\/wp-content\/uploads\/2025\/06\/canicule-215082025-7e2e38-0@1x.jpeg\" alt=\"GETTY IMAGES\" loading=\"lazy\" importance=\"low\" fetchpriority=\"low\" class=\"\"\/><\/p>\n<p class=\"jsx-3657663356 ReadMoreArticle__Title\">Lire aussi<\/p>\n<p class=\"jsx-3657663356\">EN DIRECT &#8211; Canicule : \u00ab\u00a0200 \u00e9coles publiques ferm\u00e9es\u00a0\u00bb totalement ou partiellement, annonce Elisabeth Borne<\/p>\n<p><\/a><\/p>\n<p data-module=\"article-paragraph\" class=\"jsx-3046738180 Paragraph Paragraph__End\">Concernant la s\u00e9cheresse, 25 d\u00e9partements \u00e9taient ce dimanche en vigilance et 10 au niveau de crise, entra\u00eenant des restrictions importantes des usages. Une pollution de l&rsquo;air est \u00e9galement en train de s&rsquo;installer pour l&rsquo;ozone sur les Bouches-du-Rh\u00f4ne et le Vaucluse, qui pourraient \u00eatre rejoints par l&rsquo;Ile-de-France.<\/p>\n<p>J.V.<\/p>\n<p><script async src=\"https:\/\/platform.twitter.com\/widgets.js\" charset=\"utf-8\"><\/script><\/p>\n","protected":false},"excerpt":{"rendered":"Face \u00e0 la vague de chaleur, M\u00e9t\u00e9o France a d\u00e9cid\u00e9 de placer 84 d\u00e9partements en vigilance orange. Une&hellip;\n","protected":false},"author":2,"featured_media":214311,"comment_status":"","ping_status":"","sticky":false,"template":"","format":"standard","meta":{"footnotes":""},"categories":[4],"tags":[1111,11,2432,1921,6698,1011,27,1922,2487,12,5735,25,34285,133,11009],"class_list":{"0":"post-214310","1":"post","2":"type-post","3":"status-publish","4":"format-standard","5":"has-post-thumbnail","7":"category-france","8":"tag-actu","9":"tag-actualites","10":"tag-agnes-pannier-runacher","11":"tag-article-video","12":"tag-canicule","13":"tag-fr","14":"tag-france","15":"tag-info","16":"tag-meteo","17":"tag-news","18":"tag-protection-de-lenvironnement","19":"tag-republique-francaise","20":"tag-vers-un-ete-2025-caniculaire-en-france","21":"tag-video","22":"tag-video-meteo-et-intemperies"},"share_on_mastodon":{"url":"https:\/\/pubeurope.com\/@fr\/114769067383037728","error":""},"_links":{"self":[{"href":"https:\/\/www.europesays.com\/fr\/wp-json\/wp\/v2\/posts\/214310","targetHints":{"allow":["GET"]}}],"collection":[{"href":"https:\/\/www.europesays.com\/fr\/wp-json\/wp\/v2\/posts"}],"about":[{"href":"https:\/\/www.europesays.com\/fr\/wp-json\/wp\/v2\/types\/post"}],"author":[{"embeddable":true,"href":"https:\/\/www.europesays.com\/fr\/wp-json\/wp\/v2\/users\/2"}],"replies":[{"embeddable":true,"href":"https:\/\/www.europesays.com\/fr\/wp-json\/wp\/v2\/comments?post=214310"}],"version-history":[{"count":0,"href":"https:\/\/www.europesays.com\/fr\/wp-json\/wp\/v2\/posts\/214310\/revisions"}],"wp:featuredmedia":[{"embeddable":true,"href":"https:\/\/www.europesays.com\/fr\/wp-json\/wp\/v2\/media\/214311"}],"wp:attachment":[{"href":"https:\/\/www.europesays.com\/fr\/wp-json\/wp\/v2\/media?parent=214310"}],"wp:term":[{"taxonomy":"category","embeddable":true,"href":"https:\/\/www.europesays.com\/fr\/wp-json\/wp\/v2\/categories?post=214310"},{"taxonomy":"post_tag","embeddable":true,"href":"https:\/\/www.europesays.com\/fr\/wp-json\/wp\/v2\/tags?post=214310"}],"curies":[{"name":"wp","href":"https:\/\/api.w.org\/{rel}","templated":true}]}}