{"id":214314,"date":"2025-06-29T22:44:09","date_gmt":"2025-06-29T22:44:09","guid":{"rendered":"https:\/\/www.europesays.com\/fr\/214314\/"},"modified":"2025-06-29T22:44:09","modified_gmt":"2025-06-29T22:44:09","slug":"video-fabien-galthie-ce-chemin-pourquoi-le-selectionneur-des-bleus-se-dit-tres-emu-par-une-finale-de-top-14-contre-le-stade-toulousain","status":"publish","type":"post","link":"https:\/\/www.europesays.com\/fr\/214314\/","title":{"rendered":"VIDEO. Fabien Galthi\u00e9\u00a0: \u00ab\u00a0Ce chemin\u2026\u00a0\u00bb Pourquoi le s\u00e9lectionneur des Bleus se dit tr\u00e8s \u00e9mu par une finale de Top 14 contre le Stade Toulousain"},"content":{"rendered":"<p>\n                                                                    l&rsquo;essentiel<br \/>\n                                                                Ce dimanche soir, au lendemain de la finale de Top 14 qui a vu le Stade Toulousain s\u2019imposer face \u00e0 l\u2019Union Bordeaux-B\u00e8gles (39-33 apr\u00e8s prolongation), le documentaire \u00ab\u00a0L\u2019Odyss\u00e9e du Top 14\u00a0\u00bb sera diffus\u00e9 sur Canal +.\n                            <\/p>\n<p>\u00c0 la veille du sacre du Stade Toulousain en finale face \u00e0 l\u2019Union Bordeaux-B\u00e8gles, la saison de Top 14 n\u2019est pas encore r\u00e9ellement termin\u00e9e. Ce dimanche soir sera diffus\u00e9 sur les antennes de Canal +\u00a0le documentaire exceptionnel intitul\u00e9 \u00ab\u00a0L\u2019Odyss\u00e9e du Top 14\u00a0\u00bb \u00e0 partir de 21h00. L\u2019occasion de retracer de l\u2019histoire du championnat fran\u00e7ais,. Plusieurs grands noms du rugby fran\u00e7ais interviendront et notamment Fabien Galthi\u00e9, actuel s\u00e9lectionneur du XV de France.<\/p>\n<p class=\"std-elt__inline\">\n        <strong>\u00c0 lire aussi :<\/strong><br \/>\n        <a href=\"https:\/\/www.ladepeche.fr\/2025\/06\/27\/rugby-le-tournoi-des-6-nations-sur-tf1-et-plus-sur-france-televisions-les-organisateurs-ont-tranche-12789705.php\" rel=\"nofollow noopener\" target=\"_blank\">Rugby\u00a0: le Tournoi des 6 Nations sur TF1 et plus sur France T\u00e9l\u00e9visions\u00a0? Les organisateurs ont tranch\u00e9<\/a>\n    <\/p>\n<p>Dans un extrait publi\u00e9 ce dimanche apr\u00e8s-midi par la cha\u00eene crypt\u00e9e, on y aper\u00e7oit l\u2019ancien demi de m\u00eal\u00e9e en train de visionner les images de son dernier match chez les professionnels. Un certain soir du 7\u00a0juin 2003 au Stade de France et une affiche entre le Stade Fran\u00e7ais Paris et le Stade Toulousain. \u00ab\u00a0Pour mon dernier match, en tant que joueur de rugby en France, nous sommes champions de France\u00a0!\u00a0\u00bb raconte l\u2019ancien Colum\u00e9rin \u00e0 Canal +, arriv\u00e9 deux ans plus t\u00f4t dans le club parisien.<\/p>\n<blockquote data-class=\"twitter-tweet\">\n<p lang=\"fr\" dir=\"ltr\">L&rsquo;\u00e9motion de Fabien Galthi\u00e9 qui revoit ses derniers instants en TOP 14 \\ud83e\\udd79<\/p>\n<p>L&rsquo;Odyss\u00e9e du TOP 14, c&rsquo;est CE SOIR \u00e0 21H00 sur CANAL+ \\ud83d\\udcfa<a href=\"https:\/\/twitter.com\/hashtag\/TOP14?src=hash&amp;ref_src=twsrc%5Etfw\" rel=\"nofollow noopener\" target=\"_blank\">#TOP14<\/a> <a href=\"https:\/\/t.co\/93vFCDtk7w\" rel=\"nofollow\">pic.twitter.com\/93vFCDtk7w<\/a><\/p>\n<p>\u2014 CANAL+ Rugby (@CanalplusRugby) <a href=\"https:\/\/twitter.com\/CanalplusRugby\/status\/1939346187980566922?ref_src=twsrc%5Etfw\" rel=\"nofollow noopener\" target=\"_blank\">June 29, 2025<\/a><\/p><\/blockquote>\n<p>Apr\u00e8s plus de 15 ans d\u2019une carri\u00e8re d\u00e9but\u00e9e \u00e0 Colomiers, le natif de Cahors touchait le Graal et \u00e9tait sacr\u00e9 champion de France pour la premi\u00e8re fois. \u00ab\u00a0Il y avait tout\u00a0! Je suis \u00e9mu\u2026 C\u2019est\u2026 ce chemin, quoi\u00a0!\u00a0\u00bb tente d\u2019expliquer, avec ces mots, le patron des Bleus. C\u2019est justement avec le Stade Fran\u00e7ais que Galthi\u00e9 d\u00e9butera sa carri\u00e8re d\u2019entra\u00eeneur, avant de rejoindre Montpellier en 2010, Toulon en 2017 et enfin le XV de France en 2019.<\/p>\n<p>                                                                                                                                                                                                        <script async src=\"https:\/\/platform.twitter.com\/widgets.js\" charset=\"utf-8\"><\/script><\/p>\n","protected":false},"excerpt":{"rendered":"l&rsquo;essentiel Ce dimanche soir, au lendemain de la finale de Top 14 qui a vu le Stade Toulousain&hellip;\n","protected":false},"author":2,"featured_media":214315,"comment_status":"","ping_status":"","sticky":false,"template":"","format":"standard","meta":{"footnotes":""},"categories":[1416],"tags":[1011,27,479,1468,60],"class_list":{"0":"post-214314","1":"post","2":"type-post","3":"status-publish","4":"format-standard","5":"has-post-thumbnail","7":"category-rugby","8":"tag-fr","9":"tag-france","10":"tag-rugby","11":"tag-rugby-football","12":"tag-sports"},"share_on_mastodon":{"url":"https:\/\/pubeurope.com\/@fr\/114769078711483445","error":""},"_links":{"self":[{"href":"https:\/\/www.europesays.com\/fr\/wp-json\/wp\/v2\/posts\/214314","targetHints":{"allow":["GET"]}}],"collection":[{"href":"https:\/\/www.europesays.com\/fr\/wp-json\/wp\/v2\/posts"}],"about":[{"href":"https:\/\/www.europesays.com\/fr\/wp-json\/wp\/v2\/types\/post"}],"author":[{"embeddable":true,"href":"https:\/\/www.europesays.com\/fr\/wp-json\/wp\/v2\/users\/2"}],"replies":[{"embeddable":true,"href":"https:\/\/www.europesays.com\/fr\/wp-json\/wp\/v2\/comments?post=214314"}],"version-history":[{"count":0,"href":"https:\/\/www.europesays.com\/fr\/wp-json\/wp\/v2\/posts\/214314\/revisions"}],"wp:featuredmedia":[{"embeddable":true,"href":"https:\/\/www.europesays.com\/fr\/wp-json\/wp\/v2\/media\/214315"}],"wp:attachment":[{"href":"https:\/\/www.europesays.com\/fr\/wp-json\/wp\/v2\/media?parent=214314"}],"wp:term":[{"taxonomy":"category","embeddable":true,"href":"https:\/\/www.europesays.com\/fr\/wp-json\/wp\/v2\/categories?post=214314"},{"taxonomy":"post_tag","embeddable":true,"href":"https:\/\/www.europesays.com\/fr\/wp-json\/wp\/v2\/tags?post=214314"}],"curies":[{"name":"wp","href":"https:\/\/api.w.org\/{rel}","templated":true}]}}