{"id":21432,"date":"2025-04-13T05:17:09","date_gmt":"2025-04-13T05:17:09","guid":{"rendered":"https:\/\/www.europesays.com\/fr\/21432\/"},"modified":"2025-04-13T05:17:09","modified_gmt":"2025-04-13T05:17:09","slug":"atp-monte-carlo-stefanos-tsitsipas-sur-les-rumeurs-a-son-sujet-je-ne-suis-pas-encore-en-mesure-de-repondre-a-cette-question","status":"publish","type":"post","link":"https:\/\/www.europesays.com\/fr\/21432\/","title":{"rendered":"ATP &#8211; Monte Carlo > Stefanos Tsitsipas (sur les rumeurs \u00e0 son sujet) : \u00ab\u00a0Je ne suis pas encore en mesure de r\u00e9pondre \u00e0 cette question\u00a0\u00bb"},"content":{"rendered":"<p>Battu par Lorenzo Musetti en quarts de finale du Masters 1000 de Monte\u2010Carlo, le tenant du titre, Stefanos Tsitsipas, <a href=\"https:\/\/www.welovetennis.fr\/atp\/atp-monte-carlo\/elimine-par-musetti-tsitsipas-va-perdre-tres-gros\" data-wpel-link=\"internal\" rel=\"nofollow noopener\" target=\"_blank\">qui va perdre gros suite \u00e0 cette d\u00e9faite<\/a>, \u00e9tait logi\u00adque\u00adment abattu en conf\u00e9\u00adrence de presse d\u2019apr\u00e8s match.<\/p>\n<p>Et lors\u00adqu\u2019un jour\u00adna\u00adliste a d\u00e9cid\u00e9 de l\u2019in\u00adter\u00adroger sur les rumeurs concer\u00adnant Goran Ivanisevic, qui pour\u00adrait devenir son entra\u00ee\u00adneur \u00e0 l\u2019issue de la saison sur terre battue selon la presse de son pays, le Grec n\u2019a pas voulu en dire davantage.\u00a0<\/p>\n<p><strong>\u00ab\u202fJe ne suis pas encore en mesure de r\u00e9pondre \u00e0 cette ques\u00adtion\u202f\u00bb<\/strong>, a simple\u00adment l\u00e2ch\u00e9 Stefanos Tsitsipas qui s\u00e8me un peu plus le doute au sujet d\u2019une poten\u00adtielle colla\u00adbo\u00adra\u00adtion exci\u00adtante sur le papier.\u00a0<\/p>\n<p class=\"post-published-date\" style=\"color: silver; font-size: 75%; text-align: left;\">Publi\u00e9 le samedi 12 avril 2025 \u00e0 08:08<\/p>\n","protected":false},"excerpt":{"rendered":"Battu par Lorenzo Musetti en quarts de finale du Masters 1000 de Monte\u2010Carlo, le tenant du titre, Stefanos&hellip;\n","protected":false},"author":2,"featured_media":16989,"comment_status":"","ping_status":"","sticky":false,"template":"","format":"standard","meta":{"footnotes":""},"categories":[1415],"tags":[1011,27,60,1467,5443],"class_list":{"0":"post-21432","1":"post","2":"type-post","3":"status-publish","4":"format-standard","5":"has-post-thumbnail","7":"category-tennis","8":"tag-fr","9":"tag-france","10":"tag-sports","11":"tag-tennis","12":"tag-tsitsipas"},"share_on_mastodon":{"url":"https:\/\/pubeurope.com\/@fr\/114328963825530847","error":""},"_links":{"self":[{"href":"https:\/\/www.europesays.com\/fr\/wp-json\/wp\/v2\/posts\/21432","targetHints":{"allow":["GET"]}}],"collection":[{"href":"https:\/\/www.europesays.com\/fr\/wp-json\/wp\/v2\/posts"}],"about":[{"href":"https:\/\/www.europesays.com\/fr\/wp-json\/wp\/v2\/types\/post"}],"author":[{"embeddable":true,"href":"https:\/\/www.europesays.com\/fr\/wp-json\/wp\/v2\/users\/2"}],"replies":[{"embeddable":true,"href":"https:\/\/www.europesays.com\/fr\/wp-json\/wp\/v2\/comments?post=21432"}],"version-history":[{"count":0,"href":"https:\/\/www.europesays.com\/fr\/wp-json\/wp\/v2\/posts\/21432\/revisions"}],"wp:featuredmedia":[{"embeddable":true,"href":"https:\/\/www.europesays.com\/fr\/wp-json\/wp\/v2\/media\/16989"}],"wp:attachment":[{"href":"https:\/\/www.europesays.com\/fr\/wp-json\/wp\/v2\/media?parent=21432"}],"wp:term":[{"taxonomy":"category","embeddable":true,"href":"https:\/\/www.europesays.com\/fr\/wp-json\/wp\/v2\/categories?post=21432"},{"taxonomy":"post_tag","embeddable":true,"href":"https:\/\/www.europesays.com\/fr\/wp-json\/wp\/v2\/tags?post=21432"}],"curies":[{"name":"wp","href":"https:\/\/api.w.org\/{rel}","templated":true}]}}