{"id":214325,"date":"2025-06-29T22:51:32","date_gmt":"2025-06-29T22:51:32","guid":{"rendered":"https:\/\/www.europesays.com\/fr\/214325\/"},"modified":"2025-06-29T22:51:32","modified_gmt":"2025-06-29T22:51:32","slug":"jeff-bezos-et-lauren-sanchez-se-disent-oui-a-venise-devant-une-tonne-de-celebrites","status":"publish","type":"post","link":"https:\/\/www.europesays.com\/fr\/214325\/","title":{"rendered":"Jeff Bezos et Lauren S\u00e1nchez se disent oui \u00e0 Venise devant une tonne de c\u00e9l\u00e9brit\u00e9s"},"content":{"rendered":"<p>la dolce vita\u2022A Venise, pendant quatre jours, le patron d\u2019Amazon et l\u2019ancienne pr\u00e9sentatrice de Fox News ont c\u00e9l\u00e9br\u00e9 leur mariage. Et tout le gratin \u00e9tait pr\u00e9sent\u00a0!<\/p>\n<p><img decoding=\"async\" alt=\"Les mari\u00e9s quittent l'h\u00f4tel Aman pour se rendre \u00e0 l'Arsenal de Venise pour leurs c\u00e9l\u00e9brations du samedi soir. \" class=\"c-img\" loading=\"lazy\" fetchpriority=\"high\" width=\"1444\" height=\"920\"  src=\"https:\/\/img.20mn.fr\/SvXbWAAETOOtePvYFyu67Ck\/1444x920_les-maries-quittent-l-hotel-aman-pour-se-rendre-a-l-arsenal-de-venise-pour-leurs-celebrations-du-samedi-soir\" \/>Les mari\u00e9s quittent l&rsquo;h\u00f4tel Aman pour se rendre \u00e0 l&rsquo;Arsenal de Venise pour leurs c\u00e9l\u00e9brations du samedi soir. \u2002-\u00a0Geoff Pugh<a href=\"https:\/\/www.20minutes.fr\/journaliste\/lina-fourneau\" rel=\"nofollow noopener\" target=\"_blank\"><img decoding=\"async\" class=\"c-avatar c-avatar--media c-avatar--with-placeholder\" src=\"data:image\/svg+xml,%3Csvg%20xmlns='http:\/\/www.w3.org\/2000\/svg'%20width='40'%20height='40'%3E%3C\/svg%3E\" alt=\"Lina Fourneau\"\/><\/p>\n<p class=\"font-weight-bold@xs text-s@xs\">Lina Fourneau<\/p>\n<p class=\"mt-xxs-2@xs color-grey-400 text-xxs@xs\">Publi\u00e9 le 29\/06\/2025 \u00e0 12h51<\/p>\n<p><\/a><\/p>\n<p>\u00c7a a dur\u00e9 quatre jours. Quatre jours pendant lesquels le milliardaire et patron d\u2019Amazon Jeff Bezos et sa compagne Lauren Sanchez, une pr\u00e9sentatrice am\u00e9ricaine, ont c\u00e9l\u00e9br\u00e9 leur union. Parmi les invit\u00e9s\u00a0: de nombreux grands patrons, de Ferrari \u00e0 Microsoft, toute la famille Kardashian ainsi que la plupart des fashionistas de Hollywood.<\/p>\n<p>Pour d\u00e9couvrir qui a pu vivre sa dolce vita le temps d\u2019une c\u00e9r\u00e9monie, regardez notre diapo.<\/p>\n<p><img fetchpriority=\"high\" decoding=\"async\" alt=\"Les mari\u00e9s quittent l\u2019h\u00f4tel Aman pour se rendre \u00e0 l\u2019Arsenal de Venise pour leurs c\u00e9l\u00e9brations du samedi soir. Ils ont l\u2019air heureux (et tr\u00e8s riches).\" class=\"mb-s@xs radius-0@xs radius-xxs@md c-img\" loading=\"eager\" width=\"640\" height=\"408\" src=\"https:\/\/img.20mn.fr\/SvXbWAAETOOtePvYFyu67Ck\/640x408_les-maries-quittent-l-hotel-aman-pour-se-rendre-a-l-arsenal-de-venise-pour-leurs-celebrations-du-samedi-soir\" \/>Geoff Pugh\u2002\/\u00a0Shutterstock<\/p>\n<p>Les mari\u00e9s quittent l\u2019h\u00f4tel Aman pour se rendre \u00e0 l\u2019Arsenal de Venise pour leurs c\u00e9l\u00e9brations du samedi soir. Ils ont l\u2019air heureux (et tr\u00e8s riches).<\/p>\n<p><img decoding=\"async\" alt=\"Un Bezos visiblement bien accueilli \u00e0 Venise.\" class=\"mb-s@xs radius-0@xs radius-xxs@md c-img\" loading=\"eager\" width=\"640\" height=\"408\" src=\"https:\/\/img.20mn.fr\/cXVFWDwCQD6ox61swSJMkCk\/640x408_un-bezos-visiblement-bien-accueilli-a-venise\" \/>Greenpeace\/AP\/SIPA\u2002\/\u00a0AP\/SIPA<\/p>\n<p>Un Bezos visiblement bien accueilli \u00e0 Venise.<\/p>\n<p><img decoding=\"async\" alt=\"Fabuleux sac \u00ab\u00a0Mrs Bezos\u00a0\u00bb qui en rendrait jalouse plus d\u2019une.\" class=\"mb-s@xs radius-0@xs radius-xxs@md c-img\" loading=\"eager\" width=\"640\" height=\"408\" src=\"https:\/\/img.20mn.fr\/P_5AIoZvQ9SvtJjseWySKik\/640x408_fabuleux-sac-mrs-bezos-qui-en-rendrait-jalouse-plus-d-une\" \/>Luca Bruno\/AP\/SIPA\u2002\/\u00a0AP\/SIPA<\/p>\n<p>Fabuleux sac \u00ab\u00a0Mrs Bezos\u00a0\u00bb qui en rendrait jalouse plus d\u2019une.<\/p>\n<p><img decoding=\"async\" alt=\"Kendall Jenner ravie d\u2019\u00eatre l\u00e0.\" class=\"mb-s@xs radius-0@xs radius-xxs@md c-img\" loading=\"eager\" width=\"640\" height=\"408\" src=\"https:\/\/img.20mn.fr\/hpQ1oM_eTauOKl0-vydl8ik\/640x408_kendall-jenner-toujours-ravie-d-etre-la\" \/> Luigi Costantini\/AP\/SIPA\u2002\/\u00a0AP\/SIPA<\/p>\n<p>Kendall Jenner ravie d\u2019\u00eatre l\u00e0.<\/p>\n<p><img decoding=\"async\" alt=\"Kris Jenner et son compagnon Corey Gamble.\" class=\"mb-s@xs radius-0@xs radius-xxs@md c-img\" loading=\"eager\" width=\"640\" height=\"408\" src=\"https:\/\/img.20mn.fr\/YCFFo5UTRiip9is97L9YrCk\/640x408_kris-jenner-et-son-compagnon-corey-gamble\" \/>Luigi Costantini\/AP\/SIPA\u2002\/\u00a0AP\/SIPA<\/p>\n<p>Kris Jenner et son compagnon Corey Gamble.<\/p>\n<p><img decoding=\"async\" alt=\"La c\u00e9l\u00e8bre pr\u00e9sentatrice Oprah Winfrey.\" class=\"mb-s@xs radius-0@xs radius-xxs@md c-img\" loading=\"eager\" width=\"640\" height=\"408\" src=\"https:\/\/img.20mn.fr\/jbIMAt3VQpaCL6vpShj4hik\/640x408_oprah-winfrey\" \/>Luigi Costantini\/AP\/SIPA\u2002\/\u00a0AP\/SIPA<\/p>\n<p>La c\u00e9l\u00e8bre pr\u00e9sentatrice Oprah Winfrey.<\/p>\n<p><img decoding=\"async\" alt=\"La mannequin am\u00e9ricaine Brooks Nader.\" class=\"mb-s@xs radius-0@xs radius-xxs@md c-img\" loading=\"eager\" width=\"640\" height=\"408\" src=\"https:\/\/img.20mn.fr\/U2qMUbbNQ1KoecCLRaNJPik\/640x408_la-mannequin-americaine-brooks-nader\" \/>Luigi Costantini\/AP\/SIPA\u2002\/\u00a0AP\/SIPA<\/p>\n<p>La mannequin am\u00e9ricaine Brooks Nader.<\/p>\n<p><img decoding=\"async\" alt=\"La mannequin italienne Vittoria Ceretti.\" class=\"mb-s@xs radius-0@xs radius-xxs@md c-img\" loading=\"eager\" width=\"640\" height=\"408\" src=\"https:\/\/img.20mn.fr\/ff6qchtQTNaMVu7CXnmOFyk\/640x408_la-mannequin-italienne-vittoria-ceretti\" \/>SGP\/Shutterstock\/SIPA\u2002\/\u00a0Shutterstock\/SIPA<\/p>\n<p>La mannequin italienne Vittoria Ceretti.<\/p>\n<p><img decoding=\"async\" alt=\"Ivanka Trump et Jared Kushner.\" class=\"mb-s@xs radius-0@xs radius-xxs@md c-img\" loading=\"eager\" width=\"640\" height=\"408\" src=\"https:\/\/img.20mn.fr\/25tjBBYfSs-HhaSyDK-Nkik\/640x408_ivanka-trump-et-jared-kushner\" \/> Luigi Costantini\/AP\/SIPA\u2002\/\u00a0AP Photo<\/p>\n<p>Ivanka Trump et Jared Kushner.<\/p>\n<p><img decoding=\"async\" alt=\"Cach\u00e9 derri\u00e8re cette sombre casquette, Leonardo Di Caprio.\" class=\"mb-s@xs mx-auto@xs radius-0@xs radius-xxs@md c-img c-img--is-portrait\" loading=\"eager\" width=\"310\" src=\"https:\/\/img.20mn.fr\/yu2VS36BQbSTLSDftaTOKCk\/310x0_cache-derriere-cette-sombre-casquette-leonardo-di-caprio\" \/>SGP\/Shutterstock\/SIPA\u2002\/\u00a0Shutterstock\/SIPA<\/p>\n<p>Cach\u00e9 derri\u00e8re cette sombre casquette, Leonardo Di Caprio.<\/p>\n<p><img decoding=\"async\" alt=\"Le styliste Domenico Dolce et son petit ami Gui Siqueira.\" class=\"mb-s@xs radius-0@xs radius-xxs@md c-img\" loading=\"eager\" width=\"640\" height=\"408\" src=\"https:\/\/img.20mn.fr\/FBCu3k9kSvWoHbeHURQ1Aik\/640x408_le-styliste-domenico-dolce-et-son-petit-ami-gui-siqueira\" \/>SGP\/Sipa USA\/SIPA\u2002\/\u00a0Sipa USA\/SIPA<\/p>\n<p>Le styliste Domenico Dolce et son petit ami Gui Siqueira.<\/p>\n<p><img decoding=\"async\" alt=\"L\u2019actrice Sydney Sweeney.\" class=\"mb-s@xs radius-0@xs radius-xxs@md c-img\" loading=\"eager\" width=\"640\" height=\"408\" src=\"https:\/\/img.20mn.fr\/ALYnyf_WS7CDwCSCWZE1Jik\/640x408_l-actrice-sydney-sweeney\" \/>SGP\/Shutterstock\/SIPA\u2002\/\u00a0Shutterstock\/SIPA<\/p>\n<p>L\u2019actrice Sydney Sweeney.<\/p>\n<p><img decoding=\"async\" alt=\"Des nouvelles de la souriante Kendall Jenner.\" class=\"mb-s@xs radius-0@xs radius-xxs@md c-img\" loading=\"eager\" width=\"640\" height=\"408\" src=\"https:\/\/img.20mn.fr\/vFt45ikIQtOBE9VVc3qcXCk\/640x408_kendall-kylie-et-kris-jenner-visiblement-ravies-d-etre-la\" \/>SGP\/Sipa USA\/SIPA\u2002\/\u00a0Sipa USA\/SIPA<\/p>\n<p>Des nouvelles de la souriante Kendall Jenner.<\/p>\n<p><img decoding=\"async\" alt=\"Petit bezos sur l\u2019Arsenal de Venise.\" class=\"mb-s@xs radius-0@xs radius-xxs@md c-img\" loading=\"eager\" width=\"640\" height=\"408\" src=\"https:\/\/img.20mn.fr\/EVnfcoELSt-wKgsOJhEYbyk\/640x408_petit-bezos-sur-l-arsenal-de-venise\" \/>Geoff Pugh\u2002\/\u00a0Shutterstock<\/p>\n<p>Petit bezos sur l\u2019Arsenal de Venise.<\/p>\n<p><img decoding=\"async\" alt=\"Usher quitte l\u2019h\u00f4tel avant le mariage, cigare aux l\u00e8vres.\" class=\"mb-s@xs radius-0@xs radius-xxs@md c-img\" loading=\"eager\" width=\"640\" height=\"408\" src=\"https:\/\/img.20mn.fr\/QdI1i_0SRZ2ydN6HfxOMiik\/640x408_usher-quitte-l-hotel-avant-le-mariage-cigare-aux-levres\" \/> Luigi Costantini\/AP\/SIPA\u2002\/\u00a0AP\/SIPA<\/p>\n<p>Usher quitte l\u2019h\u00f4tel avant le mariage, cigare aux l\u00e8vres.<\/p>\n<p><img decoding=\"async\" alt=\"Le convoi de bateaux du couple Bezos se dirige vers l\u2019Arsenal de Venise pour leurs c\u00e9l\u00e9brations du samedi soir.\" class=\"mb-s@xs radius-0@xs radius-xxs@md c-img\" loading=\"eager\" width=\"640\" height=\"408\" src=\"https:\/\/img.20mn.fr\/dohK-DcdRGyHls-cCl1wqSk\/640x408_le-convoi-de-bateaux-du-couple-bezos-se-dirige-vers-l-arsenal-de-venise-pour-leurs-celebrations-du-samedi-soir\" \/>Geoff Pugh\u2002\/\u00a0Shutterstock<\/p>\n<p>Le convoi de bateaux du couple Bezos se dirige vers l\u2019Arsenal de Venise pour leurs c\u00e9l\u00e9brations du samedi soir.<\/p>\n<p><img decoding=\"async\" alt=\"Tommy Hilfiger et sa femme Dee Ocleppo quittent le Harry\u2019s Bar.\" class=\"mb-s@xs radius-0@xs radius-xxs@md c-img\" loading=\"eager\" width=\"640\" height=\"408\" src=\"https:\/\/img.20mn.fr\/ytiKU_tITiG1_EA1cMXybSk\/640x408_tommy-hilfiger-et-sa-femme-dee-ocleppo-quittent-le-harry-s-bar-a-venise-en-italie-le-samedi-28-juin-2025\" \/>Luca Bruno\u2002\/\u00a0AP Photo<\/p>\n<p>Tommy Hilfiger et sa femme Dee Ocleppo quittent le Harry\u2019s Bar.<\/p>\n<p><img decoding=\"async\" alt=\"Usher, toujours coll\u00e9 \u00e0 son cigare.\" class=\"mb-s@xs radius-0@xs radius-xxs@md c-img\" loading=\"eager\" width=\"640\" height=\"408\" src=\"https:\/\/img.20mn.fr\/dkp1xk1GQxSpM2hJhTGqPSk\/640x408_usher-toujours-un-cigare-au-bec\" \/>Luca Bruno\/AP\/SIPA\u2002\/\u00a0AP\/SIPA<\/p>\n<p>Usher, toujours coll\u00e9 \u00e0 son cigare.<\/p>\n<p><img decoding=\"async\" alt=\"La reine Rania de Jordanie. Les rumeurs disent qu\u2019elle n\u2019est rest\u00e9e que 24 heures.\" class=\"mb-s@xs radius-0@xs radius-xxs@md c-img\" loading=\"eager\" width=\"640\" height=\"408\" src=\"https:\/\/img.20mn.fr\/I9dl_hGJTlaapQpd8CanBSk\/640x408_la-reine-rania-de-jordanie\" \/>Matteo Chinellato\/IPA\/SIPA\u2002\/\u00a0IPA\/SIPA<\/p>\n<p>La reine Rania de Jordanie. Les rumeurs disent qu\u2019elle n\u2019est rest\u00e9e que 24 heures.<\/p>\n<p><img decoding=\"async\" alt=\"L\u2019acteur Orlando Bloom qui se pavane dans les rues de Venise pour d\u00e9compresser des 600 jours de c\u00e9r\u00e9monie du mariage.\" class=\"mb-s@xs radius-0@xs radius-xxs@md c-img\" loading=\"eager\" width=\"640\" height=\"408\" src=\"https:\/\/img.20mn.fr\/4VqIvVxZS4uCiTu9pynpoik\/640x408_l-acteur-orlando-bloom-qui-pavane-dans-les-rues-de-venise-pour-decompresser-des-600-jours-de-ceremonie-du-mariage\" \/>Luca Bruno\/AP\/SIPA\u2002\/\u00a0AP\/SIPA<\/p>\n<p>L\u2019acteur Orlando Bloom qui se pavane dans les rues de Venise pour d\u00e9compresser des 600 jours de c\u00e9r\u00e9monie du mariage.<\/p>\n<p><img decoding=\"async\" alt=\"Le commentateur de football am\u00e9ricain Tom Brady.\" class=\"mb-s@xs radius-0@xs radius-xxs@md c-img\" loading=\"eager\" width=\"640\" height=\"408\" src=\"https:\/\/img.20mn.fr\/BTGcT0aCSTmo-hoaGtEQ0Ck\/640x408_le-commentateur-de-football-americain-tom-brady\" \/>Matteo Chinellato\/IPA\/SIPA\u2002\/\u00a0IPA\/SIPA<\/p>\n<p>Le commentateur de football am\u00e9ricain Tom Brady.<\/p>\n<p><img decoding=\"async\" alt=\"La designeuse Sarah Staudinger.\" class=\"mb-s@xs radius-0@xs radius-xxs@md c-img\" loading=\"eager\" width=\"640\" height=\"408\" src=\"https:\/\/img.20mn.fr\/C1jk_S30T8abtX2Eb3PHmyk\/640x408_la-designeuse-sarah-staudinger\" \/>Matteo Chinellato\/IPA\/SIPA\u2002\/\u00a0IPA\/SIPA<\/p>\n<p>La designeuse Sarah Staudinger.<\/p>\n<p><img decoding=\"async\" alt=\"Kim et Khloe Kardashian.\" class=\"mb-s@xs radius-0@xs radius-xxs@md c-img\" loading=\"eager\" width=\"640\" height=\"408\" src=\"https:\/\/img.20mn.fr\/8zz8l27iR6GLoT76b2Pn4Sk\/640x408_kim-et-khloe-kardashian\" \/>Matteo Chinellato\/IPA\/SIPA\u2002\/\u00a0IPA\/SIPA<img decoding=\"async\" alt=\"Stefano Gabbana, l\u2019autre moiti\u00e9 de Dolce.\" class=\"mb-s@xs radius-0@xs radius-xxs@md c-img\" loading=\"eager\" width=\"640\" height=\"408\" src=\"https:\/\/img.20mn.fr\/DlZCc-EfQwiZmjVMvjMUPyk\/640x408_stefano-gabbana\" \/>Matteo Chinellato\/IPA\/SIPA\u2002\/\u00a0IPA\/SIPA<\/p>\n<p>Stefano Gabbana, l\u2019autre moiti\u00e9 de Dolce.<\/p>\n<p><img decoding=\"async\" alt=\"Orlando Bloom qui a fini sa ballade pour enfiler un costume.\" class=\"mb-s@xs radius-0@xs radius-xxs@md c-img\" loading=\"eager\" width=\"640\" height=\"408\" src=\"https:\/\/img.20mn.fr\/MDObavVaTEWY9O0-_92EhCk\/640x408_orlando-bloom\" \/>Matteo Chinellato\/IPA\/SIPA\u2002\/\u00a0IPA\/SIPA<\/p>\n<p>Orlando Bloom qui a fini sa ballade pour enfiler un costume.<\/p>\n<p><img decoding=\"async\" alt=\"La chanteuse Ellie Goulding et ses copines Sarah Jane et Brooks Nader.\" class=\"mb-s@xs radius-0@xs radius-xxs@md c-img\" loading=\"eager\" width=\"640\" height=\"408\" src=\"https:\/\/img.20mn.fr\/qUaMcCzPR4SkFrZlcOiMeik\/640x408_ellie-goulding\" \/>Matteo Chinellato\/IPA\/SIPA\u2002\/\u00a0IPA\/SIPA<\/p>\n<p>La chanteuse Ellie Goulding et ses copines Sarah Jane et Brooks Nader.<\/p>\n<p><img decoding=\"async\" alt=\"Tommy Hilfiger fait le show.\" class=\"mb-s@xs mx-auto@xs radius-0@xs radius-xxs@md c-img c-img--is-portrait\" loading=\"eager\" width=\"310\" src=\"https:\/\/img.20mn.fr\/QuUMYDeyTFuCIOrE3UsPmSk\/310x0_tommy-hilfiger\" \/>SGP\/Sipa USA\/SIPA\u2002\/\u00a0Sipa USA\/SIPA<\/p>\n<p>Tommy Hilfiger fait le show.<\/p>\n<p><img decoding=\"async\" alt=\"Kris Jenner prend la pose avec un gondolier.\" class=\"mb-s@xs radius-0@xs radius-xxs@md c-img\" loading=\"eager\" width=\"640\" height=\"408\" src=\"https:\/\/img.20mn.fr\/ubIxdOa8S56gGFtwSh0jxCk\/640x408_kris-jenner-prend-la-pose-a-venise\" \/>SGP\/Sipa USA\/SIPA\u2002\/\u00a0Sipa USA\/SIPA<\/p>\n<p>Kris Jenner prend la pose avec un gondolier.<\/p>\n<p><img decoding=\"async\" alt=\"Le pr\u00e9sident de Ferrari John Elkann et ses enfants.\" class=\"mb-s@xs mx-auto@xs radius-0@xs radius-xxs@md c-img c-img--is-portrait\" loading=\"eager\" width=\"310\" src=\"https:\/\/img.20mn.fr\/KZy48tnfS8SQWuHbVuYySCk\/310x0_le-president-de-ferrari-john-elkann-et-ses-enfants\" \/>Matteo Chinellato\/IPA\/SIPA\u2002\/\u00a0IPA\/SIPA<\/p>\n<p>Le pr\u00e9sident de Ferrari John Elkann et ses enfants.<\/p>\n<p><img decoding=\"async\" alt=\"La cr\u00e9atrice de mode Diane von F\u00fcrstenberg.\" class=\"mb-s@xs mx-auto@xs radius-0@xs radius-xxs@md c-img c-img--is-portrait\" loading=\"eager\" width=\"310\" src=\"https:\/\/img.20mn.fr\/pPaLjStkTp6dfCo6SrHBzyk\/310x0_la-creatrice-de-mode-diane-von-furstenberg\" \/>SGP\/Sipa USA\/SIPA\u2002\/\u00a0Sipa USA\/SIPA<\/p>\n<p>La cr\u00e9atrice de mode Diane von F\u00fcrstenberg.<\/p>\n<p><img decoding=\"async\" alt=\"Bill Gates moyennement serein pour entrer sur le bateau.\" class=\"mb-s@xs radius-0@xs radius-xxs@md c-img\" loading=\"eager\" width=\"640\" height=\"408\" src=\"https:\/\/img.20mn.fr\/5TBxZKpCTOuQopuzTgL6Mik\/640x408_bill-gates\" \/>Matteo Chinellato\/IPA\/SIPA\u2002\/\u00a0IPA\/SIPA<\/p>\n<p>Bill Gates moyennement serein pour entrer sur le bateau.<\/p>\n<p><img decoding=\"async\" alt=\"Un millier de manifestants issus de centres sociaux et d\u2019associations environnementales ont particip\u00e9 \u00e0 la manifestation \u00ab\u00a0No Space For Bezos\u00a0\u00bb contre l\u2019exploitation de la ville et ont d\u00e9fil\u00e9 dans les rues pour protester contre la pr\u00e9sence de Jeff Bezos.\" class=\"mb-s@xs radius-0@xs radius-xxs@md c-img\" loading=\"eager\" width=\"640\" height=\"408\" src=\"https:\/\/img.20mn.fr\/SRThWAWCQw6qnfTIRfWClik\/640x408_un-millier-de-manifestants-issus-de-centres-sociaux-et-d-associations-environnementales-ont-participe-a-la-manifestation-no-space-for-bezos-contre-l-exploitation-de-la-ville-et-ont-defile-dans-les-rues-pour-protester-contre-la-presence-de-jeff-bezos\" \/> Roberto Brancolini\u2002\/\u00a0Ipa\/IP\/SIPA<\/p>\n<p>Un millier de manifestants issus de centres sociaux et d\u2019associations environnementales ont particip\u00e9 \u00e0 la manifestation \u00ab\u00a0No Space For Bezos\u00a0\u00bb contre l\u2019exploitation de la ville et ont d\u00e9fil\u00e9 dans les rues pour protester contre la pr\u00e9sence de Jeff Bezos.<\/p>\n<p><img decoding=\"async\" alt=\"La pr\u00e9sentatrice Oprah Winfrey, la femme d\u2019affaires Kris Jenner et la journaliste Gayle King en plein remake de \u00ab\u00a0Dr\u00f4les de dames\u00a0\u00bb.\" class=\"mb-s@xs mx-auto@xs radius-0@xs radius-xxs@md c-img c-img--is-portrait\" loading=\"eager\" width=\"310\" src=\"https:\/\/img.20mn.fr\/URGDnYJyR2Cm1iwGiLNDGyk\/310x0_oprah-winfrey-kris-jenner-et-gayle-king\" \/>Matteo Chinellato\/IPA\/SIPA\u2002\/\u00a0IPA\/SIPA<\/p>\n<p>La pr\u00e9sentatrice Oprah Winfrey, la femme d\u2019affaires Kris Jenner et la journaliste Gayle King en plein remake de \u00ab\u00a0Dr\u00f4les de dames\u00a0\u00bb.<\/p>\n<p><img decoding=\"async\" alt=\"La mannequin am\u00e9ricaine Karlie Kloss.\" class=\"mb-s@xs mx-auto@xs radius-0@xs radius-xxs@md c-img c-img--is-portrait\" loading=\"eager\" width=\"310\" src=\"https:\/\/img.20mn.fr\/PPNKVOR3QIiEdDwfpPvpESk\/310x0_la-mannequin-americaine-karlie-kloss\" \/> SGP\/Sipa USA\/SIPA\u2002\/\u00a0Sipa USA\/SIPA<\/p>\n<p>La mannequin am\u00e9ricaine Karlie Kloss.<\/p>\n<p><img decoding=\"async\" alt=\"Bill Gates avec un livre dans les mains. Peut-\u00eatre du Karl Marx\u00a0?\" class=\"mb-s@xs mx-auto@xs radius-0@xs radius-xxs@md c-img c-img--is-portrait\" loading=\"eager\" width=\"310\" src=\"https:\/\/img.20mn.fr\/jEP9bSlGQcCxdN91bzRSNik\/310x0_bill-gates\" \/>Geoff Pugh\/Shutterstock\/SIPA\u2002\/\u00a0Shutterstock\/SIPA<\/p>\n<p>Bill Gates avec un livre dans les mains. Peut-\u00eatre du Karl Marx\u00a0?<\/p>\n<p><img decoding=\"async\" alt=\"Sydney Sweeney, selon notre propre barom\u00e8tre, la plus belle femme du monde.\" class=\"mb-s@xs mx-auto@xs radius-0@xs radius-xxs@md c-img c-img--is-portrait\" loading=\"eager\" width=\"310\" src=\"https:\/\/img.20mn.fr\/tXwHVUA1TbuQw6Kws1attyk\/310x0_sydney-sweeney\" \/> SGP\/Sipa USA\/SIPA\u2002\/\u00a0Sipa USA\/SIPA<\/p>\n<p>Sydney Sweeney, selon notre propre barom\u00e8tre, la plus belle femme du monde.<\/p>\n<p><img decoding=\"async\" alt=\"Lauren Sanchez \u00e0 la 4e journ\u00e9e de son mariage (ressenti 89e)\" class=\"mb-s@xs radius-0@xs radius-xxs@md c-img\" loading=\"eager\" width=\"640\" height=\"408\" src=\"https:\/\/img.20mn.fr\/60-I8uJuRtyD2Mznoj7iUyk\/640x408_lauren-sanchez-a-la-4e-journee-de-son-mariage\" \/>Geoff Pugh\/Shutterstock\/SIPA\u2002\/\u00a0Shutterstock\/SIPA<\/p>\n<p>Lauren Sanchez \u00e0 la 4e journ\u00e9e de son mariage (ressenti 89e)<\/p>\n<p><img decoding=\"async\" alt=\"Les trois meilleures montres connect\u00e9es \u00e0 choisir en 2025\" class=\"c-img\" loading=\"lazy\" fetchpriority=\"auto\" width=\"480\" height=\"308\" src=\"https:\/\/img.20mn.fr\/wND2aLW8RmyhIWAFWo_eHik\/480x308_quelles-sont-les-quatre-meilleures-montres-connectees-a-choisir-en-2023\" \/><\/p>\n<p>comparatif\u202225 juin 2025<\/p>\n<p>Le DirectActualit\u00e9DivertissementSportPartenairesSportune <img decoding=\"async\" alt=\"Salaire. Combien gagne Brice Samba avec le Stade Rennais ?\" class=\"c-img\" loading=\"lazy\" fetchpriority=\"auto\" width=\"480\" height=\"308\"  src=\"https:\/\/img.20mn.fr\/6F3pw2-ET3mq9MfJspBgAyk\/480x308_salaire-combien-gagne-brice-samba-avec-le-stade-rennais\" \/>SPORT BUSINESSB\u00e9b\u00e9s et Mamans<img decoding=\"async\" alt=\"Aller chez l'esth\u00e9ticienne pendant la grossesse\u00a0: oui ou non\u00a0?\" class=\"c-img\" loading=\"lazy\" fetchpriority=\"auto\" width=\"480\" height=\"308\"  src=\"https:\/\/img.20mn.fr\/6QKRxj1gTgGPveVwU7_Pkik\/480x308_aller-chez-l-estheticienne-pendant-la-grossesse-oui-ou-non\" \/>B\u00e9b\u00e9S Minutes Maison<img decoding=\"async\" alt=\"Remise exclusive \u00e0 d\u00e9couvrir : le bon plan pour transformer votre salon sans faire exploser votre budget\" class=\"c-img\" loading=\"lazy\" fetchpriority=\"auto\" width=\"480\" height=\"308\"  src=\"https:\/\/img.20mn.fr\/elfKY2c4RB-MlCrSzE44PSk\/480x308_remise-exclusive-a-decouvrir-le-bon-plan-pour-transformer-votre-salon-sans-faire-exploser-votre-budget\" \/>Maison<\/p>\n","protected":false},"excerpt":{"rendered":"la dolce vita\u2022A Venise, pendant quatre jours, le patron d\u2019Amazon et l\u2019ancienne pr\u00e9sentatrice de Fox News ont c\u00e9l\u00e9br\u00e9&hellip;\n","protected":false},"author":2,"featured_media":214326,"comment_status":"","ping_status":"","sticky":false,"template":"","format":"standard","meta":{"footnotes":""},"categories":[1359],"tags":[1261,6196,58,59,1011,27,697,35378,8932,1930,6817,973,16787],"class_list":{"0":"post-214325","1":"post","2":"type-post","3":"status-publish","4":"format-standard","5":"has-post-thumbnail","7":"category-people","8":"tag-argent","9":"tag-diaporamas","10":"tag-divertissement","11":"tag-entertainment","12":"tag-fr","13":"tag-france","14":"tag-jeff-bezos","15":"tag-khloe-kardashian","16":"tag-kim-kardashian","17":"tag-mariage","18":"tag-milliardaire","19":"tag-people","20":"tag-venise"},"share_on_mastodon":{"url":"https:\/\/pubeurope.com\/@fr\/114769107573061343","error":""},"_links":{"self":[{"href":"https:\/\/www.europesays.com\/fr\/wp-json\/wp\/v2\/posts\/214325","targetHints":{"allow":["GET"]}}],"collection":[{"href":"https:\/\/www.europesays.com\/fr\/wp-json\/wp\/v2\/posts"}],"about":[{"href":"https:\/\/www.europesays.com\/fr\/wp-json\/wp\/v2\/types\/post"}],"author":[{"embeddable":true,"href":"https:\/\/www.europesays.com\/fr\/wp-json\/wp\/v2\/users\/2"}],"replies":[{"embeddable":true,"href":"https:\/\/www.europesays.com\/fr\/wp-json\/wp\/v2\/comments?post=214325"}],"version-history":[{"count":0,"href":"https:\/\/www.europesays.com\/fr\/wp-json\/wp\/v2\/posts\/214325\/revisions"}],"wp:featuredmedia":[{"embeddable":true,"href":"https:\/\/www.europesays.com\/fr\/wp-json\/wp\/v2\/media\/214326"}],"wp:attachment":[{"href":"https:\/\/www.europesays.com\/fr\/wp-json\/wp\/v2\/media?parent=214325"}],"wp:term":[{"taxonomy":"category","embeddable":true,"href":"https:\/\/www.europesays.com\/fr\/wp-json\/wp\/v2\/categories?post=214325"},{"taxonomy":"post_tag","embeddable":true,"href":"https:\/\/www.europesays.com\/fr\/wp-json\/wp\/v2\/tags?post=214325"}],"curies":[{"name":"wp","href":"https:\/\/api.w.org\/{rel}","templated":true}]}}