{"id":214329,"date":"2025-06-29T22:54:10","date_gmt":"2025-06-29T22:54:10","guid":{"rendered":"https:\/\/www.europesays.com\/fr\/214329\/"},"modified":"2025-06-29T22:54:10","modified_gmt":"2025-06-29T22:54:10","slug":"romy-harcelee-dans-secret-story-amelie-neten-sen-mele-et-charge-violemment-marianne-je-peux-plus","status":"publish","type":"post","link":"https:\/\/www.europesays.com\/fr\/214329\/","title":{"rendered":"Romy harcel\u00e9e dans Secret Story ? Am\u00e9lie Neten s\u2019en m\u00eale et charge violemment Marianne : \u00ab\u00a0Je peux plus\u00a0\u00bb"},"content":{"rendered":"<p>      R\u00e9sum\u00e9<\/p>\n<p>Am\u00e9lie Neten intervient dans la pol\u00e9mique autour de Secret Story, critiquant vivement Marianne, C\u00e9lia et Constance tout en soutenant Romy et Anita face aux attaques.<\/p>\n<p>        Sommaire<\/p>\n<p>La pol\u00e9mique ne d\u00e9semplit pas. <strong>Depuis plusieurs heures, Marianne, Constance et C\u00e9lia sont accul\u00e9es<\/strong> par d&rsquo;innombrables attaques, critiques et insultes sur les r\u00e9seaux sociaux. <a href=\"https:\/\/www.public.fr\/si-necessaire-une-exclusion-romy-de-secret-story-harcelee-prise-de-parole-historique-de-la-production\" target=\"_blank\" rel=\"noopener\">La production de Secret Story a tent\u00e9 d&rsquo;appeler au calme<\/a>, en rappelant que les d\u00e9bordements pouvaient \u00eatre poursuivis en justice, tant par les candidates elles-m\u00eames que par le producteur et le diffuseur. <strong>Mais rien n&rsquo;y fait, et les t\u00e9l\u00e9spectateurs sont d\u00e9cha\u00een\u00e9s<\/strong>. Mais ils ne sont pas les seuls&#8230;<\/p>\n<p>En effet, sur Instagram ce dimanche, <strong>c&rsquo;est Am\u00e9lie Neten qui a pris part \u00e0 la pol\u00e9mique<\/strong>. La candidate la plus embl\u00e9matique du programme, <a href=\"https:\/\/www.public.fr\/secret-story-amelie-neten-candidate-culte-decue-de-la-nouvelle-saison-la-compare-aux-12-coups-de-midi\" target=\"_blank\" rel=\"noopener\">qui avait particip\u00e9 \u00e0 la saison 4 en 2010<\/a>, ne laisse aucune chance \u00e0 Marianne, C\u00e9lia et Constance. La jeune femme les a litt\u00e9ralement fracass\u00e9es, et a donn\u00e9 tout son soutien \u00e0 <strong>Romy et Anita, vis\u00e9es par de nombreuses attaques<\/strong> <a href=\"https:\/\/vsd.fr\/83419-secret-story-damien-elimine-les-telespectateurs-crient-au-scandale\/\" target=\"_blank\" rel=\"noopener\">depuis plusieurs jours<\/a>. Depuis la prise de parole de la productrice toutefois, les tensions semblent s&rsquo;\u00eatre amenuis\u00e9es&#8230; Mais la col\u00e8re des fans, elle, reste toujours aussi intacte.<\/p>\n<p>Am\u00e9lie Neten les d\u00e9teste toutes<\/p>\n<p>\u00ab\u00a0J&rsquo;ai vu les vid\u00e9os et il y a une vraiment que je peux pas, <strong>c&rsquo;est Marianne. Vraiment, elle, je peux plus. Je peux plus dans le sens o\u00f9 elle se sent intouchable<\/strong>, elle pense que \u00e7a y est\u2026\u00a0\u00bb a balanc\u00e9 Am\u00e9lie Neten. La candidate de t\u00e9l\u00e9-r\u00e9alit\u00e9, <a href=\"https:\/\/www.public.fr\/les-cinquante-amelie-neten-triomphe-delphine-wespiser-depassee-par-les-evenements\" target=\"_blank\" rel=\"noopener\">qui a remport\u00e9 la derni\u00e8re saison des Cinquante<\/a> en d\u00e9cembre dernier, est d&rsquo;autant plus agac\u00e9e par le comportement de la candidate aux 11 pr\u00e9noms qu&rsquo;elle avait elle-m\u00eame post\u00e9 sur ses r\u00e9seaux sociaux <strong>une campagne contre le cyber-harc\u00e8lement<\/strong> qu&rsquo;elle subissait&#8230;<\/p>\n<p>\u00ab\u00a0Elle d\u00e9non\u00e7ait les hateurs \u00e0 l&rsquo;\u00e9poque sur son physique, tous les commentaires qu&rsquo;elle recevait. Je suis en train de te dire : <strong>t&rsquo;es en train de faire tout ce que tes hateurs t&rsquo;ont fait<\/strong>. T&rsquo;es en train de le faire dans la maison avec Romy. Quand elle parle, tu l\u00e8ves les yeux. &lsquo;Je peux plus elle&rsquo;. \u00c7a devient vraiment de la m\u00e9chancet\u00e9 !\u00a0\u00bb a poursuivi la jeune femme, qui estime que <strong>sa saison \u00e9tait moins toxique<\/strong> que celle actuellement diffus\u00e9e sur TFX.<\/p>\n<p>Romy et Anita en route vers la victoire ?<\/p>\n<p>Am\u00e9lie Neten s&rsquo;en est ensuite prise \u00e0 C\u00e9lia, qui selon elle agit comme une suiveuse : <strong>\u00ab\u00a0Elle suit et c&rsquo;est malheureux. Elle suit, tout simplement\u00a0\u00bb<\/strong>. Concernant Constance, l&rsquo;influenceuse au million d&rsquo;abonn\u00e9s n&rsquo;a pas grand mot \u00e0 dire : \u00ab\u00a0No comment. Soit tu vas prendre conscience vraiment <strong>que d&rsquo;avoir le syndrome du personnage principal, c&rsquo;est pas bon<\/strong> (&#8230;) Vous oubliez le jeu, clairement\u00a0\u00bb. <\/p>\n<p>Elle a ensuite critiqu\u00e9 la production, qui, selon elle, <strong>n&rsquo;a pas suffisamment \u00e9t\u00e9 ferme dans sa prise de parole dans le salon<\/strong> : \u00ab\u00a0Un petit peu trop l\u00e9ger \u00e0 mon go\u00fbt. D\u00e9j\u00e0, ils sont intervenus, donc c&rsquo;est vraiment cool\u00a0\u00bb. Et pour conclure, Am\u00e9lie Neten l&rsquo;esp\u00e8re : \u00ab\u00a0Anita et Romy, vous avez une force pour \u00eatre dans les quatre finalistes, donc battez-vous jusqu&rsquo;au bout\u00a0\u00bb. Le futur va-t-il lui donner raison ? R\u00e9ponse dans les prochains \u00e9pisodes&#8230;<\/p>\n<p>      Mentionn\u00e9s dans cet article<\/p>\n<p>\u00c0 lire aussi<\/p>\n","protected":false},"excerpt":{"rendered":"R\u00e9sum\u00e9 Am\u00e9lie Neten intervient dans la pol\u00e9mique autour de Secret Story, critiquant vivement Marianne, C\u00e9lia et Constance tout&hellip;\n","protected":false},"author":2,"featured_media":214330,"comment_status":"","ping_status":"","sticky":false,"template":"","format":"standard","meta":{"footnotes":""},"categories":[1356],"tags":[35379,12232,58,59,1011,27,3668,1062,10162,29901,252,1364],"class_list":{"0":"post-214329","1":"post","2":"type-post","3":"status-publish","4":"format-standard","5":"has-post-thumbnail","7":"category-television","8":"tag-amelie-neten","9":"tag-clash","10":"tag-divertissement","11":"tag-entertainment","12":"tag-fr","13":"tag-france","14":"tag-harcelement","15":"tag-polemique","16":"tag-racisme","17":"tag-secret-story","18":"tag-television","19":"tag-tv"},"share_on_mastodon":{"url":"https:\/\/pubeurope.com\/@fr\/114769118103750594","error":""},"_links":{"self":[{"href":"https:\/\/www.europesays.com\/fr\/wp-json\/wp\/v2\/posts\/214329","targetHints":{"allow":["GET"]}}],"collection":[{"href":"https:\/\/www.europesays.com\/fr\/wp-json\/wp\/v2\/posts"}],"about":[{"href":"https:\/\/www.europesays.com\/fr\/wp-json\/wp\/v2\/types\/post"}],"author":[{"embeddable":true,"href":"https:\/\/www.europesays.com\/fr\/wp-json\/wp\/v2\/users\/2"}],"replies":[{"embeddable":true,"href":"https:\/\/www.europesays.com\/fr\/wp-json\/wp\/v2\/comments?post=214329"}],"version-history":[{"count":0,"href":"https:\/\/www.europesays.com\/fr\/wp-json\/wp\/v2\/posts\/214329\/revisions"}],"wp:featuredmedia":[{"embeddable":true,"href":"https:\/\/www.europesays.com\/fr\/wp-json\/wp\/v2\/media\/214330"}],"wp:attachment":[{"href":"https:\/\/www.europesays.com\/fr\/wp-json\/wp\/v2\/media?parent=214329"}],"wp:term":[{"taxonomy":"category","embeddable":true,"href":"https:\/\/www.europesays.com\/fr\/wp-json\/wp\/v2\/categories?post=214329"},{"taxonomy":"post_tag","embeddable":true,"href":"https:\/\/www.europesays.com\/fr\/wp-json\/wp\/v2\/tags?post=214329"}],"curies":[{"name":"wp","href":"https:\/\/api.w.org\/{rel}","templated":true}]}}