{"id":214339,"date":"2025-06-29T23:00:12","date_gmt":"2025-06-29T23:00:12","guid":{"rendered":"https:\/\/www.europesays.com\/fr\/214339\/"},"modified":"2025-06-29T23:00:12","modified_gmt":"2025-06-29T23:00:12","slug":"pixel-10-pro-voici-les-4-grosses-nouveautes-que-google-preparerait","status":"publish","type":"post","link":"https:\/\/www.europesays.com\/fr\/214339\/","title":{"rendered":"Pixel 10 Pro : voici les 4 grosses nouveaut\u00e9s que Google pr\u00e9parerait"},"content":{"rendered":"<p class=\"ed__a-p ed__bdy__l\">\u00c0 l&rsquo;instar de l&rsquo;ann\u00e9e derni\u00e8re, Google devrait annoncer les Pixel 10 Pro durant le mois d&rsquo;ao\u00fbt. En attendant l&rsquo;officialisation, des bribes de rumeurs sont venues dresser le portrait des smartphones. \u00c9cran am\u00e9lior\u00e9, gain de puissance, autonomie prolong\u00e9e et encore plus d&rsquo;intelligence artificielle, voici les 4 \u00e9volutions attendues par rapport aux <a href=\"https:\/\/www.lesnumeriques.com\/telephone-portable\/google-pixel-9-pro-p74531\/test.html\" title=\"Google Pixel\u00a09 Pro\u00a0: le smartphone \u201ccompact\u201d qui a vraiment tout d&#039;un grand\" rel=\"nofollow noopener\" target=\"_blank\">Pixel 9 Pro<\/a>.<\/p>\n<p>Plusieurs am\u00e9liorations pour l\u2019\u00e9cran des Pixel 10 Pro<\/p>\n<p class=\"ed__a-p ed__bdy__l\">L&rsquo;affichage aurait tout d&rsquo;abord droit \u00e0 des <a href=\"https:\/\/www.lesnumeriques.com\/telephone-portable\/google-pixel-10-10-pro-bonnes-surprises-grosses-deceptions-voici-les-dernieres-infos-cles-n238746.html\" title=\"Google Pixel 10 &amp; 10 Pro\u00a0: bonnes surprises, grosses d\u00e9ceptions\u2026 voici les derni\u00e8res infos cl\u00e9s\" rel=\"nofollow noopener\" target=\"_blank\">am\u00e9liorations concr\u00e8tes sur plusieurs points<\/a>.<\/p>\n<p class=\"ed__a-p ed__bdy__l\">Alors que les Pixel 10 Pro et 10 Pro XL conserveraient respectivement leurs diagonales de 6,3 pouces et 6,8 pouces, la luminosit\u00e9 maximale aurait droit \u00e0 un boost de 200 cd\/m2 pour atteindre un total de 2 250 cd\/m2.<\/p>\n<p class=\"ed__a-p ed__bdy__l\">En plus de cela, l\u2019ajustement de la luminosit\u00e9 gagnerait en efficacit\u00e9 en passant d\u2019un taux de rafraichissement PWM de 240 Hz\u00a0\u00e0 480 Hz sur les nouveaux smartphones haut de gamme de Google.<\/p>\n<p class=\"ed__a-p ed__bdy__l\">En bref, les \u00e9crans des Pixel 10 Pro se comporteraient mieux dans des conditions de forte luminosit\u00e9, en plein soleil par exemple, tout en \u00e9tant plus reposants lorsque la luminosit\u00e9 est faible. Deux am\u00e9liorations qui rendraient l\u2019exp\u00e9rience de visionnage bien plus agr\u00e9able dans la vie de tous les jours.<\/p>\n<p>Un vrai gain de puissance avec la puce Tensor G5<\/p>\n<p class=\"ed__a-p ed__bdy__l\">L\u00e0 o\u00f9 Google d\u00e9\u00e7oit face aux autres marques, c\u2019est du c\u00f4t\u00e9 de la puissance. Les puces Tensor sont en effet bien moins performantes que les processeurs de Qualcomm, Apple ou encore MediaTek.<\/p>\n<p class=\"ed__a-p ed__bdy__l\">Bonne nouvelle : la Tensor G5 des Pixel 10 Pro am\u00e9liorerait grandement les choses. D\u2019apr\u00e8s une r\u00e9cente fuite d\u2019informations, cette g\u00e9n\u00e9ration apporterait <a href=\"https:\/\/www.lesnumeriques.com\/telephone-portable\/google-pixel-10-43-de-performances-face-aux-pixel-9-merci-la-puce-tensor-g5-n237353.html\" title=\"Google Pixel 10 : +43 % de performances face aux Pixel 9, merci la puce Tensor G5\" rel=\"nofollow noopener\" target=\"_blank\">un gain de performance<\/a> en multic\u0153ur d\u2019environ 43 % par rapport aux Pixel 9.<\/p>\n<p>        Publicit\u00e9, votre contenu continue ci-dessous<\/p>\n<p class=\"ed__a-p ed__bdy__l\">Un bond en avant non n\u00e9gociable, dont les fonctions d\u2019intelligence artificielle ou encore les applications gourmandes en ressources (dont les jeux vid\u00e9o) devraient tirer parti. De quoi se mettre enfin \u00e0 la hauteur de la concurrence.<\/p>\n<p>Plus d\u2019autonomie et un syst\u00e8me de charge sans fil repens\u00e9<\/p>\n<p class=\"ed__a-p ed__bdy__l\">Du c\u00f4t\u00e9 de l\u2019autonomie, les choses devraient aussi \u00e9voluer. Bien que les <a href=\"https:\/\/www.lesnumeriques.com\/telephone-portable\/pixel-10-google-ameliorerait-la-photo-macro-avec-un-teleobjectif-intelligent-n238212.html\" title=\"Pixel 10 : Google am\u00e9liorerait la photo macro avec un t\u00e9l\u00e9objectif intelligent\" rel=\"nofollow noopener\" target=\"_blank\">Pixel 10 Pro<\/a> conserveraient les m\u00eames capacit\u00e9s de batterie que les mod\u00e8les actuels (4 700 mAh et 5 060 mAh), ils tiendraient plus longtemps gr\u00e2ce \u00e0 la Tensor G5. Cela serait permis par la finesse de gravure de cette puce, passant \u00e0 3 nanom\u00e8tres au lieu de 4 nanom\u00e8tres.<\/p>\n<p class=\"ed__a-p ed__bdy__l\">R\u00e9sultat :  une efficacit\u00e9 \u00e9nerg\u00e9tique am\u00e9lior\u00e9e, r\u00e9duisant la consommation sans sacrifier les performances. Cela permettrait donc d\u2019allonger la dur\u00e9e d\u2019utilisation quotidienne sans augmenter la capacit\u00e9 de la batterie.<\/p>\n<p class=\"ed__a-p ed__bdy__l\">C\u00f4t\u00e9 charge filaire, rien de nouveau. Cependant, la recharge sans fil pourrait bien passer \u00e0 la vitesse sup\u00e9rieure gr\u00e2ce \u00e0 la prise en charge de la norme Qi 2.2 et l\u2019introduction d\u2019une puce de contr\u00f4le d\u00e9di\u00e9e, d\u00e9livrant une puissance de charge sans fil maximale de 60 W.<\/p>\n<p class=\"ed__a-p ed__bdy__l\">En prime, cette \u00e9volution pourrait ajouter une alternative sign\u00e9e Google \u00e0 la technologie MagSafe d\u2019Apple. En effet, <a href=\"https:\/\/www.lesnumeriques.com\/telephone-portable\/pixel-10-google-preparerait-une-alternative-au-magsafe-de-l-iphone-n238027.html\" title=\"Pixel 10 : Google pr\u00e9parerait une alternative au MagSafe de l\u2019iPhone\" rel=\"nofollow noopener\" target=\"_blank\">des accessoires aimant\u00e9s<\/a> ont r\u00e9cemment fait l\u2019objet de rumeurs. On ne sait cependant pas si l\u2019entreprise optera pour des aimants int\u00e9gr\u00e9s dans le smartphone ou via une coque d\u00e9di\u00e9e (comme le fait Samsung pour les Galaxy S25 par exemple).<\/p>\n<p>L\u2019intelligence artificielle au c\u0153ur des Pixel 10 Pro<\/p>\n<p class=\"ed__a-p ed__bdy__l\">Avec ces \u00e9volutions internes apport\u00e9es aux Pixel 10 Pro, mais aussi <a href=\"https:\/\/www.lesnumeriques.com\/telephone-portable\/google-pixel-10-10-pro-10-pro-xl-de-premieres-images-du-design-et-une-bonne-nouvelle-pour-la-partie-photo-n234096.html\" title=\"Google Pixel\u00a010, 10\u00a0Pro &amp; 10\u00a0Pro XL\u00a0: de premi\u00e8res images du design et une bonne nouvelle pour la partie photo\" rel=\"nofollow noopener\" target=\"_blank\">face \u00e0 un design<\/a> et des capteurs photo identiques aux Pixel 9 Pro, il est plus que probable que Google joue la carte des nouveaut\u00e9s logicielles pour sa nouvelle g\u00e9n\u00e9ration de smartphones.<\/p>\n<p class=\"ed__a-p ed__bdy__l\">Mauvaise nouvelle dans l\u2019histoire, peu d\u2019informations ont \u00e9t\u00e9 partag\u00e9es \u00e0 ce sujet pour l\u2019instant. Une rumeur \u00e9voque tout de m\u00eame l\u2019arriv\u00e9e d\u2019un nouvel assistant nomm\u00e9 Pixel Sense, qui offrirait des interactions plus compl\u00e8tes et personnalis\u00e9es avec les utilisateurs \u2014 \u00e0 l\u2019instar du Siri sous IA qu\u2019Apple n\u2019arrive toujours pas \u00e0 sortir sur ses iPhone.<\/p>\n<p class=\"ed__a-p ed__bdy__l\">\u00c0 noter, cela pourrait correspondre \u00e0 la mention  \u201cDemandez-en plus \u00e0 votre mobile\u201d que l\u2019on a vue lors <a href=\"https:\/\/www.lesnumeriques.com\/telephone-portable\/pixel-10-google-laisse-encore-filer-des-photos-de-son-prochain-smartphone-trois-mois-avant-son-annonce-n237310.html\" title=\"Pixel 10 : Google laisse (encore) filer des photos de son prochain smartphone, trois mois avant son annonce\" rel=\"nofollow noopener\" target=\"_blank\">du r\u00e9cent tournage de Google<\/a> pour les vid\u00e9os promotionnelles d\u00e9di\u00e9es \u00e0 ses Pixel 10 et Pixel 10 Pro.<\/p>\n<p class=\"ed__a-p ed__bdy__l\">Pour le reste de l\u2019IA exclusive \u00e0 ces nouveaux mod\u00e8les, il faudra attendre de nouvelles rumeurs ou la conf\u00e9rence d\u2019annonce attendue pour le mois d\u2019ao\u00fbt 2025.<\/p>\n<p>        Publicit\u00e9, votre contenu continue ci-dessous<\/p>\n","protected":false},"excerpt":{"rendered":"\u00c0 l&rsquo;instar de l&rsquo;ann\u00e9e derni\u00e8re, Google devrait annoncer les Pixel 10 Pro durant le mois d&rsquo;ao\u00fbt. En attendant&hellip;\n","protected":false},"author":2,"featured_media":214340,"comment_status":"","ping_status":"","sticky":false,"template":"","format":"standard","meta":{"footnotes":""},"categories":[7],"tags":[1011,27,43,40,41,39,42,44],"class_list":{"0":"post-214339","1":"post","2":"type-post","3":"status-publish","4":"format-standard","5":"has-post-thumbnail","7":"category-sciences-et-technologies","8":"tag-fr","9":"tag-france","10":"tag-science","11":"tag-science-and-technology","12":"tag-sciences","13":"tag-sciences-et-technologies","14":"tag-technologies","15":"tag-technology"},"share_on_mastodon":{"url":"https:\/\/pubeurope.com\/@fr\/114769141790615662","error":""},"_links":{"self":[{"href":"https:\/\/www.europesays.com\/fr\/wp-json\/wp\/v2\/posts\/214339","targetHints":{"allow":["GET"]}}],"collection":[{"href":"https:\/\/www.europesays.com\/fr\/wp-json\/wp\/v2\/posts"}],"about":[{"href":"https:\/\/www.europesays.com\/fr\/wp-json\/wp\/v2\/types\/post"}],"author":[{"embeddable":true,"href":"https:\/\/www.europesays.com\/fr\/wp-json\/wp\/v2\/users\/2"}],"replies":[{"embeddable":true,"href":"https:\/\/www.europesays.com\/fr\/wp-json\/wp\/v2\/comments?post=214339"}],"version-history":[{"count":0,"href":"https:\/\/www.europesays.com\/fr\/wp-json\/wp\/v2\/posts\/214339\/revisions"}],"wp:featuredmedia":[{"embeddable":true,"href":"https:\/\/www.europesays.com\/fr\/wp-json\/wp\/v2\/media\/214340"}],"wp:attachment":[{"href":"https:\/\/www.europesays.com\/fr\/wp-json\/wp\/v2\/media?parent=214339"}],"wp:term":[{"taxonomy":"category","embeddable":true,"href":"https:\/\/www.europesays.com\/fr\/wp-json\/wp\/v2\/categories?post=214339"},{"taxonomy":"post_tag","embeddable":true,"href":"https:\/\/www.europesays.com\/fr\/wp-json\/wp\/v2\/tags?post=214339"}],"curies":[{"name":"wp","href":"https:\/\/api.w.org\/{rel}","templated":true}]}}