{"id":214347,"date":"2025-06-29T23:04:11","date_gmt":"2025-06-29T23:04:11","guid":{"rendered":"https:\/\/www.europesays.com\/fr\/214347\/"},"modified":"2025-06-29T23:04:11","modified_gmt":"2025-06-29T23:04:11","slug":"rachida-dati-une-mini-trump-a-la-francaise-liberation","status":"publish","type":"post","link":"https:\/\/www.europesays.com\/fr\/214347\/","title":{"rendered":"Rachida Dati, une mini-Trump \u00e0 la fran\u00e7aise \u2013 Lib\u00e9ration"},"content":{"rendered":"<p class=\"sc-ksZaOG ehjQrN text-element\">Si le bloc central d\u00e9cide d\u2019investir Rachida Dati comme candidate \u00e0 Paris pour les municipales de 2026, alors il faudra que la gauche (mais au-del\u00e0 ; tous ceux qui sont attach\u00e9s aux canons de notre d\u00e9mocratie lib\u00e9rale) consid\u00e8re cette \u00e9lection comme un crash-test pour l\u2019importation d\u2019une certaine forme de trumpisme en France.<\/p>\n<p class=\"sc-ksZaOG ehjQrN text-element\">Le trumpisme est une branche bien particuli\u00e8re du populisme. Ce n\u2019est pas le populisme social-nationaliste du Rassemblement national, <a href=\"https:\/\/www.liberation.fr\/politique\/eric-zemmour-dans-la-spirale-groupusculaire-20240910_FZHDJLYVSNCGZIYCGXZVMB7P2A\/\" target=\"_blank\" rel=\"noopener\" title=\"https:\/\/www.liberation.fr\/politique\/eric-zemmour-dans-la-spirale-groupusculaire-20240910_FZHDJLYVSNCGZIYCGXZVMB7P2A\/\">national-r\u00e9ac d\u2019Eric Zemmour,<\/a> ni tout \u00e0 fait le populisme illib\u00e9ral de Viktor Orb\u00e1n. Le trumpisme est une fa\u00e7on de faire de la politique par destruction massive de tous les codes, de la biens\u00e9ance minimum requise pour une vie publique apais\u00e9e. Le trumpisme, outre le personnalisme et l\u2019\u00e9gotisme exacerb\u00e9, est d\u2019abord une mani\u00e8re de d\u00e9zingage g\u00e9n\u00e9ralis\u00e9 des relais habituels du d\u00e9bat public que sont les journalistes de la presse dite mainstream.<\/p>\n<p class=\"sc-ksZaOG ehjQrN text-element\">Les deux caract\u00e9ristiques premi\u00e8res du trumpisme sont le mensonge et l<\/p>\n","protected":false},"excerpt":{"rendered":"Si le bloc central d\u00e9cide d\u2019investir Rachida Dati comme candidate \u00e0 Paris pour les municipales de 2026, alors&hellip;\n","protected":false},"author":2,"featured_media":214348,"comment_status":"","ping_status":"","sticky":false,"template":"","format":"standard","meta":{"footnotes":""},"categories":[2],"tags":[11,75,3220,1011,27,12,417,7247],"class_list":{"0":"post-214347","1":"post","2":"type-post","3":"status-publish","4":"format-standard","5":"has-post-thumbnail","7":"category-actualites","8":"tag-actualites","9":"tag-donald-trump","10":"tag-eric-zemmour","11":"tag-fr","12":"tag-france","13":"tag-news","14":"tag-rachida-dati","15":"tag-viktor-orban"},"share_on_mastodon":{"url":"https:\/\/pubeurope.com\/@fr\/114769157506940832","error":""},"_links":{"self":[{"href":"https:\/\/www.europesays.com\/fr\/wp-json\/wp\/v2\/posts\/214347","targetHints":{"allow":["GET"]}}],"collection":[{"href":"https:\/\/www.europesays.com\/fr\/wp-json\/wp\/v2\/posts"}],"about":[{"href":"https:\/\/www.europesays.com\/fr\/wp-json\/wp\/v2\/types\/post"}],"author":[{"embeddable":true,"href":"https:\/\/www.europesays.com\/fr\/wp-json\/wp\/v2\/users\/2"}],"replies":[{"embeddable":true,"href":"https:\/\/www.europesays.com\/fr\/wp-json\/wp\/v2\/comments?post=214347"}],"version-history":[{"count":0,"href":"https:\/\/www.europesays.com\/fr\/wp-json\/wp\/v2\/posts\/214347\/revisions"}],"wp:featuredmedia":[{"embeddable":true,"href":"https:\/\/www.europesays.com\/fr\/wp-json\/wp\/v2\/media\/214348"}],"wp:attachment":[{"href":"https:\/\/www.europesays.com\/fr\/wp-json\/wp\/v2\/media?parent=214347"}],"wp:term":[{"taxonomy":"category","embeddable":true,"href":"https:\/\/www.europesays.com\/fr\/wp-json\/wp\/v2\/categories?post=214347"},{"taxonomy":"post_tag","embeddable":true,"href":"https:\/\/www.europesays.com\/fr\/wp-json\/wp\/v2\/tags?post=214347"}],"curies":[{"name":"wp","href":"https:\/\/api.w.org\/{rel}","templated":true}]}}