{"id":214349,"date":"2025-06-29T23:05:10","date_gmt":"2025-06-29T23:05:10","guid":{"rendered":"https:\/\/www.europesays.com\/fr\/214349\/"},"modified":"2025-06-29T23:05:10","modified_gmt":"2025-06-29T23:05:10","slug":"loire-violent-incendie-de-vegetation-a-unieux","status":"publish","type":"post","link":"https:\/\/www.europesays.com\/fr\/214349\/","title":{"rendered":"Loire. Violent incendie de v\u00e9g\u00e9tation \u00e0 Unieux"},"content":{"rendered":"<p>Ce dimanche, vers 22 heures, de nombreux appels de particuliers ont converg\u00e9 vers le standard d\u00e9partemental des pompiers pour les informer que d&rsquo;\u00e9paisses fum\u00e9es s&rsquo;\u00e9chappaient de la v\u00e9g\u00e9tation, au lieu-dit le Pertuiset, sur la commune d&rsquo;Unieux.<\/p>\n<p>L&rsquo;alerte a rapidement \u00e9t\u00e9 diffus\u00e9e et d&rsquo;importants moyens logistiques et humains ont \u00e9t\u00e9 d\u00e9ploy\u00e9s sur place.<\/p>\n<p>A minuit, huit engins de feu de for\u00eat, un drone, un chef de colonne et son poste de commandement, ainsi qu&rsquo;une cinquantaine de pompiers, venus de nombreuses casernes, \u00e9taient engag\u00e9s pour ma\u00eetriser le sinistre.<\/p>\n<p>Un dispositif de d\u00e9fense pour prot\u00e9ger les habitations<\/p>\n<p>\u00a0Dans leur communication, les pompiers ont indiqu\u00e9 que les secours faisaient face \u00e0 un l\u00e9ger vent qui a favoris\u00e9 \u00ab\u00a0la propagation du feu en phase ascendante dans une v\u00e9g\u00e9tation basse\u00a0\u00bb.<\/p>\n<p>Le centre op\u00e9rationnel d\u00e9partemental d&rsquo;incendie et de secours (CODIS) a pr\u00e9cis\u00e9 aussi que le feu \u00e9tait \u00ab\u00a0contenu au niveau de la piste de d\u00e9fense de la for\u00eat fran\u00e7aise contre les incendies (DFCI) par une ligne d\u2019appui\u00a0\u00bb.<\/p>\n<p>Et d&rsquo;informer: \u00ab\u00a0En pr\u00e9vision, un dispositif de d\u00e9fense de point sensible a \u00e9t\u00e9 positionn\u00e9 vers les habitations situ\u00e9es rue Roger-Salengro \u00e0 Unieux.<\/p>\n<p>Sur la zone sinistr\u00e9e, un drone a \u00e9t\u00e9 d\u00e9ploy\u00e9 afin de faciliter les reconnaissances des secours.<\/p>\n<p>A l&rsquo;heure o\u00f9 nous \u00e9crivons ces lignes, les pompiers \u00e9taient toujours mobilis\u00e9s dans la lutte contre cet incendie dont l&rsquo;origine demeure pour l&rsquo;instant inconnue.<\/p>\n","protected":false},"excerpt":{"rendered":"Ce dimanche, vers 22 heures, de nombreux appels de particuliers ont converg\u00e9 vers le standard d\u00e9partemental des pompiers&hellip;\n","protected":false},"author":2,"featured_media":214350,"comment_status":"","ping_status":"","sticky":false,"template":"","format":"standard","meta":{"footnotes":""},"categories":[9653],"tags":[1111,11,2430,7539,1777,674,274,107,1011,27,3367,12,25,4001,14024],"class_list":{"0":"post-214349","1":"post","2":"type-post","3":"status-publish","4":"format-standard","5":"has-post-thumbnail","7":"category-saint-etienne","8":"tag-actu","9":"tag-actualites","10":"tag-auvergne-rhone-alpes","11":"tag-edition-loire-sud","12":"tag-eu","13":"tag-europe","14":"tag-faits-divers-justice","15":"tag-fil-info","16":"tag-fr","17":"tag-france","18":"tag-loire","19":"tag-news","20":"tag-republique-francaise","21":"tag-saint-etienne","22":"tag-unieux"},"share_on_mastodon":{"url":"https:\/\/pubeurope.com\/@fr\/114769161367637392","error":""},"_links":{"self":[{"href":"https:\/\/www.europesays.com\/fr\/wp-json\/wp\/v2\/posts\/214349","targetHints":{"allow":["GET"]}}],"collection":[{"href":"https:\/\/www.europesays.com\/fr\/wp-json\/wp\/v2\/posts"}],"about":[{"href":"https:\/\/www.europesays.com\/fr\/wp-json\/wp\/v2\/types\/post"}],"author":[{"embeddable":true,"href":"https:\/\/www.europesays.com\/fr\/wp-json\/wp\/v2\/users\/2"}],"replies":[{"embeddable":true,"href":"https:\/\/www.europesays.com\/fr\/wp-json\/wp\/v2\/comments?post=214349"}],"version-history":[{"count":0,"href":"https:\/\/www.europesays.com\/fr\/wp-json\/wp\/v2\/posts\/214349\/revisions"}],"wp:featuredmedia":[{"embeddable":true,"href":"https:\/\/www.europesays.com\/fr\/wp-json\/wp\/v2\/media\/214350"}],"wp:attachment":[{"href":"https:\/\/www.europesays.com\/fr\/wp-json\/wp\/v2\/media?parent=214349"}],"wp:term":[{"taxonomy":"category","embeddable":true,"href":"https:\/\/www.europesays.com\/fr\/wp-json\/wp\/v2\/categories?post=214349"},{"taxonomy":"post_tag","embeddable":true,"href":"https:\/\/www.europesays.com\/fr\/wp-json\/wp\/v2\/tags?post=214349"}],"curies":[{"name":"wp","href":"https:\/\/api.w.org\/{rel}","templated":true}]}}