{"id":214355,"date":"2025-06-29T23:11:08","date_gmt":"2025-06-29T23:11:08","guid":{"rendered":"https:\/\/www.europesays.com\/fr\/214355\/"},"modified":"2025-06-29T23:11:08","modified_gmt":"2025-06-29T23:11:08","slug":"previsions-du-lundi-30-juin-2025","status":"publish","type":"post","link":"https:\/\/www.europesays.com\/fr\/214355\/","title":{"rendered":"pr\u00e9visions du lundi 30 juin 2025"},"content":{"rendered":"<p>Le soleil sera au rendez-vous \u00e0 Montpellier : une magnifique journ\u00e9e se profile ! Il va faire chaud avec des valeurs qui seront comprises entre 24 et 33\u00b0C. Les temp\u00e9ratures maximums attendues le matin sont importantes, avec 33\u00b0C. Une petite brise de nord soufflera. D\u00e8s l&rsquo;apr\u00e8s-midi, les valeurs \u00e9volueront entre 31 et 33\u2009\u00b0C. La ville sera touch\u00e9e par un vent de sud de 22 km\/h. La soir\u00e9e va se trouver vraiment chaude : pr\u00e8s de 30\u00b0C. Pendant que vous dormirez, dans la nuit de lundi \u00e0 mardi, le ciel sera clair.<\/p>\n<p>Un beau soleil est attendu demain \u00e0 Montpellier. La m\u00e9t\u00e9o va se r\u00e9chauffer avec une hausse de quelques degr\u00e9s pour un \u00e9t\u00e9 chaud. L&rsquo;\u00e9pisode de grosses chaleurs est bien l\u00e0, avec des temp\u00e9ratures qui pourront monter jusqu&rsquo;\u00e0 35\u00b0C. Ce sera un bel \u00e9t\u00e9 : les valeurs s&rsquo;\u00e9chelonneront entre 24 et 35\u00b0C. Un vent de sud rafra\u00eechira quelque peu l&rsquo;atmosph\u00e8re. La ville va subir, le matin, un passage de fortes chaleurs avec des temp\u00e9ratures qui rejoindront parfois les 34\u00b0C. La ville va p\u00e2tir d&rsquo;importantes chaleurs avec des valeurs qui devraient grimper \u00e0 35\u00b0C demain apr\u00e8s-midi.<\/p>\n<p>Peu d&rsquo;\u00e9volutions pour la suite. On s&rsquo;attend \u00e0 des journ\u00e9es ensoleill\u00e9es, accompagn\u00e9es par des temp\u00e9ratures dans les 33\u00b0C en moyenne.<\/p>\n<p>En cette p\u00e9riode de fortes chaleurs, il est essentiel de rester vigilant. Pensez \u00e0 bien vous hydrater et \u00e0 vous cacher des rayons du soleil. Lors de vos activit\u00e9s en ext\u00e9rieur, la cr\u00e8me solaire est un indispensable pour \u00e9viter les coups de soleil !<\/p>\n","protected":false},"excerpt":{"rendered":"Le soleil sera au rendez-vous \u00e0 Montpellier : une magnifique journ\u00e9e se profile ! Il va faire chaud&hellip;\n","protected":false},"author":2,"featured_media":214356,"comment_status":"","ping_status":"","sticky":false,"template":"","format":"standard","meta":{"footnotes":""},"categories":[9599],"tags":[1111,11,1777,674,1011,27,7089,2681,2208,12,2680,2119,25],"class_list":{"0":"post-214355","1":"post","2":"type-post","3":"status-publish","4":"format-standard","5":"has-post-thumbnail","7":"category-montpellier","8":"tag-actu","9":"tag-actualites","10":"tag-eu","11":"tag-europe","12":"tag-fr","13":"tag-france","14":"tag-herault","15":"tag-languedoc-roussillon","16":"tag-montpellier","17":"tag-news","18":"tag-occitanie","19":"tag-previsions-meteo","20":"tag-republique-francaise"},"share_on_mastodon":{"url":"https:\/\/pubeurope.com\/@fr\/114769184910654636","error":""},"_links":{"self":[{"href":"https:\/\/www.europesays.com\/fr\/wp-json\/wp\/v2\/posts\/214355","targetHints":{"allow":["GET"]}}],"collection":[{"href":"https:\/\/www.europesays.com\/fr\/wp-json\/wp\/v2\/posts"}],"about":[{"href":"https:\/\/www.europesays.com\/fr\/wp-json\/wp\/v2\/types\/post"}],"author":[{"embeddable":true,"href":"https:\/\/www.europesays.com\/fr\/wp-json\/wp\/v2\/users\/2"}],"replies":[{"embeddable":true,"href":"https:\/\/www.europesays.com\/fr\/wp-json\/wp\/v2\/comments?post=214355"}],"version-history":[{"count":0,"href":"https:\/\/www.europesays.com\/fr\/wp-json\/wp\/v2\/posts\/214355\/revisions"}],"wp:featuredmedia":[{"embeddable":true,"href":"https:\/\/www.europesays.com\/fr\/wp-json\/wp\/v2\/media\/214356"}],"wp:attachment":[{"href":"https:\/\/www.europesays.com\/fr\/wp-json\/wp\/v2\/media?parent=214355"}],"wp:term":[{"taxonomy":"category","embeddable":true,"href":"https:\/\/www.europesays.com\/fr\/wp-json\/wp\/v2\/categories?post=214355"},{"taxonomy":"post_tag","embeddable":true,"href":"https:\/\/www.europesays.com\/fr\/wp-json\/wp\/v2\/tags?post=214355"}],"curies":[{"name":"wp","href":"https:\/\/api.w.org\/{rel}","templated":true}]}}