{"id":214364,"date":"2025-06-29T23:19:10","date_gmt":"2025-06-29T23:19:10","guid":{"rendered":"https:\/\/www.europesays.com\/fr\/214364\/"},"modified":"2025-06-29T23:19:10","modified_gmt":"2025-06-29T23:19:10","slug":"previsions-du-lundi-30-juin-2025-2","status":"publish","type":"post","link":"https:\/\/www.europesays.com\/fr\/214364\/","title":{"rendered":"pr\u00e9visions du lundi 30 juin 2025"},"content":{"rendered":"<p>Un beau soleil est attendu aujourd&rsquo;hui \u00e0 Rennes. Ce sera un bel \u00e9t\u00e9 : les valeurs seront comprises entre 17 et 39\u00b0C. Les temp\u00e9ratures maximales attendues le matin sont importantes, avec 37\u00b0C. Une l\u00e9g\u00e8re brise de sud-est soufflera. L&rsquo;\u00e9t\u00e9 s&rsquo;installe ! Les temp\u00e9ratures vont grimper pendant l&rsquo;apr\u00e8s-midi de plusieurs degr\u00e9s. Les valeurs \u00e9volueront entre 36 et 39\u2009\u00b0C. La ville sera touch\u00e9e par un vent de sud-ouest de 26 km\/h. La ville va souffrir des grosses chaleurs avec des temp\u00e9ratures qui pourraient monter jusqu&rsquo;\u00e0 33\u00b0C le soir. Durant la nuit de lundi \u00e0 mardi, le ciel sera limpide.<\/p>\n<p>C&rsquo;est un soleil magnifique qui va se montrer demain sur Rennes. Une baisse des temp\u00e9ratures est pr\u00e9vue. La ville va conna\u00eetre un passage de fortes chaleurs avec des valeurs qui atteindront parfois les 34\u00b0C. Les temp\u00e9ratures s&rsquo;\u00e9chelonneront entre 15 et 34\u00b0C, un temps bel et bien de saison. L&rsquo;\u00e9pisode d&rsquo;importantes chaleurs est bien l\u00e0, avec des valeurs qui risqueront d&rsquo;aller \u00e0 31\u00b0C le matin. Un vent de nord soufflera un peu, avec 12 km\/h. Un temps plus chaud est \u00e0 pr\u00e9voir demain apr\u00e8s-midi \u00e9tant donn\u00e9 que le mercure va enregistrer une augmentation, remplissant les terrasses de r\u00e9sidents et de touristes venus appr\u00e9cier l&rsquo;\u00e9t\u00e9. De tr\u00e8s grosses chaleurs (entre 29\u00b0C et 34\u00b0C) sont annonc\u00e9es. Demain soir, un vent de nord soufflera \u00e0 21 km\/h.<\/p>\n<p>Les jours se suivent et se ressemblent. Le temps sera ensoleill\u00e9 avec des temp\u00e9ratures d&rsquo;environ 26\u00b0C.<\/p>\n<p>La vague de chaleur actuelle impose des pr\u00e9cautions suppl\u00e9mentaires, en particulier vis-\u00e0-vis des plus fragiles, comme les personnes \u00e2g\u00e9es et les enfants. N&rsquo;h\u00e9sitez pas \u00e0 vous tenir au courant de l&rsquo;\u00e9volution des conditions climatiques.<\/p>\n","protected":false},"excerpt":{"rendered":"Un beau soleil est attendu aujourd&rsquo;hui \u00e0 Rennes. Ce sera un bel \u00e9t\u00e9 : les valeurs seront comprises&hellip;\n","protected":false},"author":2,"featured_media":214365,"comment_status":"","ping_status":"","sticky":false,"template":"","format":"standard","meta":{"footnotes":""},"categories":[2821],"tags":[1111,11,829,1777,674,1011,27,848,12,2119,584,25],"class_list":{"0":"post-214364","1":"post","2":"type-post","3":"status-publish","4":"format-standard","5":"has-post-thumbnail","7":"category-rennes","8":"tag-actu","9":"tag-actualites","10":"tag-bretagne","11":"tag-eu","12":"tag-europe","13":"tag-fr","14":"tag-france","15":"tag-ille-et-vilaine","16":"tag-news","17":"tag-previsions-meteo","18":"tag-rennes","19":"tag-republique-francaise"},"share_on_mastodon":{"url":"https:\/\/pubeurope.com\/@fr\/114769216372264650","error":""},"_links":{"self":[{"href":"https:\/\/www.europesays.com\/fr\/wp-json\/wp\/v2\/posts\/214364","targetHints":{"allow":["GET"]}}],"collection":[{"href":"https:\/\/www.europesays.com\/fr\/wp-json\/wp\/v2\/posts"}],"about":[{"href":"https:\/\/www.europesays.com\/fr\/wp-json\/wp\/v2\/types\/post"}],"author":[{"embeddable":true,"href":"https:\/\/www.europesays.com\/fr\/wp-json\/wp\/v2\/users\/2"}],"replies":[{"embeddable":true,"href":"https:\/\/www.europesays.com\/fr\/wp-json\/wp\/v2\/comments?post=214364"}],"version-history":[{"count":0,"href":"https:\/\/www.europesays.com\/fr\/wp-json\/wp\/v2\/posts\/214364\/revisions"}],"wp:featuredmedia":[{"embeddable":true,"href":"https:\/\/www.europesays.com\/fr\/wp-json\/wp\/v2\/media\/214365"}],"wp:attachment":[{"href":"https:\/\/www.europesays.com\/fr\/wp-json\/wp\/v2\/media?parent=214364"}],"wp:term":[{"taxonomy":"category","embeddable":true,"href":"https:\/\/www.europesays.com\/fr\/wp-json\/wp\/v2\/categories?post=214364"},{"taxonomy":"post_tag","embeddable":true,"href":"https:\/\/www.europesays.com\/fr\/wp-json\/wp\/v2\/tags?post=214364"}],"curies":[{"name":"wp","href":"https:\/\/api.w.org\/{rel}","templated":true}]}}