{"id":214368,"date":"2025-06-29T23:21:09","date_gmt":"2025-06-29T23:21:09","guid":{"rendered":"https:\/\/www.europesays.com\/fr\/214368\/"},"modified":"2025-06-29T23:21:09","modified_gmt":"2025-06-29T23:21:09","slug":"strasbourg-un-detenu-meurt-dans-lincendie-de-sa-cellule-lorigine-du-feu-encore-indeterminee","status":"publish","type":"post","link":"https:\/\/www.europesays.com\/fr\/214368\/","title":{"rendered":"Strasbourg\u00a0: un d\u00e9tenu meurt dans l\u2019incendie de sa cellule, l\u2019origine du feu encore ind\u00e9termin\u00e9e"},"content":{"rendered":"<p class=\"paragraph text_align_left lp-f-body-02\">L\u2019origine du sinistre n\u2019a pas encore \u00e9t\u00e9 d\u00e9termin\u00e9e. Un d\u00e9tenu, incarc\u00e9r\u00e9 \u00e0 la maison d\u2019arr\u00eat de l\u2019Elsau, \u00e0 Strasbourg (<a href=\"https:\/\/www.leparisien.fr\/bas-rhin-67\/\" target=\"_blank\" rel=\"noreferrer nofollow noopener\">Bas-Rhin<\/a>), est d\u00e9c\u00e9d\u00e9, ce dimanche, <a href=\"https:\/\/www.leparisien.fr\/faits-divers\/un-detenu-trouve-mort-a-la-prison-de-pau-apres-un-incendie-dans-sa-cellule-15-04-2024-BBCN5LS5QJCXLI2B5OMD7FHOF4.php\" target=\"_blank\" rel=\"noreferrer nofollow noopener\">dans l\u2019incendie de sa cellule<\/a> qu\u2019il occupait seul, a fait savoir une source polici\u00e8re \u00e0 l\u2019AFP.<\/p>\n<p class=\"paragraph text_align_left lp-f-body-02\">\u00c0 ce stade, les premiers \u00e9l\u00e9ments de l\u2019enqu\u00eate n\u2019ont pas permis de d\u00e9terminer, ce dimanche soir, si l\u2019origine du feu \u00e9tait accidentelle ou volontaire.<\/p>\n<p class=\"paragraph text_align_left lp-f-body-02\">Cet homme, dont l\u2019identit\u00e9 et la raison pour laquelle il \u00e9tait en d\u00e9tention n\u2019ont pas \u00e9t\u00e9 d\u00e9voil\u00e9es, \u00e9tait incarc\u00e9r\u00e9 depuis le 16 octobre 2024 \u00e0 la maison d\u2019arr\u00eat de l\u2019Elsau, o\u00f9 sont d\u00e9tenues des personnes qui n\u2019ont pas encore \u00e9t\u00e9 condamn\u00e9es.<\/p>\n<p>Plus de 200 morts par an dans les prisons<\/p>\n<p class=\"paragraph text_align_left lp-f-body-02\">Plus de 200 personnes meurent chaque ann\u00e9e dans les prisons fran\u00e7aises, <a href=\"https:\/\/x.com\/lesprison\" target=\"_blank\" rel=\"noreferrer nofollow\">selon le collectif d\u2019associations Les mort\u00b7e\u00b7s de la prison<\/a>, la majeure partie par suicide.<\/p>\n","protected":false},"excerpt":{"rendered":"L\u2019origine du sinistre n\u2019a pas encore \u00e9t\u00e9 d\u00e9termin\u00e9e. Un d\u00e9tenu, incarc\u00e9r\u00e9 \u00e0 la maison d\u2019arr\u00eat de l\u2019Elsau, \u00e0&hellip;\n","protected":false},"author":2,"featured_media":214369,"comment_status":"","ping_status":"","sticky":false,"template":"","format":"standard","meta":{"footnotes":""},"categories":[2820],"tags":[1111,11,459,1777,674,118,1011,27,775,12,25,640],"class_list":{"0":"post-214368","1":"post","2":"type-post","3":"status-publish","4":"format-standard","5":"has-post-thumbnail","7":"category-strasbourg","8":"tag-actu","9":"tag-actualites","10":"tag-departements-horsidfo","11":"tag-eu","12":"tag-europe","13":"tag-faits-divers","14":"tag-fr","15":"tag-france","16":"tag-grand-est","17":"tag-news","18":"tag-republique-francaise","19":"tag-strasbourg"},"share_on_mastodon":{"url":"https:\/\/pubeurope.com\/@fr\/114769224277783147","error":""},"_links":{"self":[{"href":"https:\/\/www.europesays.com\/fr\/wp-json\/wp\/v2\/posts\/214368","targetHints":{"allow":["GET"]}}],"collection":[{"href":"https:\/\/www.europesays.com\/fr\/wp-json\/wp\/v2\/posts"}],"about":[{"href":"https:\/\/www.europesays.com\/fr\/wp-json\/wp\/v2\/types\/post"}],"author":[{"embeddable":true,"href":"https:\/\/www.europesays.com\/fr\/wp-json\/wp\/v2\/users\/2"}],"replies":[{"embeddable":true,"href":"https:\/\/www.europesays.com\/fr\/wp-json\/wp\/v2\/comments?post=214368"}],"version-history":[{"count":0,"href":"https:\/\/www.europesays.com\/fr\/wp-json\/wp\/v2\/posts\/214368\/revisions"}],"wp:featuredmedia":[{"embeddable":true,"href":"https:\/\/www.europesays.com\/fr\/wp-json\/wp\/v2\/media\/214369"}],"wp:attachment":[{"href":"https:\/\/www.europesays.com\/fr\/wp-json\/wp\/v2\/media?parent=214368"}],"wp:term":[{"taxonomy":"category","embeddable":true,"href":"https:\/\/www.europesays.com\/fr\/wp-json\/wp\/v2\/categories?post=214368"},{"taxonomy":"post_tag","embeddable":true,"href":"https:\/\/www.europesays.com\/fr\/wp-json\/wp\/v2\/tags?post=214368"}],"curies":[{"name":"wp","href":"https:\/\/api.w.org\/{rel}","templated":true}]}}