{"id":214370,"date":"2025-06-29T23:22:09","date_gmt":"2025-06-29T23:22:09","guid":{"rendered":"https:\/\/www.europesays.com\/fr\/214370\/"},"modified":"2025-06-29T23:22:09","modified_gmt":"2025-06-29T23:22:09","slug":"previsions-du-lundi-30-juin-2025-4","status":"publish","type":"post","link":"https:\/\/www.europesays.com\/fr\/214370\/","title":{"rendered":"pr\u00e9visions du lundi 30 juin 2025"},"content":{"rendered":"<p>Le soleil sera au rendez-vous \u00e0 Nice : une belle journ\u00e9e se pr\u00e9sente ! L&rsquo;\u00e9t\u00e9 s&rsquo;est d\u00e9finitivement install\u00e9 puisque les temp\u00e9ratures iront de 25 \u00e0 31\u00b0C. Une l\u00e9g\u00e8re brise de nord-ouest soufflera. Les valeurs maximums annonc\u00e9es le matin sont \u00e9lev\u00e9es, avec 30\u00b0C. Le thermom\u00e8tre affichera 30\u00b0C en moyenne. La ville va p\u00e2tir d&rsquo;importantes chaleurs avec des temp\u00e9ratures qui devraient grimper jusqu&rsquo;\u00e0 31\u00b0C l&rsquo;apr\u00e8s-midi. Il va faire chaud avec des valeurs qui afficheront entre 29 et 31\u00b0C. Ce sera un bel \u00e9t\u00e9 : les temp\u00e9ratures seront comprises entre 26 et 28\u00b0C le soir. Le ciel sera limpide dans la nuit de lundi \u00e0 mardi.<\/p>\n<p>C&rsquo;est un soleil radieux qui va se montrer demain sur Nice. Les temp\u00e9ratures vont descendre de quelques degr\u00e9s. Les valeurs s&rsquo;\u00e9chelonneront entre 24 et 29\u00b0C, un temps bel et bien de saison. Un petit vent de nord-ouest sera ressenti par les habitants. Dans la matin\u00e9e, les temp\u00e9ratures seront de 28\u00b0C. La chaleur estivale sera bien l\u00e0 puisque les temp\u00e9ratures seront quand m\u00eame de 24\u00b0C au plus bas et de 29\u00b0C au maximum l&rsquo;apr\u00e8s-midi. Demain soir, on anticipe des valeurs d&rsquo;environ 25\u00b0C.<\/p>\n<p>Le temps restera stable les prochains jours. Une m\u00e9t\u00e9o ensoleill\u00e9e, avec des temp\u00e9ratures de 29\u00b0C en moyenne, est \u00e0 pr\u00e9voir.<\/p>\n<p><\/p>\n","protected":false},"excerpt":{"rendered":"Le soleil sera au rendez-vous \u00e0 Nice : une belle journ\u00e9e se pr\u00e9sente ! L&rsquo;\u00e9t\u00e9 s&rsquo;est d\u00e9finitivement install\u00e9&hellip;\n","protected":false},"author":2,"featured_media":214371,"comment_status":"","ping_status":"","sticky":false,"template":"","format":"standard","meta":{"footnotes":""},"categories":[2819],"tags":[1111,11,2898,1777,674,1011,27,12,2401,883,2119,882,25],"class_list":{"0":"post-214370","1":"post","2":"type-post","3":"status-publish","4":"format-standard","5":"has-post-thumbnail","7":"category-nice","8":"tag-actu","9":"tag-actualites","10":"tag-alpes-maritimes","11":"tag-eu","12":"tag-europe","13":"tag-fr","14":"tag-france","15":"tag-news","16":"tag-nice","17":"tag-paca","18":"tag-previsions-meteo","19":"tag-provence-alpes-cote-dazur","20":"tag-republique-francaise"},"share_on_mastodon":{"url":"https:\/\/pubeurope.com\/@fr\/114769228226918196","error":""},"_links":{"self":[{"href":"https:\/\/www.europesays.com\/fr\/wp-json\/wp\/v2\/posts\/214370","targetHints":{"allow":["GET"]}}],"collection":[{"href":"https:\/\/www.europesays.com\/fr\/wp-json\/wp\/v2\/posts"}],"about":[{"href":"https:\/\/www.europesays.com\/fr\/wp-json\/wp\/v2\/types\/post"}],"author":[{"embeddable":true,"href":"https:\/\/www.europesays.com\/fr\/wp-json\/wp\/v2\/users\/2"}],"replies":[{"embeddable":true,"href":"https:\/\/www.europesays.com\/fr\/wp-json\/wp\/v2\/comments?post=214370"}],"version-history":[{"count":0,"href":"https:\/\/www.europesays.com\/fr\/wp-json\/wp\/v2\/posts\/214370\/revisions"}],"wp:featuredmedia":[{"embeddable":true,"href":"https:\/\/www.europesays.com\/fr\/wp-json\/wp\/v2\/media\/214371"}],"wp:attachment":[{"href":"https:\/\/www.europesays.com\/fr\/wp-json\/wp\/v2\/media?parent=214370"}],"wp:term":[{"taxonomy":"category","embeddable":true,"href":"https:\/\/www.europesays.com\/fr\/wp-json\/wp\/v2\/categories?post=214370"},{"taxonomy":"post_tag","embeddable":true,"href":"https:\/\/www.europesays.com\/fr\/wp-json\/wp\/v2\/tags?post=214370"}],"curies":[{"name":"wp","href":"https:\/\/api.w.org\/{rel}","templated":true}]}}