{"id":214374,"date":"2025-06-29T23:24:09","date_gmt":"2025-06-29T23:24:09","guid":{"rendered":"https:\/\/www.europesays.com\/fr\/214374\/"},"modified":"2025-06-29T23:24:09","modified_gmt":"2025-06-29T23:24:09","slug":"previsions-du-lundi-30-juin-2025-5","status":"publish","type":"post","link":"https:\/\/www.europesays.com\/fr\/214374\/","title":{"rendered":"pr\u00e9visions du lundi 30 juin 2025"},"content":{"rendered":"<p>Le soleil sera dominant, la garantie d&rsquo;une magnifique journ\u00e9e \u00e0 Nantes ! Ce sera un bel \u00e9t\u00e9 : les temp\u00e9ratures s&rsquo;\u00e9chelonneront entre 20 et 38\u00b0C. Les importantes chaleurs sont pr\u00e9sentes. Avec des valeurs comprises entre 25 et 38\u00b0C. Une petite brise de sud-est soufflera au cours de la matin\u00e9e. La ville va conna\u00eetre, l&rsquo;apr\u00e8s-midi, une vague de fortes chaleurs avec des temp\u00e9ratures qui atteindront parfois les 38\u00b0C. Un vent de sud-ouest soufflera \u00e0 26 km\/h. Les valeurs maximales annonc\u00e9es le soir sont \u00e9lev\u00e9es, avec 31\u00b0C. Une nuit claire vous attendra entre lundi et mardi.<\/p>\n<p>C&rsquo;est un soleil splendide qui va se montrer demain sur Nantes. Le mercure va baisser de quelques degr\u00e9s. Prenez garde \u00e0 la vague de chaud. Des temp\u00e9ratures de 16 \u00e0 38\u00b0C sont pr\u00e9vues. Les valeurs afficheront entre 16 et 38\u00b0C, un temps vraiment de saison. La matin\u00e9e va \u00eatre tr\u00e8s suffocante : jusqu&rsquo;\u00e0 35\u00b0C. Un vent de nord-est soufflera l\u00e9g\u00e8rement, avec 8 km\/h. Les temp\u00e9ratures, plus estivales, vont conna\u00eetre une augmentation de plusieurs degr\u00e9s lors de l&rsquo;apr\u00e8s-midi. L&rsquo;\u00e9pisode de grosses chaleurs est bien l\u00e0, avec des temp\u00e9ratures qui pourront monter \u00e0 38\u00b0C. D\u00e8s demain soir, les valeurs \u00e9volueront entre 26 et 34\u2009\u00b0C. Un vent d&rsquo;ouest rafra\u00eechira l\u00e9g\u00e8rement l&rsquo;atmosph\u00e8re.<\/p>\n<p>Peu d&rsquo;\u00e9volutions pour la suite. Des temp\u00e9ratures dans les 31\u00b0C accompagneront un ciel ensoleill\u00e9.<\/p>\n<p>Prenez vos dispositions face au coup de chaud : il ne faut pas oublier de boire, \u00e9viter de s&rsquo;exposer au soleil pendant les heures les plus chaudes et se rafra\u00eechir avec un brumisateur ou un linge humide. Soyez attentif aux personnes fragiles dans votre entourage.<\/p>\n","protected":false},"excerpt":{"rendered":"Le soleil sera dominant, la garantie d&rsquo;une magnifique journ\u00e9e \u00e0 Nantes ! Ce sera un bel \u00e9t\u00e9 :&hellip;\n","protected":false},"author":2,"featured_media":214375,"comment_status":"","ping_status":"","sticky":false,"template":"","format":"standard","meta":{"footnotes":""},"categories":[2818],"tags":[1111,11,1777,674,1011,27,3047,766,12,2636,2119,25],"class_list":{"0":"post-214374","1":"post","2":"type-post","3":"status-publish","4":"format-standard","5":"has-post-thumbnail","7":"category-nantes","8":"tag-actu","9":"tag-actualites","10":"tag-eu","11":"tag-europe","12":"tag-fr","13":"tag-france","14":"tag-loire-atlantique","15":"tag-nantes","16":"tag-news","17":"tag-pays-de-la-loire","18":"tag-previsions-meteo","19":"tag-republique-francaise"},"share_on_mastodon":{"url":"https:\/\/pubeurope.com\/@fr\/114769236125737124","error":""},"_links":{"self":[{"href":"https:\/\/www.europesays.com\/fr\/wp-json\/wp\/v2\/posts\/214374","targetHints":{"allow":["GET"]}}],"collection":[{"href":"https:\/\/www.europesays.com\/fr\/wp-json\/wp\/v2\/posts"}],"about":[{"href":"https:\/\/www.europesays.com\/fr\/wp-json\/wp\/v2\/types\/post"}],"author":[{"embeddable":true,"href":"https:\/\/www.europesays.com\/fr\/wp-json\/wp\/v2\/users\/2"}],"replies":[{"embeddable":true,"href":"https:\/\/www.europesays.com\/fr\/wp-json\/wp\/v2\/comments?post=214374"}],"version-history":[{"count":0,"href":"https:\/\/www.europesays.com\/fr\/wp-json\/wp\/v2\/posts\/214374\/revisions"}],"wp:featuredmedia":[{"embeddable":true,"href":"https:\/\/www.europesays.com\/fr\/wp-json\/wp\/v2\/media\/214375"}],"wp:attachment":[{"href":"https:\/\/www.europesays.com\/fr\/wp-json\/wp\/v2\/media?parent=214374"}],"wp:term":[{"taxonomy":"category","embeddable":true,"href":"https:\/\/www.europesays.com\/fr\/wp-json\/wp\/v2\/categories?post=214374"},{"taxonomy":"post_tag","embeddable":true,"href":"https:\/\/www.europesays.com\/fr\/wp-json\/wp\/v2\/tags?post=214374"}],"curies":[{"name":"wp","href":"https:\/\/api.w.org\/{rel}","templated":true}]}}