{"id":214378,"date":"2025-06-29T23:26:10","date_gmt":"2025-06-29T23:26:10","guid":{"rendered":"https:\/\/www.europesays.com\/fr\/214378\/"},"modified":"2025-06-29T23:26:10","modified_gmt":"2025-06-29T23:26:10","slug":"previsions-du-lundi-30-juin-2025-6","status":"publish","type":"post","link":"https:\/\/www.europesays.com\/fr\/214378\/","title":{"rendered":"pr\u00e9visions du lundi 30 juin 2025"},"content":{"rendered":"<p>Un beau soleil est attendu aujourd&rsquo;hui \u00e0 Bordeaux. La ville va p\u00e2tir des fortes chaleurs avec des temp\u00e9ratures qui devraient monter jusqu&rsquo;\u00e0 38\u00b0C le matin. Un vent de sud-ouest rafra\u00eechira l\u00e9g\u00e8rement l&rsquo;atmosph\u00e8re. Les temp\u00e9ratures, plus estivales, vont enregistrer une hausse de plusieurs degr\u00e9s lors de l&rsquo;apr\u00e8s-midi. La p\u00e9riode de grosses chaleurs est bien l\u00e0, avec des valeurs qui pourront aller \u00e0 39\u00b0C. Les importantes chaleurs sont pr\u00e9sentes. Avec des temp\u00e9ratures situ\u00e9es entre 27 et 34\u00b0C. Entre lundi et mardi, la nuit sera claire.<\/p>\n<p>C&rsquo;est un soleil radieux qui va se montrer demain sur Bordeaux. Les valeurs maximales pr\u00e9vues sont \u00e9lev\u00e9es, avec 41\u00b0C. Un petit vent de nord-ouest sera ressenti par les habitants. Prenez garde \u00e0 la vague de chaud dans la matin\u00e9e. Des temp\u00e9ratures de 23 \u00e0 37\u00b0C sont annonc\u00e9es. Les valeurs vont conna\u00eetre une augmentation de plusieurs degr\u00e9s dans l&rsquo;apr\u00e8s-midi. Les touristes comme les locaux pourront sortir sandales et chapeau. Les valeurs \u00e9volueront entre 39 et 41\u2009\u00b0C. La soir\u00e9e va se trouver tr\u00e8s chaude : pr\u00e8s de 36\u00b0C.<\/p>\n<p>Les conditions m\u00e9t\u00e9orologiques des jours suivants vont \u00e9voluer progressivement. Le temps se maintiendra mercredi mais une d\u00e9gradation s&rsquo;ensuivra jeudi.<\/p>\n<p>V\u00e9rifiez si votre d\u00e9partement est en vigilance canicule. Dans tous les cas, il est n\u00e9cessaire d&rsquo;appliquer quelques pr\u00e9cautions pour se pr\u00e9munir contre la chaleur : buvez beaucoup et \u00e9vitez d&rsquo;aller au soleil durant les heures les plus chaudes.<\/p>\n","protected":false},"excerpt":{"rendered":"Un beau soleil est attendu aujourd&rsquo;hui \u00e0 Bordeaux. La ville va p\u00e2tir des fortes chaleurs avec des temp\u00e9ratures&hellip;\n","protected":false},"author":2,"featured_media":214379,"comment_status":"","ping_status":"","sticky":false,"template":"","format":"standard","meta":{"footnotes":""},"categories":[2817],"tags":[1111,11,3177,1997,1777,674,1011,27,2905,12,2219,2119,25],"class_list":{"0":"post-214378","1":"post","2":"type-post","3":"status-publish","4":"format-standard","5":"has-post-thumbnail","7":"category-bordeaux","8":"tag-actu","9":"tag-actualites","10":"tag-aquitaine","11":"tag-bordeaux","12":"tag-eu","13":"tag-europe","14":"tag-fr","15":"tag-france","16":"tag-gironde","17":"tag-news","18":"tag-nouvelle-aquitaine","19":"tag-previsions-meteo","20":"tag-republique-francaise"},"share_on_mastodon":{"url":"https:\/\/pubeurope.com\/@fr\/114769243906623749","error":""},"_links":{"self":[{"href":"https:\/\/www.europesays.com\/fr\/wp-json\/wp\/v2\/posts\/214378","targetHints":{"allow":["GET"]}}],"collection":[{"href":"https:\/\/www.europesays.com\/fr\/wp-json\/wp\/v2\/posts"}],"about":[{"href":"https:\/\/www.europesays.com\/fr\/wp-json\/wp\/v2\/types\/post"}],"author":[{"embeddable":true,"href":"https:\/\/www.europesays.com\/fr\/wp-json\/wp\/v2\/users\/2"}],"replies":[{"embeddable":true,"href":"https:\/\/www.europesays.com\/fr\/wp-json\/wp\/v2\/comments?post=214378"}],"version-history":[{"count":0,"href":"https:\/\/www.europesays.com\/fr\/wp-json\/wp\/v2\/posts\/214378\/revisions"}],"wp:featuredmedia":[{"embeddable":true,"href":"https:\/\/www.europesays.com\/fr\/wp-json\/wp\/v2\/media\/214379"}],"wp:attachment":[{"href":"https:\/\/www.europesays.com\/fr\/wp-json\/wp\/v2\/media?parent=214378"}],"wp:term":[{"taxonomy":"category","embeddable":true,"href":"https:\/\/www.europesays.com\/fr\/wp-json\/wp\/v2\/categories?post=214378"},{"taxonomy":"post_tag","embeddable":true,"href":"https:\/\/www.europesays.com\/fr\/wp-json\/wp\/v2\/tags?post=214378"}],"curies":[{"name":"wp","href":"https:\/\/api.w.org\/{rel}","templated":true}]}}