{"id":214386,"date":"2025-06-29T23:30:11","date_gmt":"2025-06-29T23:30:11","guid":{"rendered":"https:\/\/www.europesays.com\/fr\/214386\/"},"modified":"2025-06-29T23:30:11","modified_gmt":"2025-06-29T23:30:11","slug":"previsions-du-lundi-30-juin-2025-8","status":"publish","type":"post","link":"https:\/\/www.europesays.com\/fr\/214386\/","title":{"rendered":"pr\u00e9visions du lundi 30 juin 2025"},"content":{"rendered":"<p>C&rsquo;est un soleil magnifique qui va se montrer aujourd&rsquo;hui sur Lille. Ce sera un bel \u00e9t\u00e9 : les valeurs afficheront entre 18 et 35\u00b0C. Le matin, de tr\u00e8s fortes chaleurs (entre 21\u00b0C et 31\u00b0C) sont annonc\u00e9es. Un l\u00e9ger vent d&rsquo;est soufflera. L&rsquo;\u00e9t\u00e9 prend ses quartiers ! Les temp\u00e9ratures vont grimper pendant l&rsquo;apr\u00e8s-midi de plusieurs degr\u00e9s. La ville va souffrir d&rsquo;importantes chaleurs avec des temp\u00e9ratures qui devraient monter jusqu&rsquo;\u00e0 35\u00b0C. Les grosses chaleurs sont install\u00e9es. Avec des valeurs \u00e9chelonn\u00e9es entre 27 et 32\u00b0C. On pr\u00e9voit une nuit claire entre lundi et mardi.<\/p>\n<p>Demain, un beau soleil brillera sur Lille. Les temp\u00e9ratures vont descendre de quelques degr\u00e9s. Attention \u00e0 la vague de chaud. Des temp\u00e9ratures de 18 \u00e0 34\u00b0C sont pr\u00e9vues. Les valeurs seront comprises entre 18 et 34\u00b0C, un temps bel et bien de saison. La p\u00e9riode de fortes chaleurs est bien l\u00e0, avec des temp\u00e9ratures qui pourront aller \u00e0 33\u00b0C le matin. Une petite brise de sud-ouest sera ressentie par les habitants. L&rsquo;apr\u00e8s-midi va se trouver vraiment suffocant : pr\u00e8s de 34\u00b0C. Un vent de nord-ouest soufflera \u00e0 21 km\/h. Demain soir, un vent de nord rafra\u00eechira un peu l&rsquo;atmosph\u00e8re.<\/p>\n<p>Le temps des journ\u00e9es suivantes va changer progressivement. Apr\u00e8s des conditions m\u00e9t\u00e9orologiques stables mercredi, la situation changera jeudi.<\/p>\n<p>La vague de chaleur actuelle impose des pr\u00e9cautions suppl\u00e9mentaires, notamment vis-\u00e0-vis des plus vuln\u00e9rables, comme les personnes \u00e2g\u00e9es et les enfants. N&rsquo;h\u00e9sitez pas \u00e0 vous tenir inform\u00e9s de l&rsquo;\u00e9volution des conditions climatiques.<\/p>\n","protected":false},"excerpt":{"rendered":"C&rsquo;est un soleil magnifique qui va se montrer aujourd&rsquo;hui sur Lille. Ce sera un bel \u00e9t\u00e9 : les&hellip;\n","protected":false},"author":2,"featured_media":214387,"comment_status":"","ping_status":"","sticky":false,"template":"","format":"standard","meta":{"footnotes":""},"categories":[2815],"tags":[1111,11,1777,674,1011,27,811,1307,12,1308,1309,2119,25],"class_list":{"0":"post-214386","1":"post","2":"type-post","3":"status-publish","4":"format-standard","5":"has-post-thumbnail","7":"category-lille","8":"tag-actu","9":"tag-actualites","10":"tag-eu","11":"tag-europe","12":"tag-fr","13":"tag-france","14":"tag-hauts-de-france","15":"tag-lille","16":"tag-news","17":"tag-nord","18":"tag-nord-pas-de-calais","19":"tag-previsions-meteo","20":"tag-republique-francaise"},"share_on_mastodon":{"url":"https:\/\/pubeurope.com\/@fr\/114769259708952975","error":""},"_links":{"self":[{"href":"https:\/\/www.europesays.com\/fr\/wp-json\/wp\/v2\/posts\/214386","targetHints":{"allow":["GET"]}}],"collection":[{"href":"https:\/\/www.europesays.com\/fr\/wp-json\/wp\/v2\/posts"}],"about":[{"href":"https:\/\/www.europesays.com\/fr\/wp-json\/wp\/v2\/types\/post"}],"author":[{"embeddable":true,"href":"https:\/\/www.europesays.com\/fr\/wp-json\/wp\/v2\/users\/2"}],"replies":[{"embeddable":true,"href":"https:\/\/www.europesays.com\/fr\/wp-json\/wp\/v2\/comments?post=214386"}],"version-history":[{"count":0,"href":"https:\/\/www.europesays.com\/fr\/wp-json\/wp\/v2\/posts\/214386\/revisions"}],"wp:featuredmedia":[{"embeddable":true,"href":"https:\/\/www.europesays.com\/fr\/wp-json\/wp\/v2\/media\/214387"}],"wp:attachment":[{"href":"https:\/\/www.europesays.com\/fr\/wp-json\/wp\/v2\/media?parent=214386"}],"wp:term":[{"taxonomy":"category","embeddable":true,"href":"https:\/\/www.europesays.com\/fr\/wp-json\/wp\/v2\/categories?post=214386"},{"taxonomy":"post_tag","embeddable":true,"href":"https:\/\/www.europesays.com\/fr\/wp-json\/wp\/v2\/tags?post=214386"}],"curies":[{"name":"wp","href":"https:\/\/api.w.org\/{rel}","templated":true}]}}