{"id":214388,"date":"2025-06-29T23:31:13","date_gmt":"2025-06-29T23:31:13","guid":{"rendered":"https:\/\/www.europesays.com\/fr\/214388\/"},"modified":"2025-06-29T23:31:13","modified_gmt":"2025-06-29T23:31:13","slug":"le-nord-bascule-en-vigilance-canicule-ce-dimanche","status":"publish","type":"post","link":"https:\/\/www.europesays.com\/fr\/214388\/","title":{"rendered":"le Nord bascule en vigilance canicule ce dimanche"},"content":{"rendered":"<p>            Par<br \/>\n        <strong><br \/>\n            <a href=\"https:\/\/actu.fr\/auteur\/nicolas-demollien\" title=\"Consulter tous les articles de Nicolas Demollien\" rel=\"nofollow noopener\" target=\"_blank\">Nicolas Demollien<\/a><br \/>\n        <\/strong><\/p>\n<p>        Publi\u00e9 le<\/p>\n<p>            29 juin 2025 \u00e0 8h27        <\/p>\n<p>Toute la France est <a href=\"https:\/\/actu.fr\/meteo\/une-nouvelle-vague-de-chaleur-caniculaire-s-abat-sur-la-france-dimanche-voici-ou-il-fera-le-plus-chaud_62839697.html\" rel=\"nofollow noopener\" target=\"_blank\">concern\u00e9e par une grande vague de chaleur<\/a> qui va s\u2019abattre \u00e0 partir de ce dimanche 29 juin 2025. Alors qu\u2019aucune vigilance particuli\u00e8re n\u2019avait \u00e9t\u00e9 mise en place dans le <a href=\"https:\/\/actu.fr\/hauts-de-france\/nord_59\" rel=\"nofollow noopener\" target=\"_blank\">Nord<\/a>, <a href=\"https:\/\/actu.fr\/tag\/meteo-france\" rel=\"nofollow noopener\" target=\"_blank\">M\u00e9t\u00e9o France<\/a> a finalement d\u00e9cid\u00e9 de placer le d\u00e9partement en <a href=\"https:\/\/vigilance.meteofrance.fr\/fr\" rel=\"nofollow noopener\" target=\"_blank\">vigilance jaune<\/a> <b>canicule<\/b>.<\/p>\n<p>Alerte canicule dans le Nord \u00e0 partir du dimanche 29 juin<\/p>\n<p class=\" wall-content\">Cette <b>vigilance d\u00e9butera \u00e0 12h<\/b>. Elle se prolongera \u00e0 toute la journ\u00e9e du lundi 30 juin 2025 et devrait durer au-del\u00e0. En effet, les temp\u00e9ratures vont monter et la chaleur devrait baisser tr\u00e8s peu durant la nuit.<\/p>\n<p class=\" wall-content\">Ce dimanche, le mercure va flirter avec les 30\u00b0C et les temp\u00e9ratures resteront autour des 20\u00b0C durant la nuit. Lundi, il fera autour de 28\u00b0C d\u00e8s le matin, puis jusqu\u2019\u00e0 34\u00b0C l\u2019apr\u00e8s-midi. L\u00e0 encore, la nuit sera chaude.<\/p>\n<p class=\" wall-content\">Mardi devrait \u00eatre la journ\u00e9e la plus chaude avec des valeurs atteignant jusqu\u2019\u00e0 36\u00b0C dans le d\u00e9partement. Les temp\u00e9ratures commenceront ensuite \u00e0 baisser mais les valeurs resteront hautes : 30\u00b0C mercredi. C\u2019est l\u2019arriv\u00e9e de la pluie jeudi qui fera quelque peu baisser le thermom\u00e8tre et permettra de respirer.<\/p>\n<p class=\" wall-content\">Suivez toute l\u2019actualit\u00e9 de vos villes et m\u00e9dias favoris en vous inscrivant \u00e0 <a href=\"https:\/\/moncompte.actu.fr\" title=\"D\u00e9couvez Mon Actu\" rel=\"nofollow noopener\" data-trk=\"{&quot;cta&quot;:{&quot;action&quot;:&quot;https:\\\/\\\/moncompte.actu.fr&quot;,&quot;category&quot;:&quot;mon compte&quot;,&quot;from&quot;:&quot;article footer&quot;,&quot;name&quot;:&quot;Mon actu&quot;,&quot;type&quot;:&quot;cta&quot;}}\" target=\"_blank\">Mon Actu<\/a>.<\/p>\n<ul class=\"ac-article-tag wall-content\">\n<li><a href=\"https:\/\/actu.fr\/tag\/meteo-france\" data-trk=\"{&quot;cta&quot;:{&quot;action&quot;:&quot;M\\u00e9t\\u00e9o France&quot;,&quot;category&quot;:&quot;tag&quot;,&quot;from&quot;:&quot;article footer&quot;,&quot;name&quot;:&quot;M\\u00e9t\\u00e9o France&quot;,&quot;type&quot;:&quot;cta&quot;}}\" rel=\"nofollow noopener\" target=\"_blank\">#M\u00e9t\u00e9o France<\/a><\/li>\n<li><a href=\"https:\/\/actu.fr\/tag\/vague-de-chaleur\" data-trk=\"{&quot;cta&quot;:{&quot;action&quot;:&quot;Vague de chaleur&quot;,&quot;category&quot;:&quot;tag&quot;,&quot;from&quot;:&quot;article footer&quot;,&quot;name&quot;:&quot;Vague de chaleur&quot;,&quot;type&quot;:&quot;cta&quot;}}\" rel=\"nofollow noopener\" target=\"_blank\">#Vague de chaleur<\/a><\/li>\n<\/ul>\n","protected":false},"excerpt":{"rendered":"Par Nicolas Demollien Publi\u00e9 le 29 juin 2025 \u00e0 8h27 Toute la France est concern\u00e9e par une grande&hellip;\n","protected":false},"author":2,"featured_media":214389,"comment_status":"","ping_status":"","sticky":false,"template":"","format":"standard","meta":{"footnotes":""},"categories":[2815],"tags":[1111,11,1777,674,1011,27,811,1307,2357,12,25,104,15637],"class_list":{"0":"post-214388","1":"post","2":"type-post","3":"status-publish","4":"format-standard","5":"has-post-thumbnail","7":"category-lille","8":"tag-actu","9":"tag-actualites","10":"tag-eu","11":"tag-europe","12":"tag-fr","13":"tag-france","14":"tag-hauts-de-france","15":"tag-lille","16":"tag-meteo-france","17":"tag-news","18":"tag-republique-francaise","19":"tag-societe","20":"tag-vague-de-chaleur"},"share_on_mastodon":{"url":"https:\/\/pubeurope.com\/@fr\/114769263571747365","error":""},"_links":{"self":[{"href":"https:\/\/www.europesays.com\/fr\/wp-json\/wp\/v2\/posts\/214388","targetHints":{"allow":["GET"]}}],"collection":[{"href":"https:\/\/www.europesays.com\/fr\/wp-json\/wp\/v2\/posts"}],"about":[{"href":"https:\/\/www.europesays.com\/fr\/wp-json\/wp\/v2\/types\/post"}],"author":[{"embeddable":true,"href":"https:\/\/www.europesays.com\/fr\/wp-json\/wp\/v2\/users\/2"}],"replies":[{"embeddable":true,"href":"https:\/\/www.europesays.com\/fr\/wp-json\/wp\/v2\/comments?post=214388"}],"version-history":[{"count":0,"href":"https:\/\/www.europesays.com\/fr\/wp-json\/wp\/v2\/posts\/214388\/revisions"}],"wp:featuredmedia":[{"embeddable":true,"href":"https:\/\/www.europesays.com\/fr\/wp-json\/wp\/v2\/media\/214389"}],"wp:attachment":[{"href":"https:\/\/www.europesays.com\/fr\/wp-json\/wp\/v2\/media?parent=214388"}],"wp:term":[{"taxonomy":"category","embeddable":true,"href":"https:\/\/www.europesays.com\/fr\/wp-json\/wp\/v2\/categories?post=214388"},{"taxonomy":"post_tag","embeddable":true,"href":"https:\/\/www.europesays.com\/fr\/wp-json\/wp\/v2\/tags?post=214388"}],"curies":[{"name":"wp","href":"https:\/\/api.w.org\/{rel}","templated":true}]}}