{"id":214390,"date":"2025-06-29T23:32:09","date_gmt":"2025-06-29T23:32:09","guid":{"rendered":"https:\/\/www.europesays.com\/fr\/214390\/"},"modified":"2025-06-29T23:32:09","modified_gmt":"2025-06-29T23:32:09","slug":"previsions-du-lundi-30-juin-2025-9","status":"publish","type":"post","link":"https:\/\/www.europesays.com\/fr\/214390\/","title":{"rendered":"pr\u00e9visions du lundi 30 juin 2025"},"content":{"rendered":"<p>La journ\u00e9e qui s&rsquo;annonce \u00e0 Marseille, promet d&rsquo;\u00eatre belle et ensoleill\u00e9e ! Les temp\u00e9ratures s&rsquo;\u00e9chelonneront entre 26 et 31\u00b0C, un temps bel et bien de saison. Une modeste brise de sud-ouest sera ressentie par les habitants. Attention \u00e0 la vague de chaleur dans la matin\u00e9e. Des valeurs de 28 \u00e0 30\u00b0C sont annonc\u00e9es. Les temp\u00e9ratures seront comprises entre 28\u00b0C et 30\u00b0C, donnant aux habitants l&rsquo;occasion d&rsquo;appr\u00e9cier la saison estivale. La ville va souffrir des fortes chaleurs avec des valeurs qui pourraient monter jusqu&rsquo;\u00e0 31\u00b0C l&rsquo;apr\u00e8s-midi. Ce sera un bel \u00e9t\u00e9 : les temp\u00e9ratures afficheront entre 29 et 31\u00b0C. Les valeurs tourneront autour des 29\u00b0C au cours de la soir\u00e9e. On passera de lundi \u00e0 mardi par une nuit claire.<\/p>\n<p>Un beau soleil est attendu demain \u00e0 Marseille. Les temp\u00e9ratures \u00e9volueront entre 26 et 31\u2009\u00b0C. Les valeurs s&rsquo;\u00e9chelonneront entre 26 et 31\u00b0C, un temps vraiment de saison. Les grosses chaleurs sont pr\u00e9sentes. Avec des temp\u00e9ratures situ\u00e9es entre 27 et 31\u00b0C. Les valeurs seront comprises entre 27\u00b0C et 31\u00b0C dans la matin\u00e9e, donnant \u00e0 la population l&rsquo;occasion de profiter de la p\u00e9riode estivale. Un vent de nord-ouest soufflera doucement. La ville va conna\u00eetre, demain apr\u00e8s-midi, une vague d&rsquo;importantes chaleurs avec des temp\u00e9ratures qui rejoindront parfois les 31\u00b0C. La chaleur estivale sera bien au rendez-vous puisque les valeurs seront tout de m\u00eame de 29\u00b0C au plus bas et de 31\u00b0C au plus haut. Des pluies \u00e9parses vont tomber au cours de la soir\u00e9e. On pr\u00e9voit des temp\u00e9ratures avoisinant 27\u00b0C. Un vent de sud-est rafra\u00eechira sensiblement l&rsquo;atmosph\u00e8re.<\/p>\n<p>Peu de changements pour la suite. Des temp\u00e9ratures dans les 29\u00b0C accompagneront un ciel ensoleill\u00e9.<\/p>\n<p><\/p>\n","protected":false},"excerpt":{"rendered":"La journ\u00e9e qui s&rsquo;annonce \u00e0 Marseille, promet d&rsquo;\u00eatre belle et ensoleill\u00e9e ! Les temp\u00e9ratures s&rsquo;\u00e9chelonneront entre 26 et&hellip;\n","protected":false},"author":2,"featured_media":214391,"comment_status":"","ping_status":"","sticky":false,"template":"","format":"standard","meta":{"footnotes":""},"categories":[2814],"tags":[1111,11,1777,674,1011,27,884,12,2119,882,25],"class_list":{"0":"post-214390","1":"post","2":"type-post","3":"status-publish","4":"format-standard","5":"has-post-thumbnail","7":"category-marseille","8":"tag-actu","9":"tag-actualites","10":"tag-eu","11":"tag-europe","12":"tag-fr","13":"tag-france","14":"tag-marseille","15":"tag-news","16":"tag-previsions-meteo","17":"tag-provence-alpes-cote-dazur","18":"tag-republique-francaise"},"share_on_mastodon":{"url":"https:\/\/pubeurope.com\/@fr\/114769267539823180","error":""},"_links":{"self":[{"href":"https:\/\/www.europesays.com\/fr\/wp-json\/wp\/v2\/posts\/214390","targetHints":{"allow":["GET"]}}],"collection":[{"href":"https:\/\/www.europesays.com\/fr\/wp-json\/wp\/v2\/posts"}],"about":[{"href":"https:\/\/www.europesays.com\/fr\/wp-json\/wp\/v2\/types\/post"}],"author":[{"embeddable":true,"href":"https:\/\/www.europesays.com\/fr\/wp-json\/wp\/v2\/users\/2"}],"replies":[{"embeddable":true,"href":"https:\/\/www.europesays.com\/fr\/wp-json\/wp\/v2\/comments?post=214390"}],"version-history":[{"count":0,"href":"https:\/\/www.europesays.com\/fr\/wp-json\/wp\/v2\/posts\/214390\/revisions"}],"wp:featuredmedia":[{"embeddable":true,"href":"https:\/\/www.europesays.com\/fr\/wp-json\/wp\/v2\/media\/214391"}],"wp:attachment":[{"href":"https:\/\/www.europesays.com\/fr\/wp-json\/wp\/v2\/media?parent=214390"}],"wp:term":[{"taxonomy":"category","embeddable":true,"href":"https:\/\/www.europesays.com\/fr\/wp-json\/wp\/v2\/categories?post=214390"},{"taxonomy":"post_tag","embeddable":true,"href":"https:\/\/www.europesays.com\/fr\/wp-json\/wp\/v2\/tags?post=214390"}],"curies":[{"name":"wp","href":"https:\/\/api.w.org\/{rel}","templated":true}]}}