{"id":214394,"date":"2025-06-29T23:34:09","date_gmt":"2025-06-29T23:34:09","guid":{"rendered":"https:\/\/www.europesays.com\/fr\/214394\/"},"modified":"2025-06-29T23:34:09","modified_gmt":"2025-06-29T23:34:09","slug":"previsions-du-lundi-30-juin-2025-10","status":"publish","type":"post","link":"https:\/\/www.europesays.com\/fr\/214394\/","title":{"rendered":"pr\u00e9visions du lundi 30 juin 2025"},"content":{"rendered":"<p>Cette journ\u00e9e sera synonyme de grand soleil pour Lyon. La chaleur estivale sera bien au rendez-vous puisque les temp\u00e9ratures seront tout de m\u00eame de 22\u00b0C au minimum et de 37\u00b0C au maximum. Un vent de sud-ouest soufflera l\u00e9g\u00e8rement. L&rsquo;\u00e9pisode de grosses chaleurs est bien l\u00e0, avec des valeurs qui risqueront d&rsquo;aller \u00e0 35\u00b0C le matin. Les temp\u00e9ratures maximums pr\u00e9vues l&rsquo;apr\u00e8s-midi sont \u00e9lev\u00e9es, avec 37\u00b0C. Il fera 25\u00b0C en moyenne le soir. On pr\u00e9voit une nuit claire entre lundi et mardi.<\/p>\n<p>Demain, un beau soleil rayonnera sur Lyon. Une chute des temp\u00e9ratures est attendue. Les fortes chaleurs sont pr\u00e9sentes. Avec des valeurs situ\u00e9es entre 20 et 37\u00b0C. Ce sera un bel \u00e9t\u00e9 : les temp\u00e9ratures s&rsquo;\u00e9chelonneront entre 20 et 37\u00b0C. Un vent de nord-est rafra\u00eechira sensiblement l&rsquo;atmosph\u00e8re. Le matin, de tr\u00e8s importantes chaleurs (entre 23\u00b0C et 34\u00b0C) sont annonc\u00e9es. Le temps va se r\u00e9chauffer demain apr\u00e8s-midi avec une augmentation de plusieurs degr\u00e9s pour un \u00e9t\u00e9 chaud. La ville va ressentir des grosses chaleurs avec des valeurs qui devraient monter jusqu&rsquo;\u00e0 37\u00b0C. D\u00e8s demain soir, les temp\u00e9ratures \u00e9volueront entre 27 et 34\u2009\u00b0C.<\/p>\n<p>La m\u00e9t\u00e9o restera stable les prochains jours. Il fera 35\u00b0C en moyenne pour des journ\u00e9es avec une m\u00e9t\u00e9o ensoleill\u00e9e.<\/p>\n<p>Les beaux jours ne doivent pas faire oublier les risques li\u00e9s aux fortes chaleurs. Il faut bien entendu utiliser de la cr\u00e8me solaire et penser \u00e0 boire r\u00e9guli\u00e8rement, mais \u00e9galement prendre garde \u00e0 \u00e9conomiser l&rsquo;eau du robinet.<\/p>\n","protected":false},"excerpt":{"rendered":"Cette journ\u00e9e sera synonyme de grand soleil pour Lyon. La chaleur estivale sera bien au rendez-vous puisque les&hellip;\n","protected":false},"author":2,"featured_media":214395,"comment_status":"","ping_status":"","sticky":false,"template":"","format":"standard","meta":{"footnotes":""},"categories":[1889],"tags":[1111,11,2430,1777,674,1011,27,2428,12,2119,25,2429,2431],"class_list":{"0":"post-214394","1":"post","2":"type-post","3":"status-publish","4":"format-standard","5":"has-post-thumbnail","7":"category-lyon","8":"tag-actu","9":"tag-actualites","10":"tag-auvergne-rhone-alpes","11":"tag-eu","12":"tag-europe","13":"tag-fr","14":"tag-france","15":"tag-lyon","16":"tag-news","17":"tag-previsions-meteo","18":"tag-republique-francaise","19":"tag-rhone","20":"tag-rhone-alpes"},"share_on_mastodon":{"url":"https:\/\/pubeurope.com\/@fr\/114769275774097876","error":""},"_links":{"self":[{"href":"https:\/\/www.europesays.com\/fr\/wp-json\/wp\/v2\/posts\/214394","targetHints":{"allow":["GET"]}}],"collection":[{"href":"https:\/\/www.europesays.com\/fr\/wp-json\/wp\/v2\/posts"}],"about":[{"href":"https:\/\/www.europesays.com\/fr\/wp-json\/wp\/v2\/types\/post"}],"author":[{"embeddable":true,"href":"https:\/\/www.europesays.com\/fr\/wp-json\/wp\/v2\/users\/2"}],"replies":[{"embeddable":true,"href":"https:\/\/www.europesays.com\/fr\/wp-json\/wp\/v2\/comments?post=214394"}],"version-history":[{"count":0,"href":"https:\/\/www.europesays.com\/fr\/wp-json\/wp\/v2\/posts\/214394\/revisions"}],"wp:featuredmedia":[{"embeddable":true,"href":"https:\/\/www.europesays.com\/fr\/wp-json\/wp\/v2\/media\/214395"}],"wp:attachment":[{"href":"https:\/\/www.europesays.com\/fr\/wp-json\/wp\/v2\/media?parent=214394"}],"wp:term":[{"taxonomy":"category","embeddable":true,"href":"https:\/\/www.europesays.com\/fr\/wp-json\/wp\/v2\/categories?post=214394"},{"taxonomy":"post_tag","embeddable":true,"href":"https:\/\/www.europesays.com\/fr\/wp-json\/wp\/v2\/tags?post=214394"}],"curies":[{"name":"wp","href":"https:\/\/api.w.org\/{rel}","templated":true}]}}