{"id":214396,"date":"2025-06-29T23:35:10","date_gmt":"2025-06-29T23:35:10","guid":{"rendered":"https:\/\/www.europesays.com\/fr\/214396\/"},"modified":"2025-06-29T23:35:10","modified_gmt":"2025-06-29T23:35:10","slug":"lyon-un-nouveau-radar-flashe-sur-les-quais-de-saone","status":"publish","type":"post","link":"https:\/\/www.europesays.com\/fr\/214396\/","title":{"rendered":"Lyon. Un nouveau radar flashe sur les quais de Sa\u00f4ne &#8211;"},"content":{"rendered":"<p>\t\t\t\t<img fetchpriority=\"high\" decoding=\"async\" width=\"900\" height=\"598\" src=\"https:\/\/www.europesays.com\/fr\/wp-content\/uploads\/2025\/06\/Radar-4-quai-Marechal-Joffre-03-photo-Pascal-Pierart.jpg\" alt=\"\" title=\"Radar 4 quai Mar\u00e9chal Joffre 03 photo Pascal Pi\u00e9rart\"   class=\"wp-image-162005\"\/><\/p>\n<p>Apr\u00e8s les ZAD, les ZFE et la ZTL, les zonards \u00e9cologistes lyonnais viennent d\u2019inventer la ZVL.<\/p>\n<p>La Zone \u00e0 Vitesse Limit\u00e9e ne concerne, est-ce utile de le pr\u00e9ciser- que les engins motoris\u00e9s de type voiture, motos ou scooters. \u00c9tablie \u00e0 30 km\/h, m\u00eame sur des portions roulantes, la finalit\u00e9 est toujours la m\u00eame : congestionner la circulation et d\u00e9gouter les automobilistes afin de les convertir \u00e0 la bicyclette.<\/p>\n<p>Le Progr\u00e8s nous en dit plus sur la nouvelle machine \u00e0 cash: \u00ab\u00a0Elle a \u00e9t\u00e9 install\u00e9e dans la nuit de vendredi \u00e0 samedi, \u00e0 la jonction entre les quais Tilsitt et Mar\u00e9chal-Joffre (Lyon 2), \u00e0 hauteur de la rue Franklin\u00a0\u00bb.<\/p>\n<p>Attention, la vitesse y est limit\u00e9e \u00e0 30\u00a0km\/h.<\/p>\n","protected":false},"excerpt":{"rendered":"Apr\u00e8s les ZAD, les ZFE et la ZTL, les zonards \u00e9cologistes lyonnais viennent d\u2019inventer la ZVL. La Zone&hellip;\n","protected":false},"author":2,"featured_media":214397,"comment_status":"","ping_status":"","sticky":false,"template":"","format":"standard","meta":{"footnotes":""},"categories":[1889],"tags":[4257,1111,11,2430,1777,674,1011,27,2428,35381,12,25,35382],"class_list":{"0":"post-214396","1":"post","2":"type-post","3":"status-publish","4":"format-standard","5":"has-post-thumbnail","7":"category-lyon","8":"tag-0top","9":"tag-actu","10":"tag-actualites","11":"tag-auvergne-rhone-alpes","12":"tag-eu","13":"tag-europe","14":"tag-fr","15":"tag-france","16":"tag-lyon","17":"tag-lyon-ecolo","18":"tag-news","19":"tag-republique-francaise","20":"tag-zvl"},"share_on_mastodon":{"url":"https:\/\/pubeurope.com\/@fr\/114769279416548005","error":""},"_links":{"self":[{"href":"https:\/\/www.europesays.com\/fr\/wp-json\/wp\/v2\/posts\/214396","targetHints":{"allow":["GET"]}}],"collection":[{"href":"https:\/\/www.europesays.com\/fr\/wp-json\/wp\/v2\/posts"}],"about":[{"href":"https:\/\/www.europesays.com\/fr\/wp-json\/wp\/v2\/types\/post"}],"author":[{"embeddable":true,"href":"https:\/\/www.europesays.com\/fr\/wp-json\/wp\/v2\/users\/2"}],"replies":[{"embeddable":true,"href":"https:\/\/www.europesays.com\/fr\/wp-json\/wp\/v2\/comments?post=214396"}],"version-history":[{"count":0,"href":"https:\/\/www.europesays.com\/fr\/wp-json\/wp\/v2\/posts\/214396\/revisions"}],"wp:featuredmedia":[{"embeddable":true,"href":"https:\/\/www.europesays.com\/fr\/wp-json\/wp\/v2\/media\/214397"}],"wp:attachment":[{"href":"https:\/\/www.europesays.com\/fr\/wp-json\/wp\/v2\/media?parent=214396"}],"wp:term":[{"taxonomy":"category","embeddable":true,"href":"https:\/\/www.europesays.com\/fr\/wp-json\/wp\/v2\/categories?post=214396"},{"taxonomy":"post_tag","embeddable":true,"href":"https:\/\/www.europesays.com\/fr\/wp-json\/wp\/v2\/tags?post=214396"}],"curies":[{"name":"wp","href":"https:\/\/api.w.org\/{rel}","templated":true}]}}