{"id":214398,"date":"2025-06-29T23:37:12","date_gmt":"2025-06-29T23:37:12","guid":{"rendered":"https:\/\/www.europesays.com\/fr\/214398\/"},"modified":"2025-06-29T23:37:12","modified_gmt":"2025-06-29T23:37:12","slug":"quelles-perturbations-prevoir-pour-la-ratp-et-la-sncf-cette-semaine-18","status":"publish","type":"post","link":"https:\/\/www.europesays.com\/fr\/214398\/","title":{"rendered":"Quelles perturbations pr\u00e9voir pour la RATP et la SNCF cette semaine\u00a0?"},"content":{"rendered":"<p>Du lundi 30\u00a0juin au dimanche 6\u00a0juillet 2025, plusieurs changements sont \u00e0 pr\u00e9voir sur les lignes de la capitale et en \u00cele-de-France. Voici les principales perturbations \u00e0 prendre en compte afin de mieux appr\u00e9hender cette semaine estival.<\/p>\n<blockquote class=\"twitter-tweet\" align=\"center\" data-lang=\"fr_FR\">\n<p lang=\"fr\" dir=\"ltr\">\ud83d\udd34 Canicule en <a href=\"https:\/\/twitter.com\/hashtag\/IledeFrance?src=hash&amp;ref_src=twsrc%5Etfw\" target=\"_blank\" rel=\"noopener\">#IledeFrance<\/a> : Risque de perturbations dans les transports.<\/p>\n<p>\ud83d\udc49 Des perturbations sont possibles sur le r\u00e9seau Transilien. La SNCF recommande aux personnes les plus vuln\u00e9rables de reporter leurs d\u00e9placements. (Officiel) <a href=\"https:\/\/twitter.com\/hashtag\/IDF?src=hash&amp;ref_src=twsrc%5Etfw\" target=\"_blank\" rel=\"noopener\">#IDF<\/a> <a href=\"https:\/\/t.co\/xSM9jO6dnT\">pic.twitter.com\/xSM9jO6dnT<\/a><\/p>\n<p>\u2014 FLASH INFO Ile-de-France (@info_Paris_IDF) <a href=\"https:\/\/twitter.com\/info_Paris_IDF\/status\/1939394106536464785?ref_src=twsrc%5Etfw\" target=\"_blank\" rel=\"noopener\">June 29, 2025<\/a><\/p><\/blockquote>\n<p class=\"mb-xxl@xs color-ultramarine font-weight-semi-bold@xs font-source-serif-pro heading-s@xs\">L\u2019acc\u00e8s \u00e0 ce contenu a \u00e9t\u00e9 bloqu\u00e9 afin de respecter votre choix de consentement<\/p>\n<p class=\"mb-m@xs text-l@xs\">En cliquant sur\u00ab J\u2019accepte \u00bb, vous acceptez le d\u00e9p\u00f4t de cookies par des services externes et aurez ainsi acc\u00e8s aux contenus de nos partenaires.<\/p>\n<p class=\"mb-xl@xs text-s@xs\">Plus d\u2019informations sur la page<a href=\"https:\/\/www.20minutes.fr\/gestion-cookies\" class=\"mx-xxs@xs color-ultramarine\" target=\"_blank\" rel=\"noopener\">Politique de gestion des cookies<\/a><\/p>\n<p>J\u2019accepteLes perturbations SNCF et RATP \u00e0 Paris et \u00cele-de-France du 30\u00a0juin au 6\u00a0juillet<\/p>\n<p>Ce samedi 5\u00a0juillet 2025, les grandes vacances d\u2019\u00e9t\u00e9 d\u00e9marrent alors que la RATP et la SNCF pr\u00e9voient perturbations sur leurs lignes de transport \u00e0 Paris et en \u00cele-de-France.<\/p>\n<p>M\u00e9tro<\/p>\n<ul>\n<li>Ligne 3 \u2013 Depuis samedi 28\u00a0juin et jusqu\u2019au dimanche 3\u00a0ao\u00fbt, le trafic sera interrompu entre Op\u00e9ra et Gallieni (travaux). Des bus de remplacement seront disponibles entre R\u00e9publique et Gallieni.<\/li>\n<li>Ligne 4 \u2013 Du samedi 5\u00a0juillet 0h40 au lundi 14\u00a0juillet (toute la journ\u00e9e), le trafic est interrompu entre Les Halles et Porte d\u2019Orl\u00e9ans (travaux). Des bus de remplacement seront disponibles entre Denfert-Rochereau et Porte d\u2019Orl\u00e9ans.<\/li>\n<li>Ligne 6 \u2013 De ce lundi 30\u00a0juin au dimanche 28\u00a0septembre, l\u2019arr\u00eat ne sera pas desservi \u00e0 Cambronne (travaux).<\/li>\n<li>Ligne 14 \u2013 Jusqu\u2019au 23\u00a0juillet, le mercredi \u00e0 partir de 22h, le trafic sera interrompu sur l\u2019ensemble de la ligne (travaux).<\/li>\n<\/ul>\n<p>RER<\/p>\n<ul>\n<li>RER A \u2013 Samedi\u00a05 et dimanche 6\u00a0juillet, le trafic sera interrompu, toute la journ\u00e9e, entre Maisons-Laffitte et Poissy. La ligne de bus 1 renforc\u00e9e \u00e0 St Germain-en-Laye et bus de remplacement \u00e0 Ach\u00e8res \u2013 Ville.<\/li>\n<li><a href=\"https:\/\/www.20minutes.fr\/dossier\/rer_b\" class=\"color-ultramarine c-link\" target=\"_blank\" rel=\"noopener\">RER B<\/a> \u2013 Jusqu\u2019au jeudi 10\u00a0juillet, du lundi au vendredi d\u00e8s 22h45, le trafic sera interrompu entre Gare du Nord et A\u00e9roport Charles de Gaulle 2 \u2013 <a href=\"https:\/\/www.20minutes.fr\/dossier\/tgv\" class=\"color-ultramarine c-link\" target=\"_blank\" rel=\"noopener\">TGV<\/a> \u2022 Mitry \u2013 Claye en raison de travaux d\u2019entretien. Bus de substitution.<\/li>\n<li>RER C. Javel \u2013 \u00c0 partir de 23h30 jusqu\u2019en fin de soir\u00e9e, jusqu\u2019au vendredi 4\u00a0juillet (travaux). Le trafic sera interrompu entre Versailles Ch\u00e2teau Rive Gauche et Javel. Dernier train au d\u00e9part de Versailles ch\u00e2teau Rive Gauche pour Javel \u00e0 22h25. Dernier train au d\u00e9part de Javel pour Versailles ch\u00e2teau Rive Gauche \u00e0 23h11. Report sur la ligne N ou les lignes de bus de ville 169,171.<\/li>\n<\/ul>\n<p>Le trafic sera aussi interrompu de Javel \u00e0 St-Quentin en Yvelines. Dernier train au d\u00e9part de Javel pour <a href=\"https:\/\/www.20minutes.fr\/dossier\/saint_quentin\" class=\"color-ultramarine c-link\" target=\"_blank\" rel=\"noopener\">Saint-Quentin<\/a> en <a href=\"https:\/\/www.20minutes.fr\/societe\/yvelines\/\" class=\"color-ultramarine c-link\" target=\"_blank\" rel=\"noopener\">Yvelines<\/a> \u00e0 23h02. Report sur la ligne N ou les lignes de bus de ville 169,171.<\/p>\n<p>Saint-Martin d\u2019Etampes \u2013 En raison de travaux sur le r\u00e9seau ferroviaire, jusqu\u2019au vendredi 4\u00a0juillet, le trafic sera interrompu entre Dourdan\/Saint-Martin d\u2019Etampes et Paris Austerlitz d\u00e8s 23h30. Un service de bus de remplacement est mis en place, avec desserte des gares interm\u00e9diaires.<\/p>\n<p>Gare d\u2019Austerlitz \u2013 Jusqu\u2019au vendredi 4\u00a0juillet, de 23h jusqu\u2019\u00e0 fin de soir\u00e9e, trafic sera interrompu ente Paris Austerlitz et Juvisy via Choisy-le-Roi. Dernier train au d\u00e9part de Juvisy pour Paris Austerlitz \u00e0 22h29. Dernier train au d\u00e9part de Paris Austerlitz pour Juvisy \u00e0 22h36. Des bus de remplacement seront disponibles, avec desserte des gares interm\u00e9diaires.<\/p>\n<p>Le trafic sera aussi interrompu entre Paris Austerlitz et Pont de Rungis Orly. Dernier train au d\u00e9part de Paris Austerlitz pour Pont de Rungis \u00e0 22h27. Dernier train au d\u00e9part de Pont de Rungis pour Paris Austerlitz \u00e0 22h08. Report\u00a0: Lignes du M\u00e9tro, Tramway et lignes de bus de ville.<\/p>\n<ul>\n<li>RER D. Creil \u2013 Jusqu\u2019au dimanche 13\u00a0juillet, du lundi au vendredi \u00e0 partir de 23h20, le trafic est interrompu entre Gare du Nord et Creil en raison de travaux. Des bus de remplacement seront disponibles entre <\/li>\n<\/ul>\n<p>Par ailleurs, de ce lundi 30\u00a0juin jusqu\u2019au vendredi 25\u00a0juillet (sauf jours f\u00e9ri\u00e9s) d\u00e8s 23h35, le trafic sera interrompu entre Creil et Paris Gare du Nord. Des bus de remplacement seront disponibles (travaux).<\/p>\n<p>Cr\u00e9teil Pompadour\/Le Vert de Maisons\/Maisons-Alfort \u2013 Alfortville\/Villeneuve Triage \u2013 Jusqu\u2019au vendredi 4\u00a0juillet, d\u00e8s 23h00, les arr\u00eats ne sont pas desservis \u00e0 Maisons-Alfort \u2013 Alfortville, Le Vert de Maisons, Cr\u00e9teil Pompadour et Villeneuve Triage (travaux).<\/p>\n<p>Combs-la-Ville \u2013 Quincy \u2013 Jusqu\u2019au vendredi 4\u00a0juillet, de 9h30 \u00e0 16h, le trafic est ralenti entre Combs-la-Ville \u2013 Quincy et Melun, un train sur deux en circulation (travaux).<\/p>\n<p>Villeneuve-Saint-Georges \u2013 Jusqu\u2019au vendredi 1er\u00a0ao\u00fbt, hors week-end et les jours f\u00e9ri\u00e9s, \u00e0 partir de 23h15, le trafic sera interrompu entre Villeneuve S Georges et Corbeil-Essonnes. Des bus de remplacement seront disponibles (travaux).<\/p>\n<p>Villeneuve-Saint-Georges\/Maisons-Alfort \u2013 Alfortville\/Cr\u00e9teil Pompadour\/Le Vert de Maisons\/Villeneuve Triage\/<a href=\"https:\/\/www.20minutes.fr\/dossier\/gare_de_lyon\" class=\"color-ultramarine c-link\" target=\"_blank\" rel=\"noopener\">Gare de Lyon<\/a> \u2013 \u00c0 partir de 22h30, de ce lundi 30\u00a0juin \u00e0 vendredi 04 juillet, les trains ne marquent pas l\u2019arr\u00eat \u00e0 Maisons-Alfort, Vert de Maisons, Cr\u00e9teil Pompadour, Villeneuve Triage et Villeneuve Saint-Georges dans les deux sens. Des bus de remplacement seront disponibles (travaux).<\/p>\n<p>Melun \u2013 De ce lundi 30\u00a0juin au vendredi 1er\u00a0ao\u00fbt \u2018sauf jour f\u00e9ri\u00e9), en semaine de 9h30 \u00e0 16h, le trafic est ralenti entre Combs-la-Ville \u2013 Quincy et Melun (travaux).<\/p>\n<p>Le trafic sera aussi all\u00e9g\u00e9 entre Combs-la-Ville \u2013 Quincy et Melun, seul un train sur deux en circulation (travaux).<\/p>\n<ul>\n<li>RER E. Nanterre-La-Folie \u2013 En semaine, \u00e0 partir de 20h30, entre Nanterre-La-Folie et Tournan, et \u00e0 partir de 22h30, entre Nanterre-La-Folie et Villiers-sur-Marne \u2013 Le Plessis-Tr\u00e9vise.<\/li>\n<\/ul>\n<p>De ce lundi 30\u00a0juin au mercredi 2\u00a0juillet, et du mercredi\u00a09 au vendredi 11\u00a0juillet. Le trafic sera interrompu. Le dernier train NATU de Tournan vers Nanterre-la-Folie est \u00e0 20h23. Le dernier train NOVY de Villiers-sur-Marne vers Nanterre-la-Folie est \u00e0 22h19. Le dernier train TANU de Nanterre-la-Folie vers Tournan est \u00e0 20h04. Le dernier train VONY de Nanterre-la-Folie vers Villiers-sur-Marne est \u00e0 22h11. Un service de bus de remplacement sera mis en place.<\/p>\n<p>Par ailleurs, en semaine \u2013 \u00e0 partir de 20h, entre Nanterre-La-Folie et Tournan et \u00e0 partir de 22h30, entre Nanterre-La-Folie et Villiers-sur-Marne \u2013 Le Plessis-Tr\u00e9vise, de jeudi 3\u00a0juillet jusqu\u2019au mardi 8\u00a0juillet, le trafic sera interrompu.<\/p>\n<p>Le dernier train NATU de Tournan vers Nanterre-la-Folie est \u00e0 20h23. Le dernier train NOVY de Villiers-sur-Marne vers Nanterre-la-Folie est \u00e0 22h19. Le dernier train TANU de Nanterre-la-Folie vers Tournan est \u00e0 19h34. Le dernier train VONY de Nanterre-la-Folie vers Villiers-sur-Marne est \u00e0 22h11. Des bus de remplacement seront disponibles.<\/p>\n<p>Transilien<\/p>\n<ul>\n<li>Ligne H. Persan \u2013 Beaumont\u00a0: le week-end toute la journ\u00e9e, jusqu\u2019au dimanche 6\u00a0juillet, le trafic sera interrompu entre Persan \u2013 Beaumont et Creil. Des bus de remplacement seront disponibles, avec desserte des gares interm\u00e9diaires (travaux).<\/li>\n<\/ul>\n<p>En semaine de soir\u00e9e, de ce lundi 30\u00a0juin jusqu\u2019au vendredi 26\u00a0septembre, sauf les jours f\u00e9ri\u00e9s, le trafic sera interrompu entre Paris Gare du Nord et Persan \u2013 Beaumont via Montsoult \u2013 Maffliers. Des bus de remplacement seront disponibles (travaux).<\/p>\n<p>Luzarches. En semaine de soir\u00e9e, du lundi 30\u00a0juin au vendredi 26\u00a0septembre, sauf les jours f\u00e9ri\u00e9s, le trafic sera interrompu entre Paris Gare du Nord et Luzarches. Des bus de remplacement seront disponibles au d\u00e9part de la dalle routi\u00e8re de Paris Nord. Motif\u00a0(travaux sur le r\u00e9seau ferroviaire).<\/p>\n<p>Pontoise. En semaine de soir\u00e9e, du lundi 30\u00a0juin au samedi 26\u00a0septembre, sauf les jours f\u00e9ri\u00e9s, le trafic est interrompu entre Paris Gare du Nord et <a href=\"https:\/\/www.20minutes.fr\/dossier\/pontoise\" class=\"color-ultramarine c-link\" target=\"_blank\" rel=\"noopener\">Pontoise<\/a>. Des bus de remplacement seront disponibles (travaux).<\/p>\n<ul>\n<li>Ligne J. Mantes-la-Jolie \u2013 A partir de 21h15, du lundi 30\u00a0juin au vendredi 8\u00a0ao\u00fbt, sauf le lundi 14\u00a0juillet, les samedis et dimanches. Les deux derniers trains au d\u00e9part de Paris Saint-Lazare et \u00e0 destination de Mantes la Jolie via Conflans Sainte-Honorine sont terminus en gare de Issou Porcheville. Un service de bus de remplacement est mis en place entre Issou Porcheville  Mantes la Jolie, avec desserte des gares interm\u00e9diaires. Le dernier train \u00e0 circuler normalement\u00a0: Paris Saint-Lazare vers Mantes la Jolie via Conflans Sainte-Honorine\u00a0: 21h16. Information compl\u00e9mentaire\u00a0: \u2013 Trafic interrompu entre Paris Saint-Lazare  Mantes la Jolie via Poissy, \u00e0 partir de 21h40, sauf le lundi 14\u00a0juillet, les samedis et dimanches. Un service de bus de remplacement est mis en place entre Sartrouville  Les Mureaux et Sartrouville  Mantes la Jolie, avec desserte des gares interm\u00e9diaires (travaux). \u00c0 noter qu\u2019\u00e0 partir de 21h40, du lundi 30\u00a0juin au vendredi 8\u00a0ao\u00fbt, sauf le lundi 14\u00a0juillet, les samedis et dimanches, le trafic sera interrompu entre Paris Saint-Lazare  Mantes la Jolie via Poissy. Des bus de remplacement seront disponibles entre Sartrouville  Les Mureaux et Sartrouville  Mantes la Jolie.<\/li>\n<li>Les deux derniers trains au d\u00e9part de Paris Saint-Lazare et \u00e0 destination de Mantes la Jolie via Conflans Sainte-Honorine sont terminus en gare de Issou Porcheville. Des bus de remplacement seront disponibles entre Issou Porcheville  Mantes la Jolie (travaux).<\/li>\n<li>Ligne K. Gare du Nord \u2013 jusqu\u2019au vendredi 19\u00a0d\u00e9cembre en soir\u00e9e, le trafic sera interrompu entre Paris Gare du Nord et Cr\u00e9py-en-Valois. D\u00e9part du dernier train KEPY de Paris Nord vers Cr\u00e9py-en-Valois\u00a0: 20h13. Des bus de remplacement seront disponibles entre Mitry Claye et Cr\u00e9py-en-Valois.<\/li>\n<li>Ligne N. Dreux \u2013 A partir de 22h, du lundi 30\u00a0juin au vendredi 4\u00a0juillet, le trafic sera interrompu entre Paris Montparnasse et Dreux. Dernier train de Paris Montparnasse pour Dreux\u00a0: DAPO de 21h58. Dernier train de Dreux pour Paris Montparnasse\u00a0: PADO de 21h52. Des bus de remplacement seront disponibles, avec desserte des gares interm\u00e9diaires (travaux).<\/li>\n<li>Ligne P. Meaux \u2013 Jusqu\u2019au vendredi 4\u00a0juillet, le trafic sera interrompu entre Paris Est et Meaux. Le dernier train PICI de Meaux vers Paris Est est \u00e0 21h50. Le dernier train MICI de Paris Est vers Meaux est \u00e0 22h31. Des bus de remplacement seront disponibles, avec desserte des gares interm\u00e9diaires (travaux).<\/li>\n<\/ul>\n<p>Dimanche 6\u00a0juillet, le trafic sera interrompu entre Paris Est et Meaux. Le dernier train PICI de Meaux vers Paris Est est \u00e0 22h20. Le dernier train MICI de Paris Est vers <a href=\"https:\/\/www.20minutes.fr\/dossier\/meaux\" class=\"color-ultramarine c-link\" target=\"_blank\" rel=\"noopener\">Meaux<\/a> est \u00e0 23h01. Des bus de remplacement seront disponibles, avec desserte des gares interm\u00e9diaires. (travaux).<\/p>\n<p>Ch\u00e2teau-Thierry \u2013 A partir de 22h, jusqu\u2019au vendredi 1er\u00a0ao\u00fbt, le trafic sera interrompu entre Paris Est et Ch\u00e2teau-Thierry. Des bus de remplacement seront disponibles, avec desserte des gares interm\u00e9diaires (travaux).<\/p>\n<p>Provins \u2013 \u00c0 partir de 20h45, du lundi 30\u00a0juin au vendredi 25\u00a0juillet, sauf les week-ends, le trafic sera interrompu entre Paris Est et Provins. Le dernier train PIBU de Provins vers Paris Est part \u00e0 19h46. Le dernier train XIBU de Paris Est vers Provins part \u00e0 19h47. Des bus de remplacement seront disponibles, avec desserte des gares interm\u00e9diaires\u00a0: \u2013 de Torcy RER A \u00e0 Provins\u00a0; \u2013 de Provins \u00e0 Paris Est (travaux).<\/p>\n<ul>\n<li>Ligne R. Montargis \u2013 En semaine, \u00e0 partir de minuit, jusqu\u2019au vendredi 4\u00a0juillet, le trafic est interrompu entre Moret Veneux les S. et Montargis. Des bus de remplacement seront disponibles, avec desserte des gares interm\u00e9diaires.<\/li>\n<\/ul>\n<p>Tramway<\/p>\n<ul>\n<li>T1. Le trafic sera interrompu entre Asni\u00e8res \u2013 Quatre Routes et Gare de Saint-Denis et perturb\u00e9 sur le reste de la ligne en raison d\u2019une d\u00e9gradation par un tiers \u00e0 L\u2019\u00cele-Saint-Denis. Pas de reprise pr\u00e9vue jusqu\u2019\u00e0 nouvel ordre. Des bus de substitution sont mis en place entre Asni\u00e8res \u2013 Gennevilliers \u2013 Les Courtilles et Mairie de Villeneuve-la-Garenne.<\/li>\n<li>T2. Porte de Versailles, jusqu\u2019au 2\u00a0novembre 2025, le trafic sera interrompu entre Porte de Versailles et Suzanne Lenglen (travaux).<\/li>\n<li>Pour rejoindre la Porte de Versailles, depuis Suzanne Lenglen, aller \u00e0 pied la station Balard du T3a.<\/li>\n<li>T13. Saint-Cyr\/Saint-Germain-en-Laye \u2013 Du vendredi 4\u00a0juillet au dimanche 6\u00a0juillet, d\u00e8s 21h00, le trafic est interrompu (travaux).<\/li>\n<\/ul>\n<p><script async src=\"https:\/\/platform.twitter.com\/widgets.js\" charset=\"utf-8\"><\/script><\/p>\n","protected":false},"excerpt":{"rendered":"Du lundi 30\u00a0juin au dimanche 6\u00a0juillet 2025, plusieurs changements sont \u00e0 pr\u00e9voir sur les lignes de la capitale&hellip;\n","protected":false},"author":2,"featured_media":214399,"comment_status":"","ping_status":"","sticky":false,"template":"","format":"standard","meta":{"footnotes":""},"categories":[1592],"tags":[1111,11,1777,674,1011,27,662,12,626,625,1306,25,2215,2803],"class_list":{"0":"post-214398","1":"post","2":"type-post","3":"status-publish","4":"format-standard","5":"has-post-thumbnail","7":"category-ile-de-france","8":"tag-actu","9":"tag-actualites","10":"tag-eu","11":"tag-europe","12":"tag-fr","13":"tag-france","14":"tag-ile-de-france","15":"tag-news","16":"tag-paris","17":"tag-ratp","18":"tag-regions","19":"tag-republique-francaise","20":"tag-sncf","21":"tag-transport"},"share_on_mastodon":{"url":"https:\/\/pubeurope.com\/@fr\/114769287465642453","error":""},"_links":{"self":[{"href":"https:\/\/www.europesays.com\/fr\/wp-json\/wp\/v2\/posts\/214398","targetHints":{"allow":["GET"]}}],"collection":[{"href":"https:\/\/www.europesays.com\/fr\/wp-json\/wp\/v2\/posts"}],"about":[{"href":"https:\/\/www.europesays.com\/fr\/wp-json\/wp\/v2\/types\/post"}],"author":[{"embeddable":true,"href":"https:\/\/www.europesays.com\/fr\/wp-json\/wp\/v2\/users\/2"}],"replies":[{"embeddable":true,"href":"https:\/\/www.europesays.com\/fr\/wp-json\/wp\/v2\/comments?post=214398"}],"version-history":[{"count":0,"href":"https:\/\/www.europesays.com\/fr\/wp-json\/wp\/v2\/posts\/214398\/revisions"}],"wp:featuredmedia":[{"embeddable":true,"href":"https:\/\/www.europesays.com\/fr\/wp-json\/wp\/v2\/media\/214399"}],"wp:attachment":[{"href":"https:\/\/www.europesays.com\/fr\/wp-json\/wp\/v2\/media?parent=214398"}],"wp:term":[{"taxonomy":"category","embeddable":true,"href":"https:\/\/www.europesays.com\/fr\/wp-json\/wp\/v2\/categories?post=214398"},{"taxonomy":"post_tag","embeddable":true,"href":"https:\/\/www.europesays.com\/fr\/wp-json\/wp\/v2\/tags?post=214398"}],"curies":[{"name":"wp","href":"https:\/\/api.w.org\/{rel}","templated":true}]}}