{"id":214400,"date":"2025-06-29T23:38:20","date_gmt":"2025-06-29T23:38:20","guid":{"rendered":"https:\/\/www.europesays.com\/fr\/214400\/"},"modified":"2025-06-29T23:38:20","modified_gmt":"2025-06-29T23:38:20","slug":"psg-inter-miami-la-composition-officielle-des-parisiens-avec-ruiz-et-barcola-titulaires-dembele-remplacant","status":"publish","type":"post","link":"https:\/\/www.europesays.com\/fr\/214400\/","title":{"rendered":"PSG-Inter Miami\u00a0: la composition officielle des Parisiens avec Ruiz et Barcola titulaires, Demb\u00e9l\u00e9 rempla\u00e7ant"},"content":{"rendered":"<p class=\"paragraph text_align_left lp-f-body-02\">Luis Enrique avait annonc\u00e9 en conf\u00e9rence de presse, samedi, que<a href=\"https:\/\/www.leparisien.fr\/sports\/football\/coupe-du-monde-des-clubs\/\" target=\"_blank\" rel=\"noreferrer nofollow noopener\"> la Coupe du monde des clubs<\/a> commen\u00e7ait vraiment ce dimanche avec le 8e de finale contre l\u2019Inter Miami (18 heures, midi heure locale). L\u2019Espagnol a joint les gestes \u00e0 la parole en d\u00e9cidant d\u2019aligner son \u00e9quipe presque type pour affronter la formation de Lionel Messi sur la pelouse du Mercedes-Benz Stadium, l\u2019enceinte climatis\u00e9e d\u2019Atlanta.<\/p>\n<p class=\"paragraph text_align_left lp-f-body-02\">Si le coach <a href=\"https:\/\/www.leparisien.fr\/sports\/football\/psg\/\" target=\"_blank\" rel=\"noreferrer nofollow noopener\">du PSG<\/a> a une nouvelle fois d\u00e9cid\u00e9 de prendre le moins de risques possible avec <a href=\"https:\/\/www.leparisien.fr\/sports\/football\/ousmane-dembele\/\" target=\"_blank\" rel=\"noreferrer nofollow noopener\">Ousmane Demb\u00e9l\u00e9<\/a>, qui d\u00e9marre sur le banc des rempla\u00e7ants, le reste du onze align\u00e9 contre les Am\u00e9ricains est semblable \u00e0 celui qui avait affront\u00e9 l\u2019Atl\u00e9tico de Madrid et Seattle en phase de poules. <\/p>\n<p class=\"paragraph text_align_left lp-f-body-02\">Apr\u00e8s avoir essay\u00e9 Gon\u00e7alo Ramos et Senny Mayulu dans un r\u00f4le de faux num\u00e9ro 9, c\u2019est cette fois-ci Bradley Barcola qui accompagnera Khvicha Kvaratskhelia et D\u00e9sir\u00e9 Dou\u00e9 sur le front de l\u2019attaque. Auteur d\u2019une bonne entr\u00e9e face aux Sounders, avec une passe d\u00e9cisive \u00e0 la cl\u00e9, le num\u00e9ro 29 va apporter un peu de folie et de dynamisme devant.<\/p>\n<p class=\"paragraph text_align_left lp-f-body-02\">Le reste de la composition parisienne ne comporte absolument aucune surprise et l\u2019on retrouve les hommes forts de la saison du PSG. Donnarumma d\u00e9marre dans le but et sera prot\u00e9g\u00e9 par son habituel quatuor d\u00e9fensif avec Achraf Hakimi, Marquinhos, Willian Pacho et Nuno Mendes. Au milieu de terrain, c\u2019est \u00e9galement du classique. Vitinha occupe le poste de sentinelle et pourra compter sur ses habituels partenaires de l\u2019entrejeu, Jo\u00e3o Neves et Fabian Ruiz.<\/p>\n<p class=\"paragraph text_align_left lp-f-body-02\"><b>La composition officielle du PSG :<\/b> Donnarumma \u2013 Hakimi, Marquinhos (cap.), Pacho, Nuno Mendes \u2013 Jo\u00e3o Neves, Vitinha, Fabian Ruiz \u2013 Dou\u00e9, Kvaratskhelia, Barcola.<\/p>\n","protected":false},"excerpt":{"rendered":"Luis Enrique avait annonc\u00e9 en conf\u00e9rence de presse, samedi, que la Coupe du monde des clubs commen\u00e7ait vraiment&hellip;\n","protected":false},"author":2,"featured_media":214401,"comment_status":"","ping_status":"","sticky":false,"template":"","format":"standard","meta":{"footnotes":""},"categories":[1888],"tags":[1111,1928,11,1927,7151,1777,674,63,1011,27,12,1926,626,1925,25,60],"class_list":{"0":"post-214400","1":"post","2":"type-post","3":"status-publish","4":"format-standard","5":"has-post-thumbnail","7":"category-paris","8":"tag-actu","9":"tag-actu-paris","10":"tag-actualites","11":"tag-actualites-paris","12":"tag-coupe-du-monde-des-clubs","13":"tag-eu","14":"tag-europe","15":"tag-football","16":"tag-fr","17":"tag-france","18":"tag-news","19":"tag-news-paris","20":"tag-paris","21":"tag-paris-news","22":"tag-republique-francaise","23":"tag-sports"},"share_on_mastodon":{"url":"https:\/\/pubeurope.com\/@fr\/114769291668093564","error":""},"_links":{"self":[{"href":"https:\/\/www.europesays.com\/fr\/wp-json\/wp\/v2\/posts\/214400","targetHints":{"allow":["GET"]}}],"collection":[{"href":"https:\/\/www.europesays.com\/fr\/wp-json\/wp\/v2\/posts"}],"about":[{"href":"https:\/\/www.europesays.com\/fr\/wp-json\/wp\/v2\/types\/post"}],"author":[{"embeddable":true,"href":"https:\/\/www.europesays.com\/fr\/wp-json\/wp\/v2\/users\/2"}],"replies":[{"embeddable":true,"href":"https:\/\/www.europesays.com\/fr\/wp-json\/wp\/v2\/comments?post=214400"}],"version-history":[{"count":0,"href":"https:\/\/www.europesays.com\/fr\/wp-json\/wp\/v2\/posts\/214400\/revisions"}],"wp:featuredmedia":[{"embeddable":true,"href":"https:\/\/www.europesays.com\/fr\/wp-json\/wp\/v2\/media\/214401"}],"wp:attachment":[{"href":"https:\/\/www.europesays.com\/fr\/wp-json\/wp\/v2\/media?parent=214400"}],"wp:term":[{"taxonomy":"category","embeddable":true,"href":"https:\/\/www.europesays.com\/fr\/wp-json\/wp\/v2\/categories?post=214400"},{"taxonomy":"post_tag","embeddable":true,"href":"https:\/\/www.europesays.com\/fr\/wp-json\/wp\/v2\/tags?post=214400"}],"curies":[{"name":"wp","href":"https:\/\/api.w.org\/{rel}","templated":true}]}}