{"id":214404,"date":"2025-06-29T23:40:17","date_gmt":"2025-06-29T23:40:17","guid":{"rendered":"https:\/\/www.europesays.com\/fr\/214404\/"},"modified":"2025-06-29T23:40:17","modified_gmt":"2025-06-29T23:40:17","slug":"ailleurs-dans-la-mode-masculine-a-paris-willy-chavarria-kolor-et-riefe-2","status":"publish","type":"post","link":"https:\/\/www.europesays.com\/fr\/214404\/","title":{"rendered":"Ailleurs dans la mode masculine \u00e0 Paris : Willy Chavarria, Kolor et Riefe"},"content":{"rendered":"<p class=\"article-content col-md-8 offset-md-1\">\n                                Trois cr\u00e9ateurs ont attir\u00e9 l&rsquo;attention ce week-end \u00e0 Paris pour leurs d\u00e9clarations esth\u00e9tiques audacieuses et leur vision de la direction que prennent les hommes et la mode masculine : Willy Chavarria, <a class=\"fnwAddLinks\" href=\"https:\/\/fr.fashionnetwork.com\/tags-kolor\" title=\"Kolor\" target=\"_blank\" rel=\"noopener\">Kolor<\/a> et Riefe.<\/p>\n<p class=\"col-md-10 exergue\">Willy Chavarria : Retour \u00e0 Huron <\/p>\n<p class=\"col-md-8 offset-md-1\">Willy Chavarria est retourn\u00e9 \u00e0 ses racines, faisant r\u00e9f\u00e9rence \u00e0 Huron, sa ville natale en Californie, dans un d\u00e9fil\u00e9 qui s&rsquo;oppose \u00e0 l&rsquo;intol\u00e9rance n\u00e9o-fasciste de l&rsquo;Am\u00e9rique d&rsquo;aujourd&rsquo;hui.<\/p>\n<p><a class=\"btn btn-dark\" target=\"_blank\" href=\"https:\/\/fr.fashionnetwork.com\/galeries\/photos\/Willy-Chavarria,72304.html\" rel=\"noopener\">Voir le d\u00e9fil\u00e9<\/a><img decoding=\"async\" class=\"news-image\" style=\"width:100%;max-width:645px;\" src=\"https:\/\/www.europesays.com\/fr\/wp-content\/uploads\/2025\/06\/ed89.jpg\" alt=\"Willy Chavarria - Spring-Summer2026 - Menswear - France - Paris\" loading=\"lazy\"\/>Willy Chavarria &#8211; Spring-Summer2026 &#8211; Menswear &#8211; France &#8211; Paris &#8211; \u00a9Launchmetrics\/spotlight<\/p>\n<p class=\"col-md-8 offset-md-1 article-content--texte\">De mani\u00e8re dramatique, le spectacle \u00e0 l&rsquo;int\u00e9rieur de la salle de concert Pleyel s&rsquo;est ouvert avec 35 membres de la troupe apparaissant dans la m\u00eame tenue de prison allong\u00e9e en T-shirt blanc port\u00e9e par les personnes brutalement enlev\u00e9es et expuls\u00e9es vers le Salvador par l&rsquo;administration Trump. Le spectacle de Willy \u00e9tait soutenu par l&rsquo;Union am\u00e9ricaine pour les libert\u00e9s civiles (ACLU), raison pour laquelle on pouvait lire sur chaque T-shirt : \u00ab\u00a0L&rsquo;ACLU ose cr\u00e9er une union plus parfaite &#8211; au-del\u00e0 d&rsquo;une personne, d&rsquo;un parti ou d&rsquo;un camp\u00a0\u00bb.<\/p>\n<p>Une sc\u00e8ne qui fait \u00e9cho \u00e0 la vid\u00e9o tristement c\u00e9l\u00e8bre de la secr\u00e9taire \u00e0 la s\u00e9curit\u00e9 int\u00e9rieure, Kristi Noem, se vantant vulgairement d&rsquo;avoir expuls\u00e9 des centaines de V\u00e9n\u00e9zu\u00e9liens des \u00c9tats-Unis vers une prison brutale sans aucune proc\u00e9dure r\u00e9guli\u00e8re. L&rsquo;une des pages les plus sordides de l&rsquo;histoire r\u00e9cente des \u00c9tats-Unis.<\/p>\n<p class=\"col-md-8 offset-md-1 article-content--texte\">\u00ab\u00a0Le luxe ne m&rsquo;int\u00e9resse pas en tant que symbole de privil\u00e8ge. Je m&rsquo;int\u00e9resse au luxe en tant que symbole de la v\u00e9rit\u00e9 de son propre caract\u00e8re. Une coupe exquise et un savoir-faire artisanal port\u00e9s dans le but d&rsquo;\u00e9lever l&rsquo;intention personnelle &#8211; c&rsquo;est le pouvoir. C&rsquo;est \u00e7a la mode\u00a0\u00bb, a d\u00e9clar\u00e9 Chavarria, apr\u00e8s un d\u00e9fil\u00e9 refl\u00e9tant la d\u00e9shumanisation du traitement r\u00e9serv\u00e9 aux immigrants aux \u00c9tats-Unis.<br class=\"clear\"\/><\/p>\n<p><a class=\"btn btn-dark\" target=\"_blank\" href=\"https:\/\/fr.fashionnetwork.com\/galeries\/photos\/Willy-Chavarria,72304.html\" rel=\"noopener\">Voir le d\u00e9fil\u00e9<\/a><img decoding=\"async\" class=\"news-image\" style=\"width:100%;max-width:645px;\" src=\"https:\/\/www.europesays.com\/fr\/wp-content\/uploads\/2025\/06\/f9e4.jpg\" alt=\"Willy Chavarria - Spring-Summer2026 - Menswear - France - Paris\" loading=\"lazy\"\/>Willy Chavarria &#8211; Spring-Summer2026 &#8211; Menswear &#8211; France &#8211; Paris &#8211; \u00a9Launchmetrics\/spotlight<\/p>\n<p class=\"col-md-8 offset-md-1 article-content--texte\">Sur le podium, Willy a r\u00e9pondu avec un tailoring raffin\u00e9 et des tissus de grande classe, fabriqu\u00e9s en Italie et exclusivement coup\u00e9s dans des formes volumineuses.<\/p>\n<p>Pour les femmes, des robes trench-coat et des tailleurs pantalons masculins, des jupes crayon et des colonnes de d\u00e9esse de l&rsquo;\u00e9cran. Le tout dans des couleurs vives &#8211; papaye, bleu Bourdin, rouge vif, turquoise choc, jaune canari. Pour les hommes, une silhouette masculine Chilango, une coupe hyper indulgente et une silhouette allong\u00e9e pour beaucoup de drame.<\/p>\n<p>Avant que le show ne se transforme en une pr\u00e9sentation de la troisi\u00e8me expression de sa collaboration <a class=\"fnwAddLinks\" href=\"https:\/\/fr.fashionnetwork.com\/tags-adidas\" title=\"Adidas\" target=\"_blank\" rel=\"noopener\">Adidas<\/a> Originals x Willy Chavarria. On l&rsquo;a vu dans de nombreux hauts \u00e0 logo graphique, des pantalons cargo diaphanes, des gilets et des jerkins \u00e0 triple rayure. Ainsi qu&rsquo;un nouveau mod\u00e8le de course \u00e0 pied Originals x Willy Chavarria avec la Megaride AG et la Megaride AG XL.<\/p>\n<p>Une d\u00e9claration politique admirable \u00e0 un moment o\u00f9 des hommes masqu\u00e9s sont charg\u00e9s d&rsquo;arr\u00eater et d&rsquo;expulser toute personne susceptible de se mettre en travers du chemin du gouvernement n\u00e9o-fasciste de Trump.<\/p>\n<p>Ainsi, m\u00eame si ce n&rsquo;est peut-\u00eatre pas le plus grand d\u00e9fil\u00e9 de Chavarria \u00e0 ce jour, \u00e9tant donn\u00e9 qu&rsquo;il marche sur un terrain familier, il s&rsquo;agit d&rsquo;une d\u00e9claration politique puissante et tr\u00e8s correcte.<\/p>\n<p class=\"col-md-10 exergue\">Kolor, un coup de pied au cul<\/p>\n<p class=\"col-md-8 offset-md-1\">Ce week-end a marqu\u00e9 le premier d\u00e9fil\u00e9 du nouveau directeur de la cr\u00e9ation, Taro Horiuchi, pour la maison Kolor, \u00e0 l&rsquo;esprit cool et d\u00e9cal\u00e9, et ce fut sans aucun doute un premier d\u00e9fil\u00e9 tr\u00e8s r\u00e9ussi.<\/p>\n<p><a class=\"btn btn-dark\" target=\"_blank\" href=\"https:\/\/fr.fashionnetwork.com\/galeries\/photos\/Kolor,72337.html\" rel=\"noopener\">Voir le d\u00e9fil\u00e9<\/a><img decoding=\"async\" class=\"news-image\" style=\"width:100%;max-width:645px;\" src=\"https:\/\/www.europesays.com\/fr\/wp-content\/uploads\/2025\/06\/fa79.jpg\" alt=\"Kolor - Printemps-\u00c9t\u00e9 2026 - Homme - France - Paris\" loading=\"lazy\"\/>Kolor &#8211; Printemps-\u00c9t\u00e9 2026 &#8211; Homme &#8211; France &#8211; Paris &#8211; \u00a9Launchmetrics\/spotlight<\/p>\n<p class=\"col-md-8 offset-md-1 article-content--texte\">Le fondateur Junichi Abe a quitt\u00e9 Kolor la saison derni\u00e8re, lors d&rsquo;un dernier d\u00e9fil\u00e9 \u00e0 l&rsquo;int\u00e9rieur du quartier g\u00e9n\u00e9ral communiste aux allures de bunker, dans le nord de Paris. Horiuchi a choisi un jardin ensoleill\u00e9 dans le c\u00e9l\u00e8bre cinqui\u00e8me arrondissement, qui se trouve \u00eatre le centre pour enfants sourds.<\/p>\n<p>L&rsquo;objectif du designer \u00e9tait de m\u00e9langer les sports actifs et le style trail pour en faire quelque chose de cool, et dans l&rsquo;ensemble, il a tr\u00e8s bien r\u00e9ussi. Il a associ\u00e9 des blazers en coton dignes d&rsquo;une plantation \u00e0 des hauts en maille technique pour la course \u00e0 pied, ou a plac\u00e9 des gilets d&rsquo;alpiniste l\u00e9gers sous des trenchs flottants.<\/p>\n<p>Pour les femmes, l&rsquo;association d&rsquo;un chemisier \u00e0 froufrous et d&rsquo;un gilet de randonneur, ou la transformation d&rsquo;une parka en nylon en un fourreau sexy. Tous ces \u00e9l\u00e9ments ont un impact visuel tr\u00e8s fort.<\/p>\n<p>Lors d&rsquo;un d\u00e9fil\u00e9 mixte, les hommes et les femmes portaient des v\u00eatements interchangeables, sauf le soir, o\u00f9 Horiuchi a ajout\u00e9 des tonnes de tulle \u00e0 des cocktails techniques en gabardine.<\/p>\n<p><a class=\"btn btn-dark\" target=\"_blank\" href=\"https:\/\/fr.fashionnetwork.com\/galeries\/photos\/Kolor,72337.html\" rel=\"noopener\">Voir le d\u00e9fil\u00e9<\/a><img decoding=\"async\" class=\"news-image\" style=\"width:100%;max-width:645px;\" src=\"https:\/\/www.europesays.com\/fr\/wp-content\/uploads\/2025\/06\/89f2.jpg\" alt=\"Kolor - Printemps-\u00c9t\u00e9 2026 - Homme - France - Paris\" loading=\"lazy\"\/>Kolor &#8211; Printemps-\u00c9t\u00e9 2026 &#8211; Homme &#8211; France &#8211; Paris &#8211; \u00a9Launchmetrics\/spotlight<\/p>\n<p class=\"col-md-8 offset-md-1 article-content--texte\">Un d\u00e9fil\u00e9 qui s&rsquo;impose gr\u00e2ce \u00e0 l&rsquo;habilet\u00e9 du styliste Camille Bidault Waddington. La mise en sc\u00e8ne s&rsquo;est faite devant une bande de fashionistas fran\u00e7aises et de fashionistas funky tr\u00e8s cool, soutenue par une bande-son de premier ordre comprenant des morceaux comme \u00ab\u00a0Toxic Waste\u00a0\u00bb de Diggy.<\/p>\n<p>N\u00e9 \u00e0 Tokyo, Horiuchi est dipl\u00f4m\u00e9 de l&rsquo;Acad\u00e9mie royale des beaux-arts d&rsquo;Anvers et a remport\u00e9 l&rsquo;International Talent Support <a class=\"fnwAddLinks\" href=\"https:\/\/fr.fashionnetwork.com\/tags-diesel\" title=\"Diesel\" target=\"_blank\" rel=\"noopener\">Diesel<\/a> Award. Jusqu&rsquo;\u00e0 aujourd&rsquo;hui, Taro a dirig\u00e9 sa propre marque \u00e9ponyme, tout en contribuant \u00e9galement \u00e0 Muji Labo.<\/p>\n<p>\u00ab\u00a0Le voyage dans le temps, l&rsquo;humour chic, les heures, les vagues\u00a0\u00bb, tel est le commentaire sibyllin de Horiuchi sur ses cr\u00e9ations.<\/p>\n<p>Abe a fond\u00e9 Kolor en 2004, apr\u00e8s avoir \u00e9tudi\u00e9 \u00e0 l&rsquo;\u00e9cole de mode Bunka et travaill\u00e9 pour <a class=\"fnwAddLinks\" href=\"https:\/\/fr.fashionnetwork.com\/tags-comme-des-garcons\" title=\"Comme des Garcons\" target=\"_blank\" rel=\"noopener\">Comme des Garcons<\/a> et <a class=\"fnwAddLinks\" href=\"https:\/\/fr.fashionnetwork.com\/tags-junya-watanabe\" title=\"Junya Watanabe\" target=\"_blank\" rel=\"noopener\">Junya Watanabe<\/a>. Aujourd&rsquo;hui, il a trouv\u00e9 un digne successeur. En r\u00e9sum\u00e9, ce d\u00e9fil\u00e9 a \u00e9t\u00e9 un v\u00e9ritable triomphe. Taro Horiuchi est arriv\u00e9.<\/p>\n<p class=\"col-md-10 exergue\">Riefe : Des bijoux rock de Tokyo \u00e0 l&rsquo;Isle St Louis<\/p>\n<p class=\"col-md-8 offset-md-1\">Un peu de rock&rsquo;n&rsquo;roll, un soup\u00e7on d&rsquo;attitude et le design d\u00e9cal\u00e9 du Japon, et vous obtenez Riefe, une collection de bijoux cool de Rie Harui.<\/p>\n<p><a class=\"btn btn-dark\" target=\"_blank\" href=\"https:\/\/fr.fashionnetwork.com\/galeries\/photos\/Yohji-Yamamoto,72256.html\" rel=\"noopener\">Voir le d\u00e9fil\u00e9<\/a><img decoding=\"async\" class=\"news-image\" style=\"width:100%;max-width:645px;\" src=\"https:\/\/www.europesays.com\/fr\/wp-content\/uploads\/2025\/06\/1f83.jpg\" alt=\"Yohji Yamamoto - Printemps-\u00c9t\u00e9 2026 - Homme - France - Paris\" loading=\"lazy\"\/>Yohji Yamamoto &#8211; Printemps-\u00c9t\u00e9 2026 &#8211; Homme &#8211; France &#8211; Paris &#8211; \u00a9Launchmetrics\/spotlight<\/p>\n<p class=\"col-md-8 offset-md-1 article-content--texte\">Rie Harui a d\u00e9voil\u00e9 sa derni\u00e8re collection dans un joli showroom de l&rsquo;Ile St Louis, surplombant la Seine. Pr\u00e9sent\u00e9e dans de minuscules bacs d&rsquo;argent remplis d&rsquo;eau, chaque bijou \u00e9tait positionn\u00e9 sur des blocs de b\u00e9ton.<\/p>\n<p>Au cours d&rsquo;une semaine bien remplie, Harui a \u00e9galement cr\u00e9\u00e9 des bijoux pour le prochain d\u00e9fil\u00e9 de mode masculine de <a class=\"fnwAddLinks\" href=\"https:\/\/fr.fashionnetwork.com\/tags-yohji-yamamoto\" title=\"Yohji Yamamoto\" target=\"_blank\" rel=\"noopener\">Yohji Yamamoto<\/a>, qui a eu lieu jeudi dans le QG fran\u00e7ais du ma\u00eetre japonais, dans le Marais.<\/p>\n<p>Harui travaille avec Yohji depuis 2021, attir\u00e9e par son m\u00e9lange d&rsquo;artisanat japonais et de design dynamique. Elle cr\u00e9e des bracelets en maillons rectangulaires en argent ou en or blanc, y ajoute des pierres pr\u00e9cieuses scintillantes et fait la part belle aux colliers de perles modernistes.<\/p>\n<p>En clair, le meilleur nouveau bijoutier de la mode masculine depuis plusieurs saisons.\n                            <\/p>\n<p>\n                                Cet article est une traduction automatique.<br \/>\n                                    <a href=\"https:\/\/ww.fashionnetwork.com\/news\/Elsewhere-in-paris-menswear-willy-chavarria-kolor-and-riefe,1744746.html\" target=\"_blank\" rel=\"noopener\">Cliquez ici<\/a> pour consulter l&rsquo;article d&rsquo;origine.\n                            <\/p>\n<p>\n                                Tous droits de reproduction et de repr\u00e9sentation r\u00e9serv\u00e9s.<br \/>\u00a9 2025 FashionNetwork.com\n                            <\/p>\n","protected":false},"excerpt":{"rendered":"Trois cr\u00e9ateurs ont attir\u00e9 l&rsquo;attention ce week-end \u00e0 Paris pour leurs d\u00e9clarations esth\u00e9tiques audacieuses et leur vision de&hellip;\n","protected":false},"author":2,"featured_media":214403,"comment_status":"","ping_status":"","sticky":false,"template":"","format":"standard","meta":{"footnotes":""},"categories":[1888],"tags":[11,25770,2424,15566,537,2423,35383,1777,674,1011,27,26583,35012,24452,2425,985,12,2298,626,4767,2426,2427,25,2421,2422,24446],"class_list":{"0":"post-214404","1":"post","2":"type-post","3":"status-publish","4":"format-standard","5":"has-post-thumbnail","7":"category-paris","8":"tag-actualites","9":"tag-adidas","10":"tag-beaute","11":"tag-comme-des-garcons","12":"tag-contact","13":"tag-cosmetiques","14":"tag-diesel","15":"tag-eu","16":"tag-europe","17":"tag-fr","18":"tag-france","19":"tag-its","20":"tag-junya-watanabe","21":"tag-kolor","22":"tag-luxe","23":"tag-mode","24":"tag-news","25":"tag-parfum","26":"tag-paris","27":"tag-printemps","28":"tag-professionnel","29":"tag-professionnels","30":"tag-republique-francaise","31":"tag-reseau","32":"tag-textile","33":"tag-yohji-yamamoto"},"share_on_mastodon":{"url":"https:\/\/pubeurope.com\/@fr\/114769299089483452","error":""},"_links":{"self":[{"href":"https:\/\/www.europesays.com\/fr\/wp-json\/wp\/v2\/posts\/214404","targetHints":{"allow":["GET"]}}],"collection":[{"href":"https:\/\/www.europesays.com\/fr\/wp-json\/wp\/v2\/posts"}],"about":[{"href":"https:\/\/www.europesays.com\/fr\/wp-json\/wp\/v2\/types\/post"}],"author":[{"embeddable":true,"href":"https:\/\/www.europesays.com\/fr\/wp-json\/wp\/v2\/users\/2"}],"replies":[{"embeddable":true,"href":"https:\/\/www.europesays.com\/fr\/wp-json\/wp\/v2\/comments?post=214404"}],"version-history":[{"count":0,"href":"https:\/\/www.europesays.com\/fr\/wp-json\/wp\/v2\/posts\/214404\/revisions"}],"wp:featuredmedia":[{"embeddable":true,"href":"https:\/\/www.europesays.com\/fr\/wp-json\/wp\/v2\/media\/214403"}],"wp:attachment":[{"href":"https:\/\/www.europesays.com\/fr\/wp-json\/wp\/v2\/media?parent=214404"}],"wp:term":[{"taxonomy":"category","embeddable":true,"href":"https:\/\/www.europesays.com\/fr\/wp-json\/wp\/v2\/categories?post=214404"},{"taxonomy":"post_tag","embeddable":true,"href":"https:\/\/www.europesays.com\/fr\/wp-json\/wp\/v2\/tags?post=214404"}],"curies":[{"name":"wp","href":"https:\/\/api.w.org\/{rel}","templated":true}]}}