{"id":214405,"date":"2025-06-29T23:41:09","date_gmt":"2025-06-29T23:41:09","guid":{"rendered":"https:\/\/www.europesays.com\/fr\/214405\/"},"modified":"2025-06-29T23:41:09","modified_gmt":"2025-06-29T23:41:09","slug":"previsions-du-lundi-30-juin-2025-11","status":"publish","type":"post","link":"https:\/\/www.europesays.com\/fr\/214405\/","title":{"rendered":"pr\u00e9visions du lundi 30 juin 2025"},"content":{"rendered":"<p>Un splendide soleil brillera sur Paris, o\u00f9 la journ\u00e9e sera des plus agr\u00e9ables. Les valeurs afficheront entre 21\u00b0C et 37\u00b0C, donnant aux habitants l&rsquo;occasion d&rsquo;appr\u00e9cier la saison estivale. Les temp\u00e9ratures maximales attendues le matin sont \u00e9lev\u00e9es, avec 34\u00b0C. Un vent de nord-est soufflera l\u00e9g\u00e8rement, avec 6 km\/h. Les temp\u00e9ratures vont conna\u00eetre une augmentation de plusieurs degr\u00e9s dans l&rsquo;apr\u00e8s-midi. Les vacanciers comme les locaux pourront enfiler sandales et chapeau. De tr\u00e8s fortes chaleurs (entre 36\u00b0C et 37\u00b0C) sont pr\u00e9vues. Attention \u00e0 la vague de chaleur au cours de la soir\u00e9e. Des valeurs de 30 \u00e0 35\u00b0C sont annonc\u00e9es. On passera de lundi \u00e0 mardi par une nuit claire.<\/p>\n<p>Demain, un beau soleil brillera sur Paris. Le temps va se r\u00e9chauffer avec une hausse de quelques degr\u00e9s pour un \u00e9t\u00e9 chaud. Les temp\u00e9ratures \u00e9volueront entre 23 et 38\u2009\u00b0C. Un vent de nord-ouest rafra\u00eechira sensiblement l&rsquo;atmosph\u00e8re. La ville va subir, le matin, un passage d&rsquo;importantes chaleurs avec des valeurs qui atteindront parfois les 35\u00b0C. Les temp\u00e9ratures, plus estivales, vont enregistrer une augmentation de plusieurs degr\u00e9s pendant l&rsquo;apr\u00e8s-midi. La ville va p\u00e2tir des grosses chaleurs avec des temp\u00e9ratures qui devraient monter \u00e0 38\u00b0C. Les fortes chaleurs sont pr\u00e9sentes. Avec des valeurs \u00e9chelonn\u00e9es entre 30 et 36\u00b0C.<\/p>\n<p>Peu d&rsquo;\u00e9volutions pour la suite. Un ciel ensoleill\u00e9, pour des temp\u00e9ratures de 32\u00b0C environ, est \u00e0 pr\u00e9voir.<\/p>\n<p>N&rsquo;oubliez pas de boire r\u00e9guli\u00e8rement, m\u00eame si vous n&rsquo;avez pas soif, durant ces jours de fortes chaleurs. Evitez de vous exposer entre 12h et 16h et faites particuli\u00e8rement attention aux personnes les plus fragiles comme les seniors ou les nouveau-n\u00e9s.<\/p>\n","protected":false},"excerpt":{"rendered":"Un splendide soleil brillera sur Paris, o\u00f9 la journ\u00e9e sera des plus agr\u00e9ables. Les valeurs afficheront entre 21\u00b0C&hellip;\n","protected":false},"author":2,"featured_media":214406,"comment_status":"","ping_status":"","sticky":false,"template":"","format":"standard","meta":{"footnotes":""},"categories":[1888],"tags":[11,1777,674,1011,27,662,12,626,2119,25],"class_list":{"0":"post-214405","1":"post","2":"type-post","3":"status-publish","4":"format-standard","5":"has-post-thumbnail","7":"category-paris","8":"tag-actualites","9":"tag-eu","10":"tag-europe","11":"tag-fr","12":"tag-france","13":"tag-ile-de-france","14":"tag-news","15":"tag-paris","16":"tag-previsions-meteo","17":"tag-republique-francaise"},"share_on_mastodon":{"url":"https:\/\/pubeurope.com\/@fr\/114769302877552706","error":""},"_links":{"self":[{"href":"https:\/\/www.europesays.com\/fr\/wp-json\/wp\/v2\/posts\/214405","targetHints":{"allow":["GET"]}}],"collection":[{"href":"https:\/\/www.europesays.com\/fr\/wp-json\/wp\/v2\/posts"}],"about":[{"href":"https:\/\/www.europesays.com\/fr\/wp-json\/wp\/v2\/types\/post"}],"author":[{"embeddable":true,"href":"https:\/\/www.europesays.com\/fr\/wp-json\/wp\/v2\/users\/2"}],"replies":[{"embeddable":true,"href":"https:\/\/www.europesays.com\/fr\/wp-json\/wp\/v2\/comments?post=214405"}],"version-history":[{"count":0,"href":"https:\/\/www.europesays.com\/fr\/wp-json\/wp\/v2\/posts\/214405\/revisions"}],"wp:featuredmedia":[{"embeddable":true,"href":"https:\/\/www.europesays.com\/fr\/wp-json\/wp\/v2\/media\/214406"}],"wp:attachment":[{"href":"https:\/\/www.europesays.com\/fr\/wp-json\/wp\/v2\/media?parent=214405"}],"wp:term":[{"taxonomy":"category","embeddable":true,"href":"https:\/\/www.europesays.com\/fr\/wp-json\/wp\/v2\/categories?post=214405"},{"taxonomy":"post_tag","embeddable":true,"href":"https:\/\/www.europesays.com\/fr\/wp-json\/wp\/v2\/tags?post=214405"}],"curies":[{"name":"wp","href":"https:\/\/api.w.org\/{rel}","templated":true}]}}