{"id":214408,"date":"2025-06-29T23:43:10","date_gmt":"2025-06-29T23:43:10","guid":{"rendered":"https:\/\/www.europesays.com\/fr\/214408\/"},"modified":"2025-06-29T23:43:10","modified_gmt":"2025-06-29T23:43:10","slug":"volodymyr-zelensky-signe-un-decret-en-vue-de-renoncer-a-interdire-les-mines-antipersonnel","status":"publish","type":"post","link":"https:\/\/www.europesays.com\/fr\/214408\/","title":{"rendered":"Volodymyr Zelensky signe un d\u00e9cret en vue de renoncer \u00e0 interdire les mines antipersonnel"},"content":{"rendered":"<p>Le pr\u00e9sident ukrainien Volodymyr Zelensky a annonc\u00e9 dimanche avoir sign\u00e9 un d\u00e9cret pr\u00e9voyant le retrait de l&rsquo;Ukraine de la Convention d&rsquo;Ottawa interdisant la production et l&rsquo;utilisation de mines antipersonnel. Une proc\u00e9dure \u00ab\u00a0complexe lorsqu&rsquo;elle est mise en oeuvre en temps de guerre\u00a0\u00bb, reconna\u00eet-il.<\/p>\n<p>Un retrait de l&rsquo;<a href=\"https:\/\/www.france24.com\/fr\/tag\/ukraine\/\" class=\"link \" rel=\"nofollow noopener\" target=\"_blank\" data-ylk=\"slk:Ukraine;elm:context_link;itc:0;sec:content-canvas\">Ukraine<\/a> de la Convention d&rsquo;Ottawa interdisant les <a href=\"https:\/\/www.france24.com\/fr\/tag\/mines-antipersonnel\/\" rel=\"nofollow noopener\" target=\"_blank\" data-ylk=\"slk:mines antipersonnel;elm:context_link;itc:0;sec:content-canvas\" class=\"link \">mines antipersonnel<\/a> est engag\u00e9. Le pr\u00e9sident <a href=\"https:\/\/www.france24.com\/fr\/tag\/volodymyr-zelensky\/\" class=\"link \" rel=\"nofollow noopener\" target=\"_blank\" data-ylk=\"slk:Volodymyr Zelensky;elm:context_link;itc:0;sec:content-canvas\">Volodymyr Zelensky<\/a> a sign\u00e9, dimanche 29 juin, un d\u00e9cret \u00e0 cette fin, plus de trois ans apr\u00e8s le d\u00e9but de l&rsquo;invasion du pays par la <a href=\"https:\/\/www.france24.com\/fr\/tag\/russie\/\" class=\"link \" rel=\"nofollow noopener\" target=\"_blank\" data-ylk=\"slk:Russie;elm:context_link;itc:0;sec:content-canvas\">Russie<\/a>, qui utilise, quant \u00e0 elle, ces charges explosives.<\/p>\n<p>\u00ab\u00a0Je d\u00e9cide de faire entrer en vigueur la d\u00e9cision du Conseil national de s\u00e9curit\u00e9 et de d\u00e9fense de l&rsquo;Ukraine du 29 juin 2025 sur le retrait de l&rsquo;Ukraine de la Convention sur l&rsquo;interdiction de l&#8217;emploi, du stockage, de la production et du transfert des mines antipersonnel et sur leur destruction du 18 septembre 1997\u00a0\u00bb, peut-on lire dans ce d\u00e9cret publi\u00e9 sur le site internet de la pr\u00e9sidence.<\/p>\n<p>Il reste toutefois plusieurs \u00e9tapes avant un retrait effectif : que le parlement ukrainien, la Rada, vote en faveur d&rsquo;une telle d\u00e9cision et que Kiev la notifie ensuite \u00e0 l&rsquo;ONU. Et le retrait prendrait normalement effet un semestre apr\u00e8s cette notification.<\/p>\n<p>Le Comit\u00e9 international de la Croix-Rouge (CICR) avait d\u00e9nonc\u00e9 un \u00ab\u00a0dangereux recul pour la protection des civils dans les conflits arm\u00e9s\u00a0\u00bb.<\/p>\n<p>Avec AFP<\/p>\n<p><a href=\"https:\/\/www.france24.com\/fr\/europe\/20250629-ukraine-volodymyr-zelensky-signe-d%C3%A9cret-renoncer-%C3%A0-interdire-mines-antipersonnel-convention-ottawa-russie-invasion\" rel=\"nofollow noopener\" target=\"_blank\" data-ylk=\"slk:Lire la suite sur FRANCE 24;elm:context_link;itc:0;sec:content-canvas\" class=\"link \">Lire la suite sur FRANCE 24<\/a><\/p>\n<p>Lire aussi:<br \/><a href=\"https:\/\/www.france24.com\/fr\/info-en-continu\/20241120-washington-justifie-l-envoi-de-mines-antipersonnel-%C3%A0-l-ukraine-pour-stopper-les-avanc%C3%A9es-russes\" rel=\"nofollow noopener\" target=\"_blank\" data-ylk=\"slk:Ukraine : les \u00c9tats-Unis justifient l&#039;envoi de mines antipersonnel pour stopper les avanc\u00e9es russes;elm:context_link;itc:0;sec:content-canvas\" class=\"link \">Ukraine : les \u00c9tats-Unis justifient l&rsquo;envoi de mines antipersonnel pour stopper les avanc\u00e9es russes<\/a><br \/><a href=\"https:\/\/www.france24.com\/fr\/europe\/20230724-ukraine-centim%C3%A8tre-apr%C3%A8s-centim%C3%A8tre-aux-c%C3%B4t%C3%A9s-des-d%C3%A9mineurs-pr%C3%A8s-de-la-ligne-de-front\" rel=\"nofollow noopener\" target=\"_blank\" data-ylk=\"slk:Ukraine : centim\u00e8tre apr\u00e8s centim\u00e8tre, aux c\u00f4t\u00e9s des d\u00e9mineurs pr\u00e8s de la ligne de front;elm:context_link;itc:0;sec:content-canvas\" class=\"link \">Ukraine : centim\u00e8tre apr\u00e8s centim\u00e8tre, aux c\u00f4t\u00e9s des d\u00e9mineurs pr\u00e8s de la ligne de front<\/a><\/p>\n","protected":false},"excerpt":{"rendered":"Le pr\u00e9sident ukrainien Volodymyr Zelensky a annonc\u00e9 dimanche avoir sign\u00e9 un d\u00e9cret pr\u00e9voyant le retrait de l&rsquo;Ukraine de&hellip;\n","protected":false},"author":2,"featured_media":214409,"comment_status":"","ping_status":"","sticky":false,"template":"","format":"standard","meta":{"footnotes":""},"categories":[1590],"tags":[11,35385,35058,1777,674,35384,12,220,17406],"class_list":{"0":"post-214408","1":"post","2":"type-post","3":"status-publish","4":"format-standard","5":"has-post-thumbnail","7":"category-ukraine","8":"tag-actualites","9":"tag-convention-dottawa","10":"tag-decret","11":"tag-eu","12":"tag-europe","13":"tag-mines-antipersonnel","14":"tag-news","15":"tag-ukraine","16":"tag-volodymyr"},"share_on_mastodon":{"url":"https:\/\/pubeurope.com\/@fr\/114769310784251137","error":""},"_links":{"self":[{"href":"https:\/\/www.europesays.com\/fr\/wp-json\/wp\/v2\/posts\/214408","targetHints":{"allow":["GET"]}}],"collection":[{"href":"https:\/\/www.europesays.com\/fr\/wp-json\/wp\/v2\/posts"}],"about":[{"href":"https:\/\/www.europesays.com\/fr\/wp-json\/wp\/v2\/types\/post"}],"author":[{"embeddable":true,"href":"https:\/\/www.europesays.com\/fr\/wp-json\/wp\/v2\/users\/2"}],"replies":[{"embeddable":true,"href":"https:\/\/www.europesays.com\/fr\/wp-json\/wp\/v2\/comments?post=214408"}],"version-history":[{"count":0,"href":"https:\/\/www.europesays.com\/fr\/wp-json\/wp\/v2\/posts\/214408\/revisions"}],"wp:featuredmedia":[{"embeddable":true,"href":"https:\/\/www.europesays.com\/fr\/wp-json\/wp\/v2\/media\/214409"}],"wp:attachment":[{"href":"https:\/\/www.europesays.com\/fr\/wp-json\/wp\/v2\/media?parent=214408"}],"wp:term":[{"taxonomy":"category","embeddable":true,"href":"https:\/\/www.europesays.com\/fr\/wp-json\/wp\/v2\/categories?post=214408"},{"taxonomy":"post_tag","embeddable":true,"href":"https:\/\/www.europesays.com\/fr\/wp-json\/wp\/v2\/tags?post=214408"}],"curies":[{"name":"wp","href":"https:\/\/api.w.org\/{rel}","templated":true}]}}