{"id":214414,"date":"2025-06-29T23:46:12","date_gmt":"2025-06-29T23:46:12","guid":{"rendered":"https:\/\/www.europesays.com\/fr\/214414\/"},"modified":"2025-06-29T23:46:12","modified_gmt":"2025-06-29T23:46:12","slug":"allemagne-rtl-group-rachete-les-activites-germanophones-de-sky","status":"publish","type":"post","link":"https:\/\/www.europesays.com\/fr\/214414\/","title":{"rendered":"Allemagne : RTL Group rach\u00e8te les activit\u00e9s germanophones de Sky"},"content":{"rendered":"<p>Le groupe de m\u00e9dias allemand RTL Group (Bertelsmann) va acqu\u00e9rir les activit\u00e9s de son rival europ\u00e9en Sky (Comcast) dans la zone germanophone, avec l\u2019objectif d\u2019\u00e9tablir un concurrent europ\u00e9en aux g\u00e9ants mondiaux du streaming.<\/p>\n<p>RTL vient en effet de signer un accord d\u00e9finitif pour acqu\u00e9rir l\u2019offre du groupe Sky en Allemagne, en Autriche, en Suisse et au Luxembourg.<\/p>\n<p>L\u2019offre de sports de Sky, qui d\u00e9tient notamment les droits du championnat de football allemand et anglais ainsi que de la Formule 1, s\u2019ajoutera aux cha\u00eenes d\u2019information et de divertissement de RTL Group.<\/p>\n<p>Avec leurs plateformes de streaming respectives, WOW et RTL+, la future entreprise rassemblera au total 11,5 millions d\u2019abonn\u00e9s.<\/p>\n<p>150 millions d\u2019euros<\/p>\n<p>L\u2019am\u00e9ricain Comcast, soci\u00e9t\u00e9 m\u00e8re de Sky, recevra un montant fixe de 150 millions d\u2019euros, auquel pourra s\u2019ajouter dans les cinq ann\u00e9es \u00e0 venir une part variable allant jusqu\u2019\u00e0 377 millions d\u2019euros en fonction de la performance de l\u2019action RTL.<\/p>\n<p>Les deux entreprises resteront ind\u00e9pendantes l\u2019une de l\u2019autre jusqu\u2019\u00e0 la validation des autorit\u00e9s financi\u00e8res, attendue pour 2026.<\/p>\n","protected":false},"excerpt":{"rendered":"Le groupe de m\u00e9dias allemand RTL Group (Bertelsmann) va acqu\u00e9rir les activit\u00e9s de son rival europ\u00e9en Sky (Comcast)&hellip;\n","protected":false},"author":2,"featured_media":214415,"comment_status":"","ping_status":"","sticky":false,"template":"","format":"standard","meta":{"footnotes":""},"categories":[1587],"tags":[11,672,1804,1805,1803,1777,674,1801,14,12,1802],"class_list":{"0":"post-214414","1":"post","2":"type-post","3":"status-publish","4":"format-standard","5":"has-post-thumbnail","7":"category-allemagne","8":"tag-actualites","9":"tag-allemagne","10":"tag-bundesrepublik-deutschland","11":"tag-de","12":"tag-deutschland","13":"tag-eu","14":"tag-europe","15":"tag-germany","16":"tag-international","17":"tag-news","18":"tag-republique-federale-dallemagne"},"share_on_mastodon":{"url":"https:\/\/pubeurope.com\/@fr\/114769322696436752","error":""},"_links":{"self":[{"href":"https:\/\/www.europesays.com\/fr\/wp-json\/wp\/v2\/posts\/214414","targetHints":{"allow":["GET"]}}],"collection":[{"href":"https:\/\/www.europesays.com\/fr\/wp-json\/wp\/v2\/posts"}],"about":[{"href":"https:\/\/www.europesays.com\/fr\/wp-json\/wp\/v2\/types\/post"}],"author":[{"embeddable":true,"href":"https:\/\/www.europesays.com\/fr\/wp-json\/wp\/v2\/users\/2"}],"replies":[{"embeddable":true,"href":"https:\/\/www.europesays.com\/fr\/wp-json\/wp\/v2\/comments?post=214414"}],"version-history":[{"count":0,"href":"https:\/\/www.europesays.com\/fr\/wp-json\/wp\/v2\/posts\/214414\/revisions"}],"wp:featuredmedia":[{"embeddable":true,"href":"https:\/\/www.europesays.com\/fr\/wp-json\/wp\/v2\/media\/214415"}],"wp:attachment":[{"href":"https:\/\/www.europesays.com\/fr\/wp-json\/wp\/v2\/media?parent=214414"}],"wp:term":[{"taxonomy":"category","embeddable":true,"href":"https:\/\/www.europesays.com\/fr\/wp-json\/wp\/v2\/categories?post=214414"},{"taxonomy":"post_tag","embeddable":true,"href":"https:\/\/www.europesays.com\/fr\/wp-json\/wp\/v2\/tags?post=214414"}],"curies":[{"name":"wp","href":"https:\/\/api.w.org\/{rel}","templated":true}]}}