{"id":214424,"date":"2025-06-29T23:52:13","date_gmt":"2025-06-29T23:52:13","guid":{"rendered":"https:\/\/www.europesays.com\/fr\/214424\/"},"modified":"2025-06-29T23:52:13","modified_gmt":"2025-06-29T23:52:13","slug":"edition-record-pour-le-tournoi-de-golf-de-la-ville-de-thetford","status":"publish","type":"post","link":"https:\/\/www.europesays.com\/fr\/214424\/","title":{"rendered":"\u00c9dition record pour le tournoi de golf de la Ville de Thetford"},"content":{"rendered":"<p>Le tournoi de golf de bienfaisance de la Ville de Thetford, qui a eu lieu le 20 juin, a atteint un nouveau sommet. Alors que l\u2019\u00e9dition 2024 avait permis de r\u00e9colter 45 500\u202f$, les derniers r\u00e9sultats confirment qu\u2019un montant de 57 500\u202f$ sera remis aux organismes b\u00e9n\u00e9ficiaires cette ann\u00e9e.<\/p>\n<p>Ce record s\u2019explique notamment par le nombre d\u2019acheteurs de billets de loterie, qui a doubl\u00e9 en 2025, ainsi que par la g\u00e9n\u00e9rosit\u00e9 des nombreux partenaires qui soutiennent le tournoi de fa\u00e7on importante. Soulignons la participation des golfeurs, qui ont r\u00e9pondu pr\u00e9sents malgr\u00e9 la pluie et d\u00e9montr\u00e9 leur r\u00e9el attachement \u00e0 la cause.<\/p>\n<p>\u201cChaque ann\u00e9e, c\u2019est un immense plaisir de collaborer avec les entreprises du milieu et de constater leur implication et leur g\u00e9n\u00e9rosit\u00e9. Gr\u00e2ce \u00e0 tous les partenaires, nous pouvons non seulement offrir un parcours unique et festif, mais aussi permettre aux citoyens de gagner des prix vraiment int\u00e9ressants par le biais de la loterie. Je tiens \u00e0 remercier tous ceux qui sont sensibles au bien-\u00eatre de notre population et qui s\u2019impliquent de pr\u00e8s ou de loin dans la r\u00e9ussite de notre tournoi\u201d, a affirm\u00e9 le maire Marc-Alexandre Brousseau.<\/p>\n<p>Une formule appr\u00e9ci\u00e9e de tous<\/p>\n<p>Depuis quelques ann\u00e9es, les organisateurs ont chang\u00e9 la formule du tournoi afin d\u2019am\u00e9liorer l\u2019exp\u00e9rience des golfeurs. Ainsi, sur chaque d\u00e9part, un partenaire est pr\u00e9sent pour animer l\u2019espace, offrir une bouch\u00e9e ou servir un breuvage. De plus, pour l\u2019\u00e9dition 2025, un parcours de 14 trous a \u00e9t\u00e9 propos\u00e9 en vue de r\u00e9duire le temps de jeu qui, souvent, lors des tournois, est beaucoup plus long que la normale.<\/p>\n<p>\u201cEncore une fois, nous sommes vraiment fiers de l\u2019\u00e9v\u00e9nement que nous avons livr\u00e9. Malgr\u00e9 les conditions m\u00e9t\u00e9orologiques, les gens \u00e9taient heureux de participer et les partenaires \u00e9taient tous pr\u00e9sents. Il y a beaucoup de travail \u00e0 faire pour organiser ce type d\u2019activit\u00e9, mais quand les r\u00e9sultats sont aussi impressionnants, c\u2019est une belle r\u00e9compense. Je tiens \u00e0 remercier tous les b\u00e9n\u00e9voles pour leur implication\u201d, a comment\u00e9 le coordonnateur aux \u00e9v\u00e9nements Olivier Vachon-Bellavance.<\/p>\n<p>Tous les profits seront distribu\u00e9s aux organismes b\u00e9n\u00e9ficiaires, soit la Banque alimentaire La Vigne, la Fondation Maison Les Couleurs du Vent, le Centre Femmes La Rose des Vents et le Comit\u00e9 sant\u00e9 mentale form\u00e9 de L\u2019Intervalle, La Crois\u00e9e, Le Havre et Expression.<\/p>\n","protected":false},"excerpt":{"rendered":"Le tournoi de golf de bienfaisance de la Ville de Thetford, qui a eu lieu le 20 juin,&hellip;\n","protected":false},"author":2,"featured_media":214425,"comment_status":"","ping_status":"","sticky":false,"template":"","format":"standard","meta":{"footnotes":""},"categories":[1418],"tags":[1011,27,1472,60],"class_list":{"0":"post-214424","1":"post","2":"type-post","3":"status-publish","4":"format-standard","5":"has-post-thumbnail","7":"category-golf","8":"tag-fr","9":"tag-france","10":"tag-golf","11":"tag-sports"},"share_on_mastodon":{"url":"https:\/\/pubeurope.com\/@fr\/114769346086518526","error":""},"_links":{"self":[{"href":"https:\/\/www.europesays.com\/fr\/wp-json\/wp\/v2\/posts\/214424","targetHints":{"allow":["GET"]}}],"collection":[{"href":"https:\/\/www.europesays.com\/fr\/wp-json\/wp\/v2\/posts"}],"about":[{"href":"https:\/\/www.europesays.com\/fr\/wp-json\/wp\/v2\/types\/post"}],"author":[{"embeddable":true,"href":"https:\/\/www.europesays.com\/fr\/wp-json\/wp\/v2\/users\/2"}],"replies":[{"embeddable":true,"href":"https:\/\/www.europesays.com\/fr\/wp-json\/wp\/v2\/comments?post=214424"}],"version-history":[{"count":0,"href":"https:\/\/www.europesays.com\/fr\/wp-json\/wp\/v2\/posts\/214424\/revisions"}],"wp:featuredmedia":[{"embeddable":true,"href":"https:\/\/www.europesays.com\/fr\/wp-json\/wp\/v2\/media\/214425"}],"wp:attachment":[{"href":"https:\/\/www.europesays.com\/fr\/wp-json\/wp\/v2\/media?parent=214424"}],"wp:term":[{"taxonomy":"category","embeddable":true,"href":"https:\/\/www.europesays.com\/fr\/wp-json\/wp\/v2\/categories?post=214424"},{"taxonomy":"post_tag","embeddable":true,"href":"https:\/\/www.europesays.com\/fr\/wp-json\/wp\/v2\/tags?post=214424"}],"curies":[{"name":"wp","href":"https:\/\/api.w.org\/{rel}","templated":true}]}}