{"id":214426,"date":"2025-06-29T23:54:09","date_gmt":"2025-06-29T23:54:09","guid":{"rendered":"https:\/\/www.europesays.com\/fr\/214426\/"},"modified":"2025-06-29T23:54:09","modified_gmt":"2025-06-29T23:54:09","slug":"les-bleuets-surclassent-lespagne-pour-leur-entree-en-lice","status":"publish","type":"post","link":"https:\/\/www.europesays.com\/fr\/214426\/","title":{"rendered":"les Bleuets surclassent l\u2019Espagne pour leur entr\u00e9e en lice"},"content":{"rendered":"<p>Avec sept essais marqu\u00e9s, l\u2019\u00e9quipe de France U20 a r\u00e9ussi ses d\u00e9buts au Mondial, empochant le bonus offensif.<\/p>\n<p class=\"fig-paragraph\">Mission accomplie. En reconqu\u00eate du titre mondial perdu l\u2019an pass\u00e9 apr\u00e8s trois succ\u00e8s cons\u00e9cutifs, les Bleuets (moins de 20 ans) ont entam\u00e9 leur Mondial de rugby dimanche \u00e0 V\u00e9rone\u00a0<a href=\"https:\/\/www.lefigaro.fr\/sports\/rugby\/xv-de-france\/en-direct-france-u20-espagne-les-bleuets-repartent-a-la-conquete-du-mondial-20250629\" target=\"_blank\" data-fig-type=\"Live\" rel=\"noopener\" data-gtm-custom-categorie=\"navigation\" data-gtm-custom-action=\"crossclick\" data-gtm-custom-label=\"Contextuel\" data-gtm-event=\"customEventSPE\" data-fig-domain=\"LEFIGARO\">en dominant 49 \u00e0 11 l\u2019Espagne<\/a>, avec sept essais et le bonus offensif en poche.<\/p>\n<p class=\"fig-paragraph\">Sous le soleil de plomb de V\u00e9rone, les Fran\u00e7ais ont un temps pein\u00e9 face \u00e0 des Espagnols agressifs dans le jeu au sol, et r\u00e9compens\u00e9s par le pied de Gonzalo Otamendi au but.<\/p>\n<p class=\"fig-paragraph\">Mais les joueurs de C\u00e9dric Laborde ont r\u00e9ussi \u00e0 faire parler leur puissance, avec trois essais en premi\u00e8re p\u00e9riode, tous marqu\u00e9s par des avants: le num\u00e9ro 8 Mathis Baret (7e), le troisi\u00e8me ligne Baptiste Britz (16e) et le deuxi\u00e8me ligne Bartholom\u00e9 Sanson (36e).<\/p>\n<p class=\"fig-paragraph\">En t\u00eate 21-6 \u00e0 la pause, les Bleuets se sont empar\u00e9s du bonus offensif en deuxi\u00e8me p\u00e9riode avec notamment un doubl\u00e9 de Baret (49e) et un essai du talonneur Lyam Akrab (56e), meilleur joueur du Tournoi des six nations 2025, remport\u00e9 par les Fran\u00e7ais. Les Fran\u00e7ais affronteront vendredi (15h30) le pays de Galles pour leur deuxi\u00e8me match de poule.<\/p>\n","protected":false},"excerpt":{"rendered":"Avec sept essais marqu\u00e9s, l\u2019\u00e9quipe de France U20 a r\u00e9ussi ses d\u00e9buts au Mondial, empochant le bonus offensif.&hellip;\n","protected":false},"author":2,"featured_media":214427,"comment_status":"","ping_status":"","sticky":false,"template":"","format":"standard","meta":{"footnotes":""},"categories":[1416],"tags":[2306,47,525,3984,451,64,1011,27,1922,9414,1980,479,1468,2259,2307,60,513],"class_list":{"0":"post-214426","1":"post","2":"type-post","3":"status-publish","4":"format-standard","5":"has-post-thumbnail","7":"category-rugby","8":"tag-6-nations","9":"tag-actualite","10":"tag-calendrier","11":"tag-composition","12":"tag-coupe-du-monde","13":"tag-equipe-de-france","14":"tag-fr","15":"tag-france","16":"tag-info","17":"tag-marcoussis","18":"tag-resultats","19":"tag-rugby","20":"tag-rugby-football","21":"tag-score","22":"tag-six-nations","23":"tag-sports","24":"tag-xv-de-france"},"share_on_mastodon":{"url":"https:\/\/pubeurope.com\/@fr\/114769354078135756","error":""},"_links":{"self":[{"href":"https:\/\/www.europesays.com\/fr\/wp-json\/wp\/v2\/posts\/214426","targetHints":{"allow":["GET"]}}],"collection":[{"href":"https:\/\/www.europesays.com\/fr\/wp-json\/wp\/v2\/posts"}],"about":[{"href":"https:\/\/www.europesays.com\/fr\/wp-json\/wp\/v2\/types\/post"}],"author":[{"embeddable":true,"href":"https:\/\/www.europesays.com\/fr\/wp-json\/wp\/v2\/users\/2"}],"replies":[{"embeddable":true,"href":"https:\/\/www.europesays.com\/fr\/wp-json\/wp\/v2\/comments?post=214426"}],"version-history":[{"count":0,"href":"https:\/\/www.europesays.com\/fr\/wp-json\/wp\/v2\/posts\/214426\/revisions"}],"wp:featuredmedia":[{"embeddable":true,"href":"https:\/\/www.europesays.com\/fr\/wp-json\/wp\/v2\/media\/214427"}],"wp:attachment":[{"href":"https:\/\/www.europesays.com\/fr\/wp-json\/wp\/v2\/media?parent=214426"}],"wp:term":[{"taxonomy":"category","embeddable":true,"href":"https:\/\/www.europesays.com\/fr\/wp-json\/wp\/v2\/categories?post=214426"},{"taxonomy":"post_tag","embeddable":true,"href":"https:\/\/www.europesays.com\/fr\/wp-json\/wp\/v2\/tags?post=214426"}],"curies":[{"name":"wp","href":"https:\/\/api.w.org\/{rel}","templated":true}]}}