{"id":21443,"date":"2025-04-13T05:24:13","date_gmt":"2025-04-13T05:24:13","guid":{"rendered":"https:\/\/www.europesays.com\/fr\/21443\/"},"modified":"2025-04-13T05:24:13","modified_gmt":"2025-04-13T05:24:13","slug":"jura-comment-ce-photographe-est-devenu-accro-a-la-faune-sauvage","status":"publish","type":"post","link":"https:\/\/www.europesays.com\/fr\/21443\/","title":{"rendered":"Jura. Comment ce photographe est devenu \u00ab accro \u00bb \u00e0 la faune sauvage"},"content":{"rendered":"<p>\u00ab\u00a0J\u2019ai plong\u00e9 dedans et je suis devenu compl\u00e8tement accro\u00a0!\u00a0\u00bb, lance Steve Amizet, qui suit en catimini les animaux sauvages du haut Jura pour les photographier.\u00a0\u00c2g\u00e9 de 31 ans, le Rousseland a attrap\u00e9 le virus de la photo en 2021 et esp\u00e8re que son premier livre pourra prochainement rejoindre les rayons des librairies.<\/p>\n<p>Une r\u00e9v\u00e9lation \u00e0 l\u2019autre bout de la plan\u00e8te<\/p>\n<p>Malgr\u00e9 son jeune \u00e2ge, celui qui se d\u00e9crit comme un \u00ab\u00a0touche \u00e0 tout\u00a0\u00bb semble \ufeffavoir d\u00e9j\u00e0\u00a0v\u00e9cu plusieurs vies, dans la restauration ou dans le sport, ayant notamment pratiqu\u00e9 le ski de fond \u00e0 haut niveau.\u00a0C\u2019est lors d\u2019\u00e9tudes en \u00e9cole de commerce et d\u2019un stage de deux ans en Malaisie, \u00ab\u00a0sur une \u00eele paum\u00e9e de 2 km2 \u00a0\u00bb, qu\u2019il saisit un&#8230;<\/p>\n","protected":false},"excerpt":{"rendered":"\u00ab\u00a0J\u2019ai plong\u00e9 dedans et je suis devenu compl\u00e8tement accro\u00a0!\u00a0\u00bb, lance Steve Amizet, qui suit en catimini les animaux&hellip;\n","protected":false},"author":2,"featured_media":21444,"comment_status":"","ping_status":"","sticky":false,"template":"","format":"standard","meta":{"footnotes":""},"categories":[1358],"tags":[1867,1348,1384,1385,7782,1687,1386,58,2274,59,436,107,1011,27,1826,8022,8023,5140,4604,8021,104],"class_list":{"0":"post-21443","1":"post","2":"type-post","3":"status-publish","4":"format-standard","5":"has-post-thumbnail","7":"category-arts-et-design","8":"tag-animaux","9":"tag-arts","10":"tag-arts-and-design","11":"tag-arts-et-design","12":"tag-balades-et-randonnees","13":"tag-culture-loisirs","14":"tag-design","15":"tag-divertissement","16":"tag-edition-jura-sud","17":"tag-entertainment","18":"tag-environnement","19":"tag-fil-info","20":"tag-fr","21":"tag-france","22":"tag-jura","23":"tag-les-rousses","24":"tag-morez-bassin","25":"tag-rechauffement-climatique","26":"tag-selection-abonne","27":"tag-selection-de-la-redaction-39","28":"tag-societe"},"share_on_mastodon":{"url":"https:\/\/pubeurope.com\/@fr\/114328991366083267","error":""},"_links":{"self":[{"href":"https:\/\/www.europesays.com\/fr\/wp-json\/wp\/v2\/posts\/21443","targetHints":{"allow":["GET"]}}],"collection":[{"href":"https:\/\/www.europesays.com\/fr\/wp-json\/wp\/v2\/posts"}],"about":[{"href":"https:\/\/www.europesays.com\/fr\/wp-json\/wp\/v2\/types\/post"}],"author":[{"embeddable":true,"href":"https:\/\/www.europesays.com\/fr\/wp-json\/wp\/v2\/users\/2"}],"replies":[{"embeddable":true,"href":"https:\/\/www.europesays.com\/fr\/wp-json\/wp\/v2\/comments?post=21443"}],"version-history":[{"count":0,"href":"https:\/\/www.europesays.com\/fr\/wp-json\/wp\/v2\/posts\/21443\/revisions"}],"wp:featuredmedia":[{"embeddable":true,"href":"https:\/\/www.europesays.com\/fr\/wp-json\/wp\/v2\/media\/21444"}],"wp:attachment":[{"href":"https:\/\/www.europesays.com\/fr\/wp-json\/wp\/v2\/media?parent=21443"}],"wp:term":[{"taxonomy":"category","embeddable":true,"href":"https:\/\/www.europesays.com\/fr\/wp-json\/wp\/v2\/categories?post=21443"},{"taxonomy":"post_tag","embeddable":true,"href":"https:\/\/www.europesays.com\/fr\/wp-json\/wp\/v2\/tags?post=21443"}],"curies":[{"name":"wp","href":"https:\/\/api.w.org\/{rel}","templated":true}]}}