{"id":214438,"date":"2025-06-30T00:01:10","date_gmt":"2025-06-30T00:01:10","guid":{"rendered":"https:\/\/www.europesays.com\/fr\/214438\/"},"modified":"2025-06-30T00:01:10","modified_gmt":"2025-06-30T00:01:10","slug":"la-story-match-quand-anna-wintour-a-recu-un-raton-laveur-mort-dans-son-assiette-au-restaurant","status":"publish","type":"post","link":"https:\/\/www.europesays.com\/fr\/214438\/","title":{"rendered":"La Story Match: quand Anna Wintour a re\u00e7u un raton laveur mort dans son assiette au restaurant"},"content":{"rendered":"<p class=\"ap-StoryElement ap-StoryElement--mb ap-StoryText\">Figure embl\u00e9matique de la mode, Anna Wintour a quitt\u00e9 son poste de r\u00e9dactrice en cheffe de la version am\u00e9ricaine de Vogue. Apr\u00e8s 37 ans de r\u00e8gne et \u00e0 l&rsquo;\u00e2ge de 75 ans, celle qui a inspir\u00e9 le personnage de Miranda Priestly, interpr\u00e9t\u00e9 par Meryl Streep dans le film \u00ab\u00a0Le diable s&rsquo;habille en Prada\u00a0\u00bb, a fait son entr\u00e9e en 1988 \u00e0 la direction de Vogue USA et a fait du magazine de mode l&rsquo;un des plus suivis et plus influents.<\/p>\n<p class=\"ap-StoryElement ap-StoryElement--mb ap-StoryText\">Avec son carr\u00e9 parfait et ses \u00e9ternelles lunettes de soleil noires cachant son regard aiguis\u00e9, Anna Wintour s&rsquo;est tr\u00e8s vite fait une r\u00e9putation de cheffe froide, intransigeante et aux remarques parfois humiliantes. Ce qui lui a notamment valu le surnom de Nuclear Wintour. Crainte autant qu&rsquo;admir\u00e9e, elle est un personnage qui a toujours divis\u00e9. <a href=\"https:\/\/www.parismatch.be\/culture\/medias\/2025\/06\/27\/seisme-dans-le-monde-de-la-mode-anna-wintour-quitte-ses-fonctions-de-redactrice-en-chef-de-vogue-usa-B6EQC4Z5RRCAXAEG234NHOWSME\/\" target=\"_self\" rel=\"noopener\">Anna Wintour<\/a> a \u00e9t\u00e9 plusieurs fois critiqu\u00e9e, notamment pour le manque diversit\u00e9 au sein de son magazine et de ses \u00e9quipes.<\/p>\n<p>Pour acc\u00e9der \u00e0 cet article, veuillez vous connecter au r\u00e9seau internet.<\/p>\n","protected":false},"excerpt":{"rendered":"Figure embl\u00e9matique de la mode, Anna Wintour a quitt\u00e9 son poste de r\u00e9dactrice en cheffe de la version&hellip;\n","protected":false},"author":2,"featured_media":214439,"comment_status":"","ping_status":"","sticky":false,"template":"","format":"standard","meta":{"footnotes":""},"categories":[1359],"tags":[34602,58,59,1011,27,985,973,35386,1340],"class_list":{"0":"post-214438","1":"post","2":"type-post","3":"status-publish","4":"format-standard","5":"has-post-thumbnail","7":"category-people","8":"tag-anna-wintour","9":"tag-divertissement","10":"tag-entertainment","11":"tag-fr","12":"tag-france","13":"tag-mode","14":"tag-people","15":"tag-raton-laveur","16":"tag-restaurant"},"share_on_mastodon":{"url":"https:\/\/pubeurope.com\/@fr\/114769381470943390","error":""},"_links":{"self":[{"href":"https:\/\/www.europesays.com\/fr\/wp-json\/wp\/v2\/posts\/214438","targetHints":{"allow":["GET"]}}],"collection":[{"href":"https:\/\/www.europesays.com\/fr\/wp-json\/wp\/v2\/posts"}],"about":[{"href":"https:\/\/www.europesays.com\/fr\/wp-json\/wp\/v2\/types\/post"}],"author":[{"embeddable":true,"href":"https:\/\/www.europesays.com\/fr\/wp-json\/wp\/v2\/users\/2"}],"replies":[{"embeddable":true,"href":"https:\/\/www.europesays.com\/fr\/wp-json\/wp\/v2\/comments?post=214438"}],"version-history":[{"count":0,"href":"https:\/\/www.europesays.com\/fr\/wp-json\/wp\/v2\/posts\/214438\/revisions"}],"wp:featuredmedia":[{"embeddable":true,"href":"https:\/\/www.europesays.com\/fr\/wp-json\/wp\/v2\/media\/214439"}],"wp:attachment":[{"href":"https:\/\/www.europesays.com\/fr\/wp-json\/wp\/v2\/media?parent=214438"}],"wp:term":[{"taxonomy":"category","embeddable":true,"href":"https:\/\/www.europesays.com\/fr\/wp-json\/wp\/v2\/categories?post=214438"},{"taxonomy":"post_tag","embeddable":true,"href":"https:\/\/www.europesays.com\/fr\/wp-json\/wp\/v2\/tags?post=214438"}],"curies":[{"name":"wp","href":"https:\/\/api.w.org\/{rel}","templated":true}]}}